{"id":25165,"date":"2022-04-05T04:40:25","date_gmt":"2022-04-05T09:40:25","guid":{"rendered":"http:\/\/losperiodistas.com.mx\/portal\/?p=25165"},"modified":"2022-04-05T05:42:02","modified_gmt":"2022-04-05T10:42:02","slug":"reclama-eu-10-mil-mdd-por-reforma-de-amlo-mural","status":"publish","type":"post","link":"https:\/\/losperiodistas.com.mx\/portal\/reclama-eu-10-mil-mdd-por-reforma-de-amlo-mural\/","title":{"rendered":"Reclama EU 10 mil mdd por reforma de AMLO\u00a0| Mural"},"content":{"rendered":"\n<figure class=\"wp-block-image size-full\"><img fetchpriority=\"high\" decoding=\"async\" width=\"660\" height=\"440\" src=\"https:\/\/losperiodistas.com.mx\/portal\/wp-content\/uploads\/2022\/04\/9999718.jpeg\" alt=\"\" class=\"wp-image-25166\" srcset=\"https:\/\/losperiodistas.com.mx\/portal\/wp-content\/uploads\/2022\/04\/9999718.jpeg 660w, https:\/\/losperiodistas.com.mx\/portal\/wp-content\/uploads\/2022\/04\/9999718-300x200.jpeg 300w\" sizes=\"(max-width: 660px) 100vw, 660px\" \/><figcaption>Katherine Tai, representante comercial de EU, en una audiencia en el Senado. Foto: AFP<\/figcaption><\/figure>\n\n\n\n<p class=\"has-vivid-cyan-blue-color has-text-color has-medium-font-size\">JOS\u00c9 D\u00cdAZ BRISE\u00d1O \/ Corresponsal \/ MURAL<\/p>\n\n\n\n<p><strong>Guadalajara, M\u00e9xico(05 abril 2022).-&nbsp;<\/strong>La reforma el\u00e9ctrica del Presidente Andr\u00e9s Manuel L\u00f3pez Obrador pone en riesgo 10 mil millones de d\u00f3lares en inversiones estadounidenses, reclam\u00f3 el Gobierno de Washington.<\/p>\n\n\n\n<p>Seg\u00fan una carta enviada por la Representante Comercial de EU, Katherine Tai, a la Secretaria de Econom\u00eda, Tatiana Clouthier, a la que Grupo REFORMA tuvo acceso, los proyectos energ\u00e9ticos estadounidenses en M\u00e9xico enfrentan el mayor riesgo sobre todo ante la nueva Ley de la Industria El\u00e9ctrica (LIE) que discute la Suprema Corte de Justicia.<\/p>\n\n\n\n<p>La cifra de 10 mil millones de d\u00f3lares citada por Tai s\u00f3lo considera a empresas con capital estadounidense.<\/p>\n\n\n\n<p>El costo potencial de arbitrajes internacionales e indemnizaciones se podr\u00eda incrementar si se contemplan las afectaciones a compa\u00f1\u00edas mexicanas o europeas.<\/p>\n\n\n\n<p>\u00abDesafortunadamente, aunque hemos tratado de ser constructivos con el Gobierno de M\u00e9xico al abordar estas preocupaciones, no ha habido cambios en la pol\u00edtica (energ\u00e9tica) de M\u00e9xico\u00bb, dice Tai en la carta dirigida a Clouthier, su contraparte mexicana, y enviada el jueves pasado.<\/p>\n\n\n\n<p>\u00abLas empresas estadounidenses contin\u00faan enfrentando un trato arbitrario y m\u00e1s de 10 mil millones de d\u00f3lares en inversiones estadounidenses en M\u00e9xico, la mayor\u00eda en instalaciones de energ\u00eda renovable, se encuentran en riesgo ahora m\u00e1s que nunca\u00bb, se\u00f1ala Tai en su carta.<\/p>\n\n\n\n<h2 class=\"wp-block-heading\">Notas Relacionadas<\/h2>\n\n\n\n<figure class=\"wp-block-image\"><img decoding=\"async\" src=\"https:\/\/img.gruporeforma.com\/imagenes\/elementorelacionado\/11\/7\/10006449.jpg\" alt=\"\"\/><\/figure>\n\n\n\n<p><a href=\"https:\/\/www.mural.com.mx\/piden-declarar-inconstitucional-la-reforma-a-ley-electrica\/ar2379371?v=2\">Piden declarar inconstitucional la reforma a Ley El\u00e9ctrica<\/a><\/p>\n\n\n\n<figure class=\"wp-block-image\"><img decoding=\"async\" src=\"https:\/\/img.gruporeforma.com\/imagenes\/elementorelacionado\/11\/6\/10005531.jpg\" alt=\"\"\/><\/figure>\n\n\n\n<p><a href=\"https:\/\/www.mural.com.mx\/da-comision-visto-bueno-a-reforma-electrica-de-amlo\/ar2379332\">Da Comisi\u00f3n visto bueno a reforma el\u00e9ctrica de AMLO<\/a><\/p>\n\n\n\n<figure class=\"wp-block-image\"><img decoding=\"async\" src=\"https:\/\/img.gruporeforma.com\/imagenes\/elementorelacionado\/11\/5\/10004905.jpg\" alt=\"\"\/><\/figure>\n\n\n\n<p><a href=\"https:\/\/www.mural.com.mx\/generara-cfe-mas-energia-sucia-si-se-avala-reforma-electrica\/ar2379172\">Generar\u00e1 CFE m\u00e1s energ\u00eda sucia si se avala reforma el\u00e9ctrica<\/a><\/p>\n\n\n\n<figure class=\"wp-block-image\"><img decoding=\"async\" src=\"https:\/\/img.gruporeforma.com\/imagenes\/elementorelacionado\/9\/108\/8107943.jpg\" alt=\"\"\/><\/figure>\n\n\n\n<p><a href=\"https:\/\/www.mural.com.mx\/asigna-cfe-modernizacion-de-hidroelectricas-sin-competencia\/ar2300321?v=3\">Asigna CFE modernizaci\u00f3n de hidroel\u00e9ctricas sin competencia<\/a><\/p>\n\n\n\n<figure class=\"wp-block-image\"><img decoding=\"async\" src=\"https:\/\/img.gruporeforma.com\/imagenes\/elementorelacionado\/11\/2\/10001111.jpg\" alt=\"\"\/><\/figure>\n\n\n\n<p><a href=\"https:\/\/www.mural.com.mx\/formara-eu-equipo-especial-por-reforma-electrica\/ar2377570?v=4\">Formar\u00e1 EU equipo especial por reforma el\u00e9ctrica<\/a><\/p>\n\n\n\n<figure class=\"wp-block-image\"><img decoding=\"async\" src=\"https:\/\/img.gruporeforma.com\/imagenes\/elementorelacionado\/10\/992\/9991687.jpg\" alt=\"\"\/><\/figure>\n\n\n\n<p><a href=\"https:\/\/www.mural.com.mx\/abordan-ebrard-y-kerry-energias-renovables-en-qatar\/ar2374408?v=3\">Abordan Ebrard y Kerry energ\u00edas renovables en Qatar<\/a><br>Como contexto, el valor de las inversiones estadounidenses en riesgo representa m\u00e1s de 3 veces el valor de las exportaciones mexicanas de aguacate a EU (2 mil 800 millones de d\u00f3lares) durante 2021.<\/p>\n\n\n\n<p>\u00abConsiderar\u00e9 todas las opciones disponibles bajo el T-MEC para atender estas preocupaciones. Por lo tanto, insto a su Gobierno a que suspenda estas acciones preocupantes y asegure que los derechos de los inversionistas y exportadores de EU est\u00e9n protegidos\u00bb, pide Tai a Clouthier.<\/p>\n\n\n\n<p>\u00abDesde hace mucho tiempo, el Gobierno de EU plante\u00f3 serias preocupaciones acerca de una serie de cambios administrativos, regulatorios y legislativos en las pol\u00edticas energ\u00e9ticas de M\u00e9xico que violan estas obligaciones fundamentales, incluyendo los cambios a la Ley de la Industria El\u00e9ctrica en el 2021\u00bb, a\u00f1ade.<\/p>\n\n\n\n<p>Apenas la semana pasada, el Presidente Andr\u00e9s Manuel L\u00f3pez Obrador rechaz\u00f3 hacer cualquier modificaci\u00f3n en la pol\u00edtica energ\u00e9tica de su Gobierno, incluido en el sector el\u00e9ctrico, luego de una reuni\u00f3n de m\u00e1s de 5 horas con el Enviado Especial para el Cambio Clim\u00e1tico de la Administraci\u00f3n de Biden, John Kerry.<\/p>\n\n\n\n<p>Fuente: https:\/\/www.mural.com.mx\/reclama-eu-10-mil-mdd-por-reforma-de-amlo\/ar2379723?referer=&#8211;7d616165662f3a3a6262623b727a7a7279703b767a783a&#8211;<\/p>\n","protected":false},"excerpt":{"rendered":"<p>JOS\u00c9 D\u00cdAZ BRISE\u00d1O \/ Corresponsal \/ MURAL Guadalajara, M\u00e9xico(05 abril 2022).-&nbsp;La reforma el\u00e9ctrica del Presidente Andr\u00e9s Manuel L\u00f3pez Obrador pone [&hellip;]<\/p>\n","protected":false},"author":1,"featured_media":25166,"comment_status":"open","ping_status":"open","sticky":false,"template":"","format":"standard","meta":{"site-sidebar-layout":"default","site-content-layout":"","ast-site-content-layout":"default","site-content-style":"default","site-sidebar-style":"default","ast-global-header-display":"","ast-banner-title-visibility":"","ast-main-header-display":"","ast-hfb-above-header-display":"","ast-hfb-below-header-display":"","ast-hfb-mobile-header-display":"","site-post-title":"","ast-breadcrumbs-content":"","ast-featured-img":"","footer-sml-layout":"","theme-transparent-header-meta":"","adv-header-id-meta":"","stick-header-meta":"","header-above-stick-meta":"","header-main-stick-meta":"","header-below-stick-meta":"","astra-migrate-meta-layouts":"default","ast-page-background-enabled":"default","ast-page-background-meta":{"desktop":{"background-color":"var(--ast-global-color-4)","background-image":"","background-repeat":"repeat","background-position":"center center","background-size":"auto","background-attachment":"scroll","background-type":"","background-media":"","overlay-type":"","overlay-color":"","overlay-opacity":"","overlay-gradient":""},"tablet":{"background-color":"","background-image":"","background-repeat":"repeat","background-position":"center center","background-size":"auto","background-attachment":"scroll","background-type":"","background-media":"","overlay-type":"","overlay-color":"","overlay-opacity":"","overlay-gradient":""},"mobile":{"background-color":"","background-image":"","background-repeat":"repeat","background-position":"center center","background-size":"auto","background-attachment":"scroll","background-type":"","background-media":"","overlay-type":"","overlay-color":"","overlay-opacity":"","overlay-gradient":""}},"ast-content-background-meta":{"desktop":{"background-color":"var(--ast-global-color-5)","background-image":"","background-repeat":"repeat","background-position":"center center","background-size":"auto","background-attachment":"scroll","background-type":"","background-media":"","overlay-type":"","overlay-color":"","overlay-opacity":"","overlay-gradient":""},"tablet":{"background-color":"var(--ast-global-color-5)","background-image":"","background-repeat":"repeat","background-position":"center center","background-size":"auto","background-attachment":"scroll","background-type":"","background-media":"","overlay-type":"","overlay-color":"","overlay-opacity":"","overlay-gradient":""},"mobile":{"background-color":"var(--ast-global-color-5)","background-image":"","background-repeat":"repeat","background-position":"center center","background-size":"auto","background-attachment":"scroll","background-type":"","background-media":"","overlay-type":"","overlay-color":"","overlay-opacity":"","overlay-gradient":""}},"footnotes":""},"categories":[8],"tags":[9354,9355,4485,2799],"class_list":["post-25165","post","type-post","status-publish","format-standard","has-post-thumbnail","hentry","category-noticias","tag-katherine-tai","tag-lie","tag-reforma-electrica","tag-t-mec"],"_links":{"self":[{"href":"https:\/\/losperiodistas.com.mx\/portal\/wp-json\/wp\/v2\/posts\/25165","targetHints":{"allow":["GET"]}}],"collection":[{"href":"https:\/\/losperiodistas.com.mx\/portal\/wp-json\/wp\/v2\/posts"}],"about":[{"href":"https:\/\/losperiodistas.com.mx\/portal\/wp-json\/wp\/v2\/types\/post"}],"author":[{"embeddable":true,"href":"https:\/\/losperiodistas.com.mx\/portal\/wp-json\/wp\/v2\/users\/1"}],"replies":[{"embeddable":true,"href":"https:\/\/losperiodistas.com.mx\/portal\/wp-json\/wp\/v2\/comments?post=25165"}],"version-history":[{"count":1,"href":"https:\/\/losperiodistas.com.mx\/portal\/wp-json\/wp\/v2\/posts\/25165\/revisions"}],"predecessor-version":[{"id":25167,"href":"https:\/\/losperiodistas.com.mx\/portal\/wp-json\/wp\/v2\/posts\/25165\/revisions\/25167"}],"wp:featuredmedia":[{"embeddable":true,"href":"https:\/\/losperiodistas.com.mx\/portal\/wp-json\/wp\/v2\/media\/25166"}],"wp:attachment":[{"href":"https:\/\/losperiodistas.com.mx\/portal\/wp-json\/wp\/v2\/media?parent=25165"}],"wp:term":[{"taxonomy":"category","embeddable":true,"href":"https:\/\/losperiodistas.com.mx\/portal\/wp-json\/wp\/v2\/categories?post=25165"},{"taxonomy":"post_tag","embeddable":true,"href":"https:\/\/losperiodistas.com.mx\/portal\/wp-json\/wp\/v2\/tags?post=25165"}],"curies":[{"name":"wp","href":"https:\/\/api.w.org\/{rel}","templated":true}]}}