{"id":25156,"date":"2022-04-05T05:16:14","date_gmt":"2022-04-05T10:16:14","guid":{"rendered":"http:\/\/losperiodistas.com.mx\/portal\/?p=25156"},"modified":"2022-04-05T05:16:17","modified_gmt":"2022-04-05T10:16:17","slug":"efemerides-5-de-abril-que-sucedio-un-dia-como-hoy-adn-40","status":"publish","type":"post","link":"https:\/\/losperiodistas.com.mx\/portal\/efemerides-5-de-abril-que-sucedio-un-dia-como-hoy-adn-40\/","title":{"rendered":"Efem\u00e9rides 5 de abril, qu\u00e9 sucedi\u00f3 un d\u00eda como hoy | ADN 40"},"content":{"rendered":"\n<p><em>A continuaci\u00f3n te compartimos una recopilaci\u00f3n de efem\u00e9rides sobre lo que ha ocurrido el 5 de abril en M\u00e9xico y el mundo.<\/em><\/p>\n\n\n\n<figure class=\"wp-block-image size-full\"><img fetchpriority=\"high\" decoding=\"async\" width=\"968\" height=\"544\" src=\"https:\/\/losperiodistas.com.mx\/portal\/wp-content\/uploads\/2022\/04\/efem-abril-5.jpeg\" alt=\"\" class=\"wp-image-25157\" srcset=\"https:\/\/losperiodistas.com.mx\/portal\/wp-content\/uploads\/2022\/04\/efem-abril-5.jpeg 968w, https:\/\/losperiodistas.com.mx\/portal\/wp-content\/uploads\/2022\/04\/efem-abril-5-300x169.jpeg 300w, https:\/\/losperiodistas.com.mx\/portal\/wp-content\/uploads\/2022\/04\/efem-abril-5-768x432.jpeg 768w\" sizes=\"(max-width: 968px) 100vw, 968px\" \/><\/figure>\n\n\n\n<p><\/p>\n\n\n\n<p class=\"has-vivid-cyan-blue-color has-text-color has-medium-font-size\">ADN 40<\/p>\n\n\n\n<p>A trav\u00e9s de la l\u00ednea del tiempo, diversos sucesos tienen lugar un&nbsp;<strong>5 de abril<\/strong>, por eso hoy te compartimos algunas&nbsp;<strong>efem\u00e9rides&nbsp;<\/strong>importantes: sucesos hist\u00f3ricos, culturales, deportivos y de entretenimiento.<\/p>\n\n\n\n<p>Por ejemplo, el&nbsp;<strong>5 de abril&nbsp;<\/strong>de 1994 el cantante, guitarrista y compositor de la banda de rock Nirvana, Kurt Cobain se suicid\u00f3. \u00bfQuieres saber m\u00e1s? Inf\u00f3rmate sobre qu\u00e9 otras&nbsp;<strong>efem\u00e9rides&nbsp;<\/strong>se conmemoran este d\u00eda.<\/p>\n\n\n\n<h2 class=\"wp-block-heading\">\u00bfQu\u00e9 se celebra el 5 de abril?<\/h2>\n\n\n\n<p>D\u00eda Internacional de la Conciencia<\/p>\n\n\n\n<p>Chile: D\u00eda del Terapeuta ocupacional<\/p>\n\n\n\n<p>Rep\u00fablica Dominicana: D\u00eda del Periodista<\/p>\n\n\n\n<p><br>Corea del Sur: D\u00eda del \u00e1rbol<\/p>\n\n\n\n<h2 class=\"wp-block-heading\">\u00bfQu\u00e9 pas\u00f3 en M\u00e9xico un 5 de abril?<\/h2>\n\n\n\n<p>1956.- Se inaugura en Ciudad Universitaria la Biblioteca Central de la Universidad Nacional Aut\u00f3noma de M\u00e9xico, dise\u00f1ada y construida por el arquitecto y muralista Juan O\u2019Gorman. Sus muros exteriores, de 10 pisos, contienen algunos de los murales m\u00e1s bellos del pa\u00eds.<\/p>\n\n\n\n<p>Cabe destacar que el\u00a0<strong>5 de abril<\/strong>\u00a0se celebra el D\u00eda Nacional del\u00a0<a href=\"https:\/\/www.adn40.mx\/salud\/cancer-de-pulmon-sintomas-como-mva-especial\" target=\"_blank\" rel=\"noreferrer noopener\">c\u00e1ncer de pulm\u00f3n\u00a0<\/a>.<\/p>\n\n\n\n<figure class=\"wp-block-embed is-type-rich is-provider-twitter wp-block-embed-twitter\"><div class=\"wp-block-embed__wrapper\">\n<blockquote class=\"twitter-tweet\" data-width=\"500\" data-dnt=\"true\"><p lang=\"es\" dir=\"ltr\">Ma\u00f1ana conmemoramos el D\u00eda Nacional del <a href=\"https:\/\/twitter.com\/hashtag\/C%C3%A1ncerDePulm%C3%B3n?src=hash&amp;ref_src=twsrc%5Etfw\">#C\u00e1ncerDePulm\u00f3n<\/a>.<br><br>Aprovechemos para sumar esfuerzos e implementar acciones que permitan disminuir el impacto de esta enfermedad en la poblaci\u00f3n mexicana. <a href=\"https:\/\/t.co\/tFBMfaIAc6\">pic.twitter.com\/tFBMfaIAc6<\/a><\/p>&mdash; Frente Unido por el C\u00e1ncer de Pulm\u00f3n (@FrentePulmonMx) <a href=\"https:\/\/twitter.com\/FrentePulmonMx\/status\/1511140761915600912?ref_src=twsrc%5Etfw\">April 5, 2022<\/a><\/blockquote><script async src=\"https:\/\/platform.twitter.com\/widgets.js\" charset=\"utf-8\"><\/script>\n<\/div><\/figure>\n\n\n\n<h2 class=\"wp-block-heading\">Efem\u00e9rides del 5 de abril<\/h2>\n\n\n\n<p>1925.- Comienza a ponerse en pr\u00e1ctica en Reino Unido la regla futbol\u00edstica del fuera de juego.<\/p>\n\n\n\n<p>1933.- En el marco de la Gran Depresi\u00f3n el presidente Franklin D. Roosevelt declara una emergencia nacional y decreta la Orden Ejecutiva 6102, que proh\u00edbe a los ciudadanos estadounidenses poseer grandes cantidades de oro.<\/p>\n\n\n\n<p><br>1955.- Winston Churchill renuncia como primer ministro de Inglaterra por motivos de salud.<\/p>\n\n\n\n<p>1963.- Entra en funcionamiento el \u201ctel\u00e9fono rojo\u201d que en realidad era de color negro y comunicaba el despacho del presidente estadounidense John Kennedy, en Washington, con el del l\u00edder sovi\u00e9tico Nikita Jrushchov, en Mosc\u00fa. Para la gesti\u00f3n directa de posibles crisis entre ambos pa\u00edses.<\/p>\n\n\n\n<h2 class=\"wp-block-heading\">\u00bfQui\u00e9n naci\u00f3 el 5 de abril?<\/h2>\n\n\n\n<p>1827.- Joseph Lister, cirujano brit\u00e1nico cuyos trabajos de investigaci\u00f3n en materia de antis\u00e9pticos contribuyen a reducir en gran medida el n\u00famero de muertes por infecciones encontradas en el quir\u00f3fano.<\/p>\n\n\n\n<figure class=\"wp-block-embed is-type-rich is-provider-twitter wp-block-embed-twitter\"><div class=\"wp-block-embed__wrapper\">\n<blockquote class=\"twitter-tweet\" data-width=\"500\" data-dnt=\"true\"><p lang=\"es\" dir=\"ltr\"><a href=\"https:\/\/twitter.com\/hashtag\/UnD%C3%ADaComoHoy?src=hash&amp;ref_src=twsrc%5Etfw\">#UnD\u00edaComoHoy<\/a> de 1827 nace Joseph Lister, cirujano brit\u00e1nico que contribuy\u00f3 a reducir el n\u00famero de muertes por infecciones contra\u00eddas en el quir\u00f3fano, gracias a su descubrimiento de los antis\u00e9pticos. <a href=\"https:\/\/t.co\/yguhu6MU76\">pic.twitter.com\/yguhu6MU76<\/a><\/p>&mdash; Conahcyt M\u00e9xico (@Conahcyt_Mex) <a href=\"https:\/\/twitter.com\/Conahcyt_Mex\/status\/981909332794241024?ref_src=twsrc%5Etfw\">April 5, 2018<\/a><\/blockquote><script async src=\"https:\/\/platform.twitter.com\/widgets.js\" charset=\"utf-8\"><\/script>\n<\/div><\/figure>\n\n\n\n<h2 class=\"wp-block-heading\">\u00bfQui\u00e9n muri\u00f3 el 5 de abril?<\/h2>\n\n\n\n<p>1997.- Heberto Castillo, ingeniero y dirigente social, l\u00edder del movimiento estudiantil de 1968 y fundador del Partido Mexicano de los Trabajadores, del Partido Mexicano Socialista y del Partido de la Revoluci\u00f3n Democr\u00e1tica.<\/p>\n\n\n\n<p>2007.- Mar\u00eda Gripe, escritora sueca considerada como una de las mejores autoras de obras infantiles y juveniles que han sido traducidas a m\u00e1s de 30 idiomas.<\/p>\n\n\n\n<p>Este mismo 5 de abril se conmemora el fallecimiento del historiador alem\u00e1n Werner Maser, bi\u00f3grafo de&nbsp;<a href=\"https:\/\/www.adn40.mx\/noticia\/cultura\/notas\/2017-04-03-13-30\/antes-de-ser-dictador-hitler-quiso-ser-artista\" target=\"_blank\" rel=\"noreferrer noopener\">Adolfo Hitler&nbsp;<\/a>, con los libros&nbsp;<em>Hitler, leyenda, mito y realidad<\/em>&nbsp;y&nbsp;<em>La palabra rota. Hitler, Stalin y la II Guerra Mundial<\/em>, traducidos a 20 idiomas. Adem\u00e1s, administrador de los bienes de los herederos del F\u00fchrer.<\/p>\n\n\n\n<p>2017.- Mar\u00eda Luisa Ozaita Marqu\u00e9s, pianista, music\u00f3loga, directora y compositora espa\u00f1ola; pionera de la difusi\u00f3n de m\u00fasica hecha por mujeres, es miembro de La Real Sociedad Bascongada de Amigos del Pa\u00eds y fundadora y presidenta de la Asociaci\u00f3n Espa\u00f1ola de Mujeres en M\u00fasica.<\/p>\n\n\n\n<p>Fuente: https:\/\/www.adn40.mx\/mexico\/efemerides-5-de-abril-dps<\/p>\n\n\n\n<p><\/p>\n","protected":false},"excerpt":{"rendered":"<p>A continuaci\u00f3n te compartimos una recopilaci\u00f3n de efem\u00e9rides sobre lo que ha ocurrido el 5 de abril en M\u00e9xico y [&hellip;]<\/p>\n","protected":false},"author":1,"featured_media":25157,"comment_status":"open","ping_status":"open","sticky":false,"template":"","format":"standard","meta":{"site-sidebar-layout":"default","site-content-layout":"","ast-site-content-layout":"default","site-content-style":"default","site-sidebar-style":"default","ast-global-header-display":"","ast-banner-title-visibility":"","ast-main-header-display":"","ast-hfb-above-header-display":"","ast-hfb-below-header-display":"","ast-hfb-mobile-header-display":"","site-post-title":"","ast-breadcrumbs-content":"","ast-featured-img":"","footer-sml-layout":"","theme-transparent-header-meta":"","adv-header-id-meta":"","stick-header-meta":"","header-above-stick-meta":"","header-main-stick-meta":"","header-below-stick-meta":"","astra-migrate-meta-layouts":"default","ast-page-background-enabled":"default","ast-page-background-meta":{"desktop":{"background-color":"var(--ast-global-color-4)","background-image":"","background-repeat":"repeat","background-position":"center center","background-size":"auto","background-attachment":"scroll","background-type":"","background-media":"","overlay-type":"","overlay-color":"","overlay-opacity":"","overlay-gradient":""},"tablet":{"background-color":"","background-image":"","background-repeat":"repeat","background-position":"center center","background-size":"auto","background-attachment":"scroll","background-type":"","background-media":"","overlay-type":"","overlay-color":"","overlay-opacity":"","overlay-gradient":""},"mobile":{"background-color":"","background-image":"","background-repeat":"repeat","background-position":"center center","background-size":"auto","background-attachment":"scroll","background-type":"","background-media":"","overlay-type":"","overlay-color":"","overlay-opacity":"","overlay-gradient":""}},"ast-content-background-meta":{"desktop":{"background-color":"var(--ast-global-color-5)","background-image":"","background-repeat":"repeat","background-position":"center center","background-size":"auto","background-attachment":"scroll","background-type":"","background-media":"","overlay-type":"","overlay-color":"","overlay-opacity":"","overlay-gradient":""},"tablet":{"background-color":"var(--ast-global-color-5)","background-image":"","background-repeat":"repeat","background-position":"center center","background-size":"auto","background-attachment":"scroll","background-type":"","background-media":"","overlay-type":"","overlay-color":"","overlay-opacity":"","overlay-gradient":""},"mobile":{"background-color":"var(--ast-global-color-5)","background-image":"","background-repeat":"repeat","background-position":"center center","background-size":"auto","background-attachment":"scroll","background-type":"","background-media":"","overlay-type":"","overlay-color":"","overlay-opacity":"","overlay-gradient":""}},"footnotes":""},"categories":[8],"tags":[5742,9344,9345,9347,9346,9349,3914],"class_list":["post-25156","post","type-post","status-publish","format-standard","has-post-thumbnail","hentry","category-noticias","tag-casa-blanca","tag-ciudad-universitaria-unam","tag-heberto-castillo","tag-john-kennedy","tag-kremlin","tag-nikita-jrushchov","tag-telefono-rojo"],"_links":{"self":[{"href":"https:\/\/losperiodistas.com.mx\/portal\/wp-json\/wp\/v2\/posts\/25156","targetHints":{"allow":["GET"]}}],"collection":[{"href":"https:\/\/losperiodistas.com.mx\/portal\/wp-json\/wp\/v2\/posts"}],"about":[{"href":"https:\/\/losperiodistas.com.mx\/portal\/wp-json\/wp\/v2\/types\/post"}],"author":[{"embeddable":true,"href":"https:\/\/losperiodistas.com.mx\/portal\/wp-json\/wp\/v2\/users\/1"}],"replies":[{"embeddable":true,"href":"https:\/\/losperiodistas.com.mx\/portal\/wp-json\/wp\/v2\/comments?post=25156"}],"version-history":[{"count":1,"href":"https:\/\/losperiodistas.com.mx\/portal\/wp-json\/wp\/v2\/posts\/25156\/revisions"}],"predecessor-version":[{"id":25158,"href":"https:\/\/losperiodistas.com.mx\/portal\/wp-json\/wp\/v2\/posts\/25156\/revisions\/25158"}],"wp:featuredmedia":[{"embeddable":true,"href":"https:\/\/losperiodistas.com.mx\/portal\/wp-json\/wp\/v2\/media\/25157"}],"wp:attachment":[{"href":"https:\/\/losperiodistas.com.mx\/portal\/wp-json\/wp\/v2\/media?parent=25156"}],"wp:term":[{"taxonomy":"category","embeddable":true,"href":"https:\/\/losperiodistas.com.mx\/portal\/wp-json\/wp\/v2\/categories?post=25156"},{"taxonomy":"post_tag","embeddable":true,"href":"https:\/\/losperiodistas.com.mx\/portal\/wp-json\/wp\/v2\/tags?post=25156"}],"curies":[{"name":"wp","href":"https:\/\/api.w.org\/{rel}","templated":true}]}}