{"id":25153,"date":"2022-04-05T04:37:04","date_gmt":"2022-04-05T09:37:04","guid":{"rendered":"http:\/\/losperiodistas.com.mx\/portal\/?p=25153"},"modified":"2022-04-05T05:36:10","modified_gmt":"2022-04-05T10:36:10","slug":"en-puebla-solo-habra-38-de-casillas-para-revocacion-11-municipios-no-tendran-angulo-7","status":"publish","type":"post","link":"https:\/\/losperiodistas.com.mx\/portal\/en-puebla-solo-habra-38-de-casillas-para-revocacion-11-municipios-no-tendran-angulo-7\/","title":{"rendered":"En Puebla, s\u00f3lo habr\u00e1 38% de casillas para revocaci\u00f3n; 11 municipios no tendr\u00e1n\u00a0| \u00c1ngulo 7"},"content":{"rendered":"\n<figure class=\"wp-block-image size-full\"><img fetchpriority=\"high\" decoding=\"async\" width=\"620\" height=\"330\" src=\"https:\/\/losperiodistas.com.mx\/portal\/wp-content\/uploads\/2022\/04\/En-Puebla-solo-habra-38-de-casillas-para-revocacion-11-municipios-no-tendran.jpeg\" alt=\"\" class=\"wp-image-25154\" srcset=\"https:\/\/losperiodistas.com.mx\/portal\/wp-content\/uploads\/2022\/04\/En-Puebla-solo-habra-38-de-casillas-para-revocacion-11-municipios-no-tendran.jpeg 620w, https:\/\/losperiodistas.com.mx\/portal\/wp-content\/uploads\/2022\/04\/En-Puebla-solo-habra-38-de-casillas-para-revocacion-11-municipios-no-tendran-300x160.jpeg 300w\" sizes=\"(max-width: 620px) 100vw, 620px\" \/><figcaption><em>Foto: Edgar Guzm\u00e1n\/\u00c1ngulo 7<\/em><\/figcaption><\/figure>\n\n\n\n<p class=\"has-vivid-cyan-blue-color has-text-color has-medium-font-size\">EDGAR GUZM\u00c1N URIBE \/ \u00c1NGULO 7<\/p>\n\n\n\n<p>Para la consulta de&nbsp;<strong>revocaci\u00f3n de mandato del domingo se instalar\u00e1 en Puebla s\u00f3lo 38 por ciento de las casillas<\/strong>, respecto a las que hubo en las elecciones de 2021, adem\u00e1s, no habr\u00e1 en 11 municipios, por lo que las&nbsp;<strong>personas que quieran participar tendr\u00e1n que trasladarse m\u00e1s.<\/strong><\/p>\n\n\n\n<p>El argumento que dio el&nbsp;<strong>Instituto Nacional Electoral<\/strong>&nbsp;(INE) fue que no se le proporcion\u00f3 el presupuesto necesario que hab\u00eda solicitado para realizar dicho ejercicio, pues solo tuvo&nbsp;<strong>mil 600 millones de pesos para todo el pa\u00eds<\/strong>, por lo que en la entidad se destinaron alrededor de 80 millones, es decir, el&nbsp;<strong>5 por ciento del total.<\/strong><\/p>\n\n\n\n<p>Por ello, para el 10 de abril que ser\u00e1 la consulta en la que los ciudadanos opinen sobre si el&nbsp;<strong>presidente Andr\u00e9s Manuel L\u00f3pez Obrador debe seguir en el cargo o no,<\/strong>&nbsp;se&nbsp;<a href=\"https:\/\/www.angulo7.com.mx\/2022\/02\/09\/puebla-tendra-2-mil-956-casillas-para-revocacion-de-mandato\/\" target=\"_blank\" rel=\"noreferrer noopener\">colocar\u00e1n 2 mil 941 casillas<\/a>, a diferencia de las 7 mil 805 que en un principio se hab\u00edan contemplado, lo que es 4 mil 864 menos.&nbsp;<strong>Cada una tendr\u00e1 2 mil boletas.<\/strong><\/p>\n\n\n\n<p>Las urnas estar\u00e1n distribuidas en los 15 distritos electorales federales que son\u00a0<strong>Huauchinango, Zacatl\u00e1n de las Manzanas, Teziutl\u00e1n, Ajalpan, San Mart\u00edn Texmelucan, los cuatro de Puebla capital, Tepeaca, Ciudad Serd\u00e1n, Cholula, Atlixco, Acatl\u00e1n de Osorio y Tehuac\u00e1n<\/strong>\u00a0y, del total, 15 ser\u00e1n especiales. A nivel nacional ser\u00e1n 57 mil 509 en las 300 demarcaciones electorales.<\/p>\n\n\n\n<p>Sin embargo, el INE est\u00e1 poniendo anuncios peque\u00f1os para&nbsp;<strong>informar en donde se ubicar\u00e1n las urnas<\/strong>, por lo que la gente no se percata a simple vista de ello, lo que muestra la poca difusi\u00f3n que se hizo, pues fueron pocos los mensajes que se hizo en&nbsp;<strong>televisi\u00f3n abierta y en radio, pero no en espectaculares de forma masiva, ni en redes.<\/strong><\/p>\n\n\n\n<p>Un ejemplo de que las personas tendr\u00e1n que trasladarse m\u00e1s para votar es en la&nbsp;<strong>casilla de la secci\u00f3n 0933<\/strong>, que el a\u00f1o pasado estuvo en la&nbsp;<strong>Plaza de la Victoria en el Centro Hist\u00f3rico de Puebla<\/strong>, ahora ser\u00e1 colocada en la escuela&nbsp;<strong>primaria oficial \u201cSantos Degollado\u201d<\/strong>, ubicada en la calle 4 Poniente entre 5 y 7 Norte, aunque en \u00e9sta a\u00fan no se ve alg\u00fan anunci\u00f3.1&nbsp;de 2&nbsp;&nbsp;<\/p>\n\n\n\n<figure class=\"wp-block-image\"><a href=\"https:\/\/www.angulo7.com.mx\/wp-content\/uploads\/2022\/04\/santosdegollado2.jpg\"><img decoding=\"async\" src=\"https:\/\/www.angulo7.com.mx\/wp-content\/uploads\/2022\/04\/santosdegollado2-789x420.jpg\" alt=\"\"\/><\/a><\/figure>\n\n\n\n<figure class=\"wp-block-image\"><a href=\"https:\/\/www.angulo7.com.mx\/wp-content\/uploads\/2022\/04\/santosdegollado1.jpg\"><img decoding=\"async\" src=\"https:\/\/www.angulo7.com.mx\/wp-content\/uploads\/2022\/04\/santosdegollado1-789x420.jpg\" alt=\"\"\/><\/a><\/figure>\n\n\n\n<p>As\u00ed como la\u00a0<strong>secci\u00f3n 0970 del exconvento de Santa Rosa en la 14 Poniente entre 3 y 5 Norte,<\/strong>\u00a0que ahora los poblanos tendr\u00e1n que ir a la escuela secundaria\u00a0<strong>Josefa Ortiz de Dom\u00ednguez<\/strong>, en el callej\u00f3n de la 18 Poniente, es decir, deber\u00e1n\u00a0<strong>caminar 2 calles y aunque en \u00e9sta s\u00ed se tiene un anunci\u00f3 sobre ello,<\/strong>\u00a0la dimensi\u00f3n de los mismos es solo en una hoja tama\u00f1o oficio.<\/p>\n\n\n\n<p>Otra es la&nbsp;<strong>1479<\/strong>&nbsp;que el a\u00f1o pasado estuvo ubicada en el&nbsp;<strong>Circuito Juan Pablo II entre 18 y 20 Sur<\/strong>&nbsp;para habitantes de San Manuel y ahora tendr\u00e1n que hacerlo en la avenida 35 Oriente, entre 20 y 22 Sur, en la&nbsp;<strong>colonia El Mirador<\/strong>, en donde igual juntaron las secciones<strong>&nbsp;1455 y 1456.<\/strong>1&nbsp;de 4&nbsp;&nbsp;<\/p>\n\n\n\n<figure class=\"wp-block-image\"><a href=\"https:\/\/www.angulo7.com.mx\/wp-content\/uploads\/2022\/04\/seccion0990_2.jpg\"><img decoding=\"async\" src=\"https:\/\/www.angulo7.com.mx\/wp-content\/uploads\/2022\/04\/seccion0990_2-789x420.jpg\" alt=\"\"\/><\/a><\/figure>\n\n\n\n<figure class=\"wp-block-image\"><a href=\"https:\/\/www.angulo7.com.mx\/wp-content\/uploads\/2022\/04\/seccion0970.jpg\"><img decoding=\"async\" src=\"https:\/\/www.angulo7.com.mx\/wp-content\/uploads\/2022\/04\/seccion0970-789x420.jpg\" alt=\"\"\/><\/a><\/figure>\n\n\n\n<figure class=\"wp-block-image\"><a href=\"https:\/\/www.angulo7.com.mx\/wp-content\/uploads\/2022\/04\/seccion0990.jpg\"><img decoding=\"async\" src=\"https:\/\/www.angulo7.com.mx\/wp-content\/uploads\/2022\/04\/seccion0990-789x420.jpg\" alt=\"\"\/><\/a><\/figure>\n\n\n\n<figure class=\"wp-block-image\"><a href=\"https:\/\/www.angulo7.com.mx\/wp-content\/uploads\/2022\/04\/seccion0933.jpg\"><img decoding=\"async\" src=\"https:\/\/www.angulo7.com.mx\/wp-content\/uploads\/2022\/04\/seccion0933-789x420.jpg\" alt=\"\"\/><\/a><\/figure>\n\n\n\n<h2 class=\"wp-block-heading\">Municipios donde no instalar\u00e1n casillas<\/h2>\n\n\n\n<p>Los 11 municipios donde no se instalar\u00e1n son&nbsp;<strong>Coatepec, Mixtla, Atexcal, Atzala, Cohuecan, Juan N. M\u00e9ndez, Mazapiltepec de Ju\u00e1rez, San Diego de La Mesa, San Juan Atenco, Tepemaxalco y San Mart\u00edn Toltepec<\/strong>&nbsp;y, de acuerdo con el INE, es porque no alcanzan los 2 mil electores de las unidades territoriales en las que se dividi\u00f3 el pa\u00eds.<\/p>\n\n\n\n<p>Por ello, las personas tendr\u00e1n que emitir su\u00a0<strong>sufragio en el centro de votaci\u00f3n que les quede m\u00e1s cerca<\/strong>\u00a0que, de acuerdo con los c\u00e1lculos hechos, tendr\u00e1n que desplazarse a distancias que est\u00e1n entre 10 y 45 minutos. este\u00a0<strong>medio lleg\u00f3 una queja de ciudadanos de Venustiano Carranza que acusaron que en \u00e9sta demarcaci\u00f3n solo hay dos casillas.<\/strong><\/p>\n\n\n\n<p>No obstante, los habitantes son los que decidir\u00e1n si lo hacen o no, pues el&nbsp;<strong>INE no contempl\u00f3 si tendr\u00e1n los recursos econ\u00f3micos y materiales para ello o si prefieren destinarlos para otra cosa<\/strong>, pues no es lo mismo caminar 10 o 15 minutos dentro de su municipio para votar que ir a otra demarcaci\u00f3n.<\/p>\n\n\n\n<p>Al respecto,&nbsp;<strong>Arturo Mendoza Gonz\u00e1lez<\/strong>, del Colectivo Hermanos Serd\u00e1n, coment\u00f3 que la agrupaci\u00f3n present\u00f3 nueve juicios ante la Sala Superior del Tribunal Electoral del&nbsp;<strong>Poder Judicial de la Federaci\u00f3n<\/strong>&nbsp;(Tepjf) por esta situaci\u00f3n y no garantizarse los mecanismos necesarios para garantizar la participaci\u00f3n ciudadana.<\/p>\n\n\n\n<p>Dijo que todos fueron por la mala distribuci\u00f3n que hizo de las urnas,&nbsp;<strong>pues est\u00e1 \u201cdiscriminando\u201d a municipios con poca gente cuando bien pudo \u201cquitar\u201d de otros lados y llevarlas a donde no habr\u00e1<\/strong>, adem\u00e1s de que no contempl\u00f3 que son localidades de escasos recursos y que la gente \u201cpodr\u00eda&nbsp;<strong>optar por ocupar el dinero para comer en lugar de ir a votar<\/strong>\u201d.<\/p>\n\n\n\n<h3 class=\"wp-block-heading\">Consulta deb\u00eda ser en marzo<\/h3>\n\n\n\n<p>Adem\u00e1s de que 10 de abril es&nbsp;<strong>Domingo de Ramos<\/strong>&nbsp;y muchos optan por llevar a cabo actividades religiosas tradicionales de esta fecha, lo que igual podr\u00eda ser un factor para que la gente no acuda, a lo que se suman que&nbsp;<strong>iniciar\u00e1n las vacaciones de Semana Santa oficialmente el 11.<\/strong><\/p>\n\n\n\n<p>Y es que el&nbsp;<strong>INE<\/strong>&nbsp;fue el que posterg\u00f3 la fecha de la consulta&nbsp;<strong>porque desde diciembre determin\u00f3 frenar el proceso con el argumento de la falta de recursos<\/strong>, pero tras una controversia resuelta por la Suprema Corte de Justicia de la Naci\u00f3n (SCJN) lo oblig\u00f3 a que continuar\u00e1 por considerar que se estaba&nbsp;<strong>violando el derecho a la participaci\u00f3n ciudadana.<\/strong><\/p>\n\n\n\n<p>Esto, porque acuerdo con la&nbsp;<strong>fracci\u00f3n IX del art\u00edculo 35 de la Constituci\u00f3n federal<\/strong>, donde est\u00e1 reglamentada al Ley de Revocaci\u00f3n de Mandato, dicho ejercicio puede solicitarse en una \u00fanica ocasi\u00f3n en los tres meses&nbsp;<strong>siguientes al t\u00e9rmino del tercer a\u00f1o del periodo del mandatario en turno que fue diciembre, por lo que ten\u00eda que haberse realizado en marzo.<\/strong><\/p>\n\n\n\n<p>Para este ejercicio el&nbsp;<strong>INE<\/strong>&nbsp;habilit\u00f3 el micrositio&nbsp;<a href=\"https:\/\/ubicatucasilla.ine.mx\/\" target=\"_blank\" rel=\"noreferrer noopener\">https:\/\/ubicatucasilla.ine.mx\/<\/a>&nbsp;en el que los ciudadanos pueden consultar la direcci\u00f3n de la casilla donde les toca votar, y para ello solo se deben hacer cinco pasos, que son&nbsp;<strong>entrar a dicha p\u00e1gina y dar selecci\u00f3n en el estado donde residen.<\/strong><\/p>\n\n\n\n<p>Posteriormente, tienen que ingresar el n\u00famero de secci\u00f3n que se&nbsp;<strong>encuentra en la parte de enfrente de la credencial de elector<\/strong>, dar clic y la plataforma mostrar\u00e1 la direcci\u00f3n exacta de casilla y \u00e9sta \u00faltima arrojar\u00e1 un mapa que mostrar\u00e1 la&nbsp;<strong>localizaci\u00f3n donde estar\u00e1 ubicada.<\/strong><\/p>\n\n\n\n<p>Es de mencionar que en Puebla hay&nbsp;<strong>4 millones 704 mil 512 ciudadanos inscritos dentro de la lista nominal<\/strong>, adem\u00e1s de 831 que radican en el extranjero y podr\u00e1n participar, de los que 2 millones 504 mil 711 son mujeres y&nbsp;<strong>2 millones 198 mil 970 hombres,<\/strong>&nbsp;por lo que un mill\u00f3n 881 mil 804 tendr\u00e1 que emitir su&nbsp;<strong>voto para ser vinculante, que es el 40 por ciento.<\/strong><\/p>\n\n\n\n<p><strong>R: DJ<\/strong><\/p>\n\n\n\n<p>Fuente: https:\/\/www.angulo7.com.mx\/2022\/04\/04\/en-puebla-solo-habra-el-38-de-casillas-para-revocacion\/<\/p>\n\n\n\n<p><\/p>\n","protected":false},"excerpt":{"rendered":"<p>EDGAR GUZM\u00c1N URIBE \/ \u00c1NGULO 7 Para la consulta de&nbsp;revocaci\u00f3n de mandato del domingo se instalar\u00e1 en Puebla s\u00f3lo 38 [&hellip;]<\/p>\n","protected":false},"author":1,"featured_media":25154,"comment_status":"open","ping_status":"open","sticky":false,"template":"","format":"standard","meta":{"site-sidebar-layout":"default","site-content-layout":"","ast-site-content-layout":"default","site-content-style":"default","site-sidebar-style":"default","ast-global-header-display":"","ast-banner-title-visibility":"","ast-main-header-display":"","ast-hfb-above-header-display":"","ast-hfb-below-header-display":"","ast-hfb-mobile-header-display":"","site-post-title":"","ast-breadcrumbs-content":"","ast-featured-img":"","footer-sml-layout":"","theme-transparent-header-meta":"","adv-header-id-meta":"","stick-header-meta":"","header-above-stick-meta":"","header-main-stick-meta":"","header-below-stick-meta":"","astra-migrate-meta-layouts":"default","ast-page-background-enabled":"default","ast-page-background-meta":{"desktop":{"background-color":"var(--ast-global-color-4)","background-image":"","background-repeat":"repeat","background-position":"center center","background-size":"auto","background-attachment":"scroll","background-type":"","background-media":"","overlay-type":"","overlay-color":"","overlay-opacity":"","overlay-gradient":""},"tablet":{"background-color":"","background-image":"","background-repeat":"repeat","background-position":"center center","background-size":"auto","background-attachment":"scroll","background-type":"","background-media":"","overlay-type":"","overlay-color":"","overlay-opacity":"","overlay-gradient":""},"mobile":{"background-color":"","background-image":"","background-repeat":"repeat","background-position":"center center","background-size":"auto","background-attachment":"scroll","background-type":"","background-media":"","overlay-type":"","overlay-color":"","overlay-opacity":"","overlay-gradient":""}},"ast-content-background-meta":{"desktop":{"background-color":"var(--ast-global-color-5)","background-image":"","background-repeat":"repeat","background-position":"center center","background-size":"auto","background-attachment":"scroll","background-type":"","background-media":"","overlay-type":"","overlay-color":"","overlay-opacity":"","overlay-gradient":""},"tablet":{"background-color":"var(--ast-global-color-5)","background-image":"","background-repeat":"repeat","background-position":"center center","background-size":"auto","background-attachment":"scroll","background-type":"","background-media":"","overlay-type":"","overlay-color":"","overlay-opacity":"","overlay-gradient":""},"mobile":{"background-color":"var(--ast-global-color-5)","background-image":"","background-repeat":"repeat","background-position":"center center","background-size":"auto","background-attachment":"scroll","background-type":"","background-media":"","overlay-type":"","overlay-color":"","overlay-opacity":"","overlay-gradient":""}},"footnotes":""},"categories":[8],"tags":[9343,885,3614],"class_list":["post-25153","post","type-post","status-publish","format-standard","has-post-thumbnail","hentry","category-noticias","tag-casillas-puebla","tag-ine","tag-revocacion-de-mandato"],"_links":{"self":[{"href":"https:\/\/losperiodistas.com.mx\/portal\/wp-json\/wp\/v2\/posts\/25153","targetHints":{"allow":["GET"]}}],"collection":[{"href":"https:\/\/losperiodistas.com.mx\/portal\/wp-json\/wp\/v2\/posts"}],"about":[{"href":"https:\/\/losperiodistas.com.mx\/portal\/wp-json\/wp\/v2\/types\/post"}],"author":[{"embeddable":true,"href":"https:\/\/losperiodistas.com.mx\/portal\/wp-json\/wp\/v2\/users\/1"}],"replies":[{"embeddable":true,"href":"https:\/\/losperiodistas.com.mx\/portal\/wp-json\/wp\/v2\/comments?post=25153"}],"version-history":[{"count":1,"href":"https:\/\/losperiodistas.com.mx\/portal\/wp-json\/wp\/v2\/posts\/25153\/revisions"}],"predecessor-version":[{"id":25155,"href":"https:\/\/losperiodistas.com.mx\/portal\/wp-json\/wp\/v2\/posts\/25153\/revisions\/25155"}],"wp:featuredmedia":[{"embeddable":true,"href":"https:\/\/losperiodistas.com.mx\/portal\/wp-json\/wp\/v2\/media\/25154"}],"wp:attachment":[{"href":"https:\/\/losperiodistas.com.mx\/portal\/wp-json\/wp\/v2\/media?parent=25153"}],"wp:term":[{"taxonomy":"category","embeddable":true,"href":"https:\/\/losperiodistas.com.mx\/portal\/wp-json\/wp\/v2\/categories?post=25153"},{"taxonomy":"post_tag","embeddable":true,"href":"https:\/\/losperiodistas.com.mx\/portal\/wp-json\/wp\/v2\/tags?post=25153"}],"curies":[{"name":"wp","href":"https:\/\/api.w.org\/{rel}","templated":true}]}}