{"id":25150,"date":"2022-04-05T05:05:14","date_gmt":"2022-04-05T10:05:14","guid":{"rendered":"http:\/\/losperiodistas.com.mx\/portal\/?p=25150"},"modified":"2022-04-05T05:05:15","modified_gmt":"2022-04-05T10:05:15","slug":"un-grupo-de-investigadores-identifica-75-regiones-del-genoma-asociadas-al-alzheimer-publico","status":"publish","type":"post","link":"https:\/\/losperiodistas.com.mx\/portal\/un-grupo-de-investigadores-identifica-75-regiones-del-genoma-asociadas-al-alzheimer-publico\/","title":{"rendered":"Un grupo de investigadores identifica 75 regiones del genoma asociadas al alzh\u00e9imer | P\u00fablico"},"content":{"rendered":"\n<p><em>El hallazgo supone una mejorar en la compresi\u00f3n y el tratamiento de la enfermedad.<\/em><\/p>\n\n\n\n<figure class=\"wp-block-image size-full\"><img fetchpriority=\"high\" decoding=\"async\" width=\"990\" height=\"660\" src=\"https:\/\/losperiodistas.com.mx\/portal\/wp-content\/uploads\/2022\/04\/6167f6723c0e0.jpeg\" alt=\"\" class=\"wp-image-25151\" srcset=\"https:\/\/losperiodistas.com.mx\/portal\/wp-content\/uploads\/2022\/04\/6167f6723c0e0.jpeg 990w, https:\/\/losperiodistas.com.mx\/portal\/wp-content\/uploads\/2022\/04\/6167f6723c0e0-300x200.jpeg 300w, https:\/\/losperiodistas.com.mx\/portal\/wp-content\/uploads\/2022\/04\/6167f6723c0e0-768x512.jpeg 768w\" sizes=\"(max-width: 990px) 100vw, 990px\" \/><figcaption><br>Imagen de un cerebro a trav\u00e9s de los Rayos X.\u00a0<em>\u2014<\/em>\u00a0<em>Pixabay<\/em><br><br>P<br><br><\/figcaption><\/figure>\n\n\n\n<p class=\"has-vivid-cyan-blue-color has-text-color has-medium-font-size\">P\u00daBLICO<\/p>\n\n\n\n<p id=\"m82-81-83\">Un equipo internacional de investigadores ha identificado&nbsp;<strong>75 alteraciones<\/strong>&nbsp;gen\u00e9ticas asociadas al&nbsp;<strong>alzh\u00e9imer<\/strong>, de las cuales&nbsp;<strong>42 nunca<\/strong>&nbsp;hab\u00edan sido asociadas a esta enfermad.&nbsp;El hallazgo supone una mejorar en la compresi\u00f3n y el&nbsp;<a href=\"https:\/\/www.publico.es\/videos\/954993\/aprobado-el-primer-tratamiento-contra-el-alzheimer-a-pesar-de-las-dudas#analytics-buscador:listado\">tratamiento del alzh\u00e9imer<\/a>.<\/p>\n\n\n\n<p id=\"m87-1-88\">Los autores del estudio, realizado por investigadores de Europa, EEUU y Australia, aseguran en la revista<em>\u00a0<a href=\"https:\/\/www.nature.com\/articles\/s41588-022-01024-z#analytics-noticia:contenido-enlace\" target=\"_blank\" rel=\"noreferrer noopener\">Nature Genetics<\/a><\/em>\u00a0que esta nueva informaci\u00f3n permitir\u00e1 saber c\u00f3mo se origina el alzh\u00e9imer. De esta manera, se abren nuevas v\u00edas para desarrollar diagn\u00f3sticos que indiquen si una persona tiene riesgos de sufrir esta enfermedad. <\/p>\n\n\n\n<p id=\"m92-2-93\">El trabajo ha sido coordinado por el director de investigaci\u00f3n del&nbsp;<strong>Instituto Nacional de Salud e Investigaci\u00f3n M\u00e9dica de Francia (Inserm)<\/strong>, Jean-Charles Lambert. Los investigadores hicieron un estudio de asociaci\u00f3n de todo el genoma (GWAS) sobre el mayor grupo de pacientes de alzh\u00e9imer creado hasta la fecha. El objetivo era analizar el genoma completo de cientos de miles de personas \u2014sanos o enfermos\u2014 para identificar los factores de riesgos gen\u00e9ticos asociados a la enfermedad.<\/p>\n\n\n\n<p><a href=\"https:\/\/www.publico.es\/ciencias\/descifran-primera-vez-genoma-completo-humano.html#analytics-noticia:relacionada\"><br>Descifran por primera vez el genoma completo de un ser humano<\/a><a> P\u00daBLICO \/ AGENCIAS<\/a><\/p>\n\n\n\n<p id=\"m97-3-98\">\u00abTras este importante descubrimiento, caracterizamos estas regiones para darles un significado en relaci\u00f3n con nuestros conocimientos cl\u00ednicos y biol\u00f3gicos, y as\u00ed comprender mejor los mecanismos celulares y los procesos patol\u00f3gicos en juego\u00bb, ha explicado Lambert.<\/p>\n\n\n\n<p id=\"m102-4-103\">Para validar y ampliar sus hallazgos, el equipo continuar\u00e1 su investigaci\u00f3n en un grupo a\u00fan m\u00e1s amplio y diverso, dado que la investigaci\u00f3n gen\u00e9tica se ha realizado principalmente en poblaciones cauc\u00e1sicas.<\/p>\n\n\n\n<h2 class=\"wp-block-heading\" id=\"m107-5-108\">M\u00e1s de un mill\u00f3n de espa\u00f1oles padecen el alzh\u00e9imer<\/h2>\n\n\n\n<p id=\"m112-6-113\">La enfermedad del Alzheimer es la forma m\u00e1s com\u00fan de demencia y suele aparecer despu\u00e9s de los 65 a\u00f1os. Se trata de&nbsp;<a href=\"https:\/\/www.publico.es\/culturas\/actriz-carme-elias-anuncia-padece-alzheimer.html#analytics-buscador:listado\">una patolog\u00eda compleja<\/a>&nbsp;y con m\u00faltiples factores que afecta a&nbsp;<strong>m\u00e1s de un mill\u00f3n de personas&nbsp;<\/strong>en Espa\u00f1a seg\u00fan datos de la Confederaci\u00f3n Espa\u00f1ola de Alzheimer (CEAFA). Por lo general, es una enfermedad con un fuerte componente gen\u00e9tico.<\/p>\n\n\n\n<p><a href=\"https:\/\/periodicoclm.publico.es\/2022\/03\/24\/investigadores-uclm-crean-tomafran-tomate-modificado-geneticamente-prevenir-alzheimer\/#analytics-noticia:relacionada\" target=\"_blank\" rel=\"noreferrer noopener\">Investigadores de la UCLM crean el &#8216;tomafr\u00e1n&#8217;, tomate modificado gen\u00e9ticamente que podr\u00eda prevenir el alzh\u00e9imer<\/a><a> S. JIM\u00c9NEZ<\/a><\/p>\n\n\n\n<figure class=\"wp-block-pullquote\"><blockquote><p><strong><em>La enfermedad del Alzheimer es la forma m\u00e1s com\u00fan de demencia y suele aparecer despu\u00e9s de los 65 a\u00f1os<\/em><\/strong><\/p><\/blockquote><\/figure>\n\n\n\n<p id=\"m122-8-123\">Hasta ahora, los cient\u00edficos conoc\u00edan<strong>&nbsp;dos fen\u00f3menos cerebrales patol\u00f3gicos&nbsp;<\/strong>relacionados con el alzh\u00e9imer: la acumulaci\u00f3n de p\u00e9ptidos beta-amiloides y la modificaci\u00f3n de la prote\u00edna Tau, cuyos agregados se encuentran en las neuronas. El estudio han corroborado la importancia de estos dos procesos.<\/p>\n\n\n\n<p id=\"m127-9-128\">Adem\u00e1s, se ha descubierto que en el alzh\u00e9imer hay una disfunci\u00f3n de la inmunidad innata y de la acci\u00f3n de la microgl\u00eda (c\u00e9lulas inmunitarias del sistema nervioso central que act\u00faan de \u00abrecolector de basura\u00bb eliminando las sustancias t\u00f3xicas). El estudio tambi\u00e9n ha demostrado por primera vez que la v\u00eda de se\u00f1alizaci\u00f3n dependiente del factor de necrosis tumoral alfa (TNF-alfa) est\u00e1 implicada en la enfermedad.<\/p>\n\n\n\n<p id=\"m132-10-133\">A partir de estos descubrimientos, los investigadores han ideado una puntuaci\u00f3n de riesgo gen\u00e9tico para evaluar mejor qu\u00e9 pacientes con deterioro cognitivo pueden desarrollar, en los tres a\u00f1os siguientes a su manifestaci\u00f3n cl\u00ednica, la enfermedad de Alzheimer.<\/p>\n\n\n\n<p><a href=\"https:\/\/www.publico.es\/sociedad\/principio-activo-viagra-prevenir-tratar-alzheimer.html#analytics-noticia:relacionada\"><br>El principio activo de la Viagra podr\u00eda prevenir y tratar el alzh\u00e9imer<\/a><a> P\u00daBLICO \/ AGENCIAS<\/a><\/p>\n\n\n\n<p id=\"m137-11-138\">\u00abAunque esta herramienta no est\u00e1 pensada para su uso en la pr\u00e1ctica cl\u00ednica en la actualidad, podr\u00eda ser muy \u00fatil a la hora de establecer ensayos terap\u00e9uticos para clasificar a los participantes seg\u00fan el riesgo y mejorar la evaluaci\u00f3n de los medicamentos que se est\u00e1n probando\u00bb, ha se\u00f1alado Lambert.<\/p>\n\n\n\n<p>Fuente: https:\/\/www.publico.es\/ciencias\/grupo-investigadores-identifica-75-regiones-genoma-asociadas-alzheimer.html#analytics-seccion:listado<\/p>\n","protected":false},"excerpt":{"rendered":"<p>El hallazgo supone una mejorar en la compresi\u00f3n y el tratamiento de la enfermedad. P\u00daBLICO Un equipo internacional de investigadores [&hellip;]<\/p>\n","protected":false},"author":1,"featured_media":25151,"comment_status":"open","ping_status":"open","sticky":false,"template":"","format":"standard","meta":{"site-sidebar-layout":"default","site-content-layout":"","ast-site-content-layout":"default","site-content-style":"default","site-sidebar-style":"default","ast-global-header-display":"","ast-banner-title-visibility":"","ast-main-header-display":"","ast-hfb-above-header-display":"","ast-hfb-below-header-display":"","ast-hfb-mobile-header-display":"","site-post-title":"","ast-breadcrumbs-content":"","ast-featured-img":"","footer-sml-layout":"","theme-transparent-header-meta":"","adv-header-id-meta":"","stick-header-meta":"","header-above-stick-meta":"","header-main-stick-meta":"","header-below-stick-meta":"","astra-migrate-meta-layouts":"default","ast-page-background-enabled":"default","ast-page-background-meta":{"desktop":{"background-color":"var(--ast-global-color-4)","background-image":"","background-repeat":"repeat","background-position":"center center","background-size":"auto","background-attachment":"scroll","background-type":"","background-media":"","overlay-type":"","overlay-color":"","overlay-opacity":"","overlay-gradient":""},"tablet":{"background-color":"","background-image":"","background-repeat":"repeat","background-position":"center center","background-size":"auto","background-attachment":"scroll","background-type":"","background-media":"","overlay-type":"","overlay-color":"","overlay-opacity":"","overlay-gradient":""},"mobile":{"background-color":"","background-image":"","background-repeat":"repeat","background-position":"center center","background-size":"auto","background-attachment":"scroll","background-type":"","background-media":"","overlay-type":"","overlay-color":"","overlay-opacity":"","overlay-gradient":""}},"ast-content-background-meta":{"desktop":{"background-color":"var(--ast-global-color-5)","background-image":"","background-repeat":"repeat","background-position":"center center","background-size":"auto","background-attachment":"scroll","background-type":"","background-media":"","overlay-type":"","overlay-color":"","overlay-opacity":"","overlay-gradient":""},"tablet":{"background-color":"var(--ast-global-color-5)","background-image":"","background-repeat":"repeat","background-position":"center center","background-size":"auto","background-attachment":"scroll","background-type":"","background-media":"","overlay-type":"","overlay-color":"","overlay-opacity":"","overlay-gradient":""},"mobile":{"background-color":"var(--ast-global-color-5)","background-image":"","background-repeat":"repeat","background-position":"center center","background-size":"auto","background-attachment":"scroll","background-type":"","background-media":"","overlay-type":"","overlay-color":"","overlay-opacity":"","overlay-gradient":""}},"footnotes":""},"categories":[8],"tags":[8480,9342],"class_list":["post-25150","post","type-post","status-publish","format-standard","has-post-thumbnail","hentry","category-noticias","tag-alzheimer-2","tag-genoma-humano"],"_links":{"self":[{"href":"https:\/\/losperiodistas.com.mx\/portal\/wp-json\/wp\/v2\/posts\/25150","targetHints":{"allow":["GET"]}}],"collection":[{"href":"https:\/\/losperiodistas.com.mx\/portal\/wp-json\/wp\/v2\/posts"}],"about":[{"href":"https:\/\/losperiodistas.com.mx\/portal\/wp-json\/wp\/v2\/types\/post"}],"author":[{"embeddable":true,"href":"https:\/\/losperiodistas.com.mx\/portal\/wp-json\/wp\/v2\/users\/1"}],"replies":[{"embeddable":true,"href":"https:\/\/losperiodistas.com.mx\/portal\/wp-json\/wp\/v2\/comments?post=25150"}],"version-history":[{"count":1,"href":"https:\/\/losperiodistas.com.mx\/portal\/wp-json\/wp\/v2\/posts\/25150\/revisions"}],"predecessor-version":[{"id":25152,"href":"https:\/\/losperiodistas.com.mx\/portal\/wp-json\/wp\/v2\/posts\/25150\/revisions\/25152"}],"wp:featuredmedia":[{"embeddable":true,"href":"https:\/\/losperiodistas.com.mx\/portal\/wp-json\/wp\/v2\/media\/25151"}],"wp:attachment":[{"href":"https:\/\/losperiodistas.com.mx\/portal\/wp-json\/wp\/v2\/media?parent=25150"}],"wp:term":[{"taxonomy":"category","embeddable":true,"href":"https:\/\/losperiodistas.com.mx\/portal\/wp-json\/wp\/v2\/categories?post=25150"},{"taxonomy":"post_tag","embeddable":true,"href":"https:\/\/losperiodistas.com.mx\/portal\/wp-json\/wp\/v2\/tags?post=25150"}],"curies":[{"name":"wp","href":"https:\/\/api.w.org\/{rel}","templated":true}]}}