{"id":25147,"date":"2022-04-05T04:57:59","date_gmt":"2022-04-05T09:57:59","guid":{"rendered":"http:\/\/losperiodistas.com.mx\/portal\/?p=25147"},"modified":"2022-04-05T04:58:01","modified_gmt":"2022-04-05T09:58:01","slug":"gobierno-peruano-impone-toque-de-queda-el-martes-en-lima-tras-protestas-france-24","status":"publish","type":"post","link":"https:\/\/losperiodistas.com.mx\/portal\/gobierno-peruano-impone-toque-de-queda-el-martes-en-lima-tras-protestas-france-24\/","title":{"rendered":"Gobierno peruano impone toque de queda el martes en Lima tras protestas | France 24"},"content":{"rendered":"\n<figure class=\"wp-block-image size-large\"><img fetchpriority=\"high\" decoding=\"async\" width=\"1024\" height=\"576\" src=\"https:\/\/losperiodistas.com.mx\/portal\/wp-content\/uploads\/2022\/04\/9c100dfb66c07652ebcc4be6f552103b883120ed-1024x576.jpg\" alt=\"\" class=\"wp-image-25148\" srcset=\"https:\/\/losperiodistas.com.mx\/portal\/wp-content\/uploads\/2022\/04\/9c100dfb66c07652ebcc4be6f552103b883120ed-1024x576.jpg 1024w, https:\/\/losperiodistas.com.mx\/portal\/wp-content\/uploads\/2022\/04\/9c100dfb66c07652ebcc4be6f552103b883120ed-300x169.jpg 300w, https:\/\/losperiodistas.com.mx\/portal\/wp-content\/uploads\/2022\/04\/9c100dfb66c07652ebcc4be6f552103b883120ed-768x432.jpg 768w, https:\/\/losperiodistas.com.mx\/portal\/wp-content\/uploads\/2022\/04\/9c100dfb66c07652ebcc4be6f552103b883120ed.jpg 1280w\" sizes=\"(max-width: 1024px) 100vw, 1024px\" \/><figcaption>Manifestantes chocan con la polic\u00eda antidisturbios durante un paro parcial de transportistas de carga y pasajeros, en Ate, un distrito al este de Lima, el 4 de abril de 2022.\u00a0Gian MASKO AFP<\/figcaption><\/figure>\n\n\n\n<p class=\"has-vivid-cyan-blue-color has-text-color has-medium-font-size\">FRANCE 24<\/p>\n\n\n\n<p><em>Lima (AFP) \u2013\u00a0<\/em>El gobierno peruano del izquierdista Pedro Castillo decret\u00f3 un toque de queda durante buena parte del martes en Lima y el vecino puerto del Callao tras un paro parcial de transportistas que caus\u00f3 bloqueos de rutas y disturbios este lunes, anunci\u00f3 el mandatario.<\/p>\n\n\n\n<p>\u00abAnte los hechos de violencia que algunos grupos han querido crear (&#8230;) y en aras de restablecer la paz y el orden interno (&#8230;), el Consejo de Ministros ha aprobado declarar la inamovilidad ciudadana (toque de queda) desde las 2:00 de la ma\u00f1ana hasta las 11:59 de la noche del d\u00eda martes 5 de abril para resguardar la seguridad ciudadana\u00bb, dijo Castillo en un mensaje al pa\u00eds por televisi\u00f3n el lunes en la noche.<\/p>\n\n\n\n<p>Diversos hechos de violencia, incluidos la quema de casetas de peaje en rutas, saqueos de algunos comercios y choques entre manifestantes y la polic\u00eda, se produjeron este lunes en diversas zonas de Per\u00fa en la primera paralizaci\u00f3n que enfrenta el gobierno de Castillo, en el poder hace ocho meses.<\/p>\n\n\n\n<p>Las protestas, gatilladas por las alzas de los precios de los combustibles y alimentos, se desarrollaron en Lima y las regiones de Piura, Chiclayo, La Libertad, Jun\u00edn, Ica, Arequipa, San Mart\u00edn, Amazonas y Ucayali, entre otras, y llevaron a suspender las clases en las escuelas por la restricci\u00f3n del transporte p\u00fablico.<\/p>\n\n\n\n<p>\u00abHago un llamado a la calma a la serenidad, la protesta social es un derecho constitucional, pero debe hacerse dentro de la ley\u00bb, indic\u00f3 Castillo en su breve mensaje.<\/p>\n\n\n\n<p>La Uni\u00f3n de Gremios de Transporte Multimodal de Per\u00fa reclama contra el alza de los precios de los combustibles y peajes y el paro de sus afiliados se prolongar\u00eda hasta el martes.<\/p>\n\n\n\n<p>En un intento de apaciguar los reclamos, el gobierno elimin\u00f3 el fin de semana el impuesto a los combustibles.<\/p>\n\n\n\n<p>Adem\u00e1s, Castillo decret\u00f3 un aumento del 10% del sueldo m\u00ednimo, que subir\u00e1 a 1.025 soles (USD 277) a partir del 1 de mayo.<\/p>\n\n\n\n<p>Fuente: https:\/\/www.france24.com\/es\/minuto-a-minuto\/20220405-gobierno-peruano-impone-toque-de-queda-el-martes-en-lima-tras-protestas<\/p>\n","protected":false},"excerpt":{"rendered":"<p>FRANCE 24 Lima (AFP) \u2013\u00a0El gobierno peruano del izquierdista Pedro Castillo decret\u00f3 un toque de queda durante buena parte del [&hellip;]<\/p>\n","protected":false},"author":1,"featured_media":25148,"comment_status":"open","ping_status":"open","sticky":false,"template":"","format":"standard","meta":{"site-sidebar-layout":"default","site-content-layout":"","ast-site-content-layout":"default","site-content-style":"default","site-sidebar-style":"default","ast-global-header-display":"","ast-banner-title-visibility":"","ast-main-header-display":"","ast-hfb-above-header-display":"","ast-hfb-below-header-display":"","ast-hfb-mobile-header-display":"","site-post-title":"","ast-breadcrumbs-content":"","ast-featured-img":"","footer-sml-layout":"","theme-transparent-header-meta":"","adv-header-id-meta":"","stick-header-meta":"","header-above-stick-meta":"","header-main-stick-meta":"","header-below-stick-meta":"","astra-migrate-meta-layouts":"default","ast-page-background-enabled":"default","ast-page-background-meta":{"desktop":{"background-color":"var(--ast-global-color-4)","background-image":"","background-repeat":"repeat","background-position":"center center","background-size":"auto","background-attachment":"scroll","background-type":"","background-media":"","overlay-type":"","overlay-color":"","overlay-opacity":"","overlay-gradient":""},"tablet":{"background-color":"","background-image":"","background-repeat":"repeat","background-position":"center center","background-size":"auto","background-attachment":"scroll","background-type":"","background-media":"","overlay-type":"","overlay-color":"","overlay-opacity":"","overlay-gradient":""},"mobile":{"background-color":"","background-image":"","background-repeat":"repeat","background-position":"center center","background-size":"auto","background-attachment":"scroll","background-type":"","background-media":"","overlay-type":"","overlay-color":"","overlay-opacity":"","overlay-gradient":""}},"ast-content-background-meta":{"desktop":{"background-color":"var(--ast-global-color-5)","background-image":"","background-repeat":"repeat","background-position":"center center","background-size":"auto","background-attachment":"scroll","background-type":"","background-media":"","overlay-type":"","overlay-color":"","overlay-opacity":"","overlay-gradient":""},"tablet":{"background-color":"var(--ast-global-color-5)","background-image":"","background-repeat":"repeat","background-position":"center center","background-size":"auto","background-attachment":"scroll","background-type":"","background-media":"","overlay-type":"","overlay-color":"","overlay-opacity":"","overlay-gradient":""},"mobile":{"background-color":"var(--ast-global-color-5)","background-image":"","background-repeat":"repeat","background-position":"center center","background-size":"auto","background-attachment":"scroll","background-type":"","background-media":"","overlay-type":"","overlay-color":"","overlay-opacity":"","overlay-gradient":""}},"footnotes":""},"categories":[8],"tags":[2022,9340,9341],"class_list":["post-25147","post","type-post","status-publish","format-standard","has-post-thumbnail","hentry","category-noticias","tag-pedro-castillo","tag-peru-paros","tag-toque-de-queda-lima"],"_links":{"self":[{"href":"https:\/\/losperiodistas.com.mx\/portal\/wp-json\/wp\/v2\/posts\/25147","targetHints":{"allow":["GET"]}}],"collection":[{"href":"https:\/\/losperiodistas.com.mx\/portal\/wp-json\/wp\/v2\/posts"}],"about":[{"href":"https:\/\/losperiodistas.com.mx\/portal\/wp-json\/wp\/v2\/types\/post"}],"author":[{"embeddable":true,"href":"https:\/\/losperiodistas.com.mx\/portal\/wp-json\/wp\/v2\/users\/1"}],"replies":[{"embeddable":true,"href":"https:\/\/losperiodistas.com.mx\/portal\/wp-json\/wp\/v2\/comments?post=25147"}],"version-history":[{"count":1,"href":"https:\/\/losperiodistas.com.mx\/portal\/wp-json\/wp\/v2\/posts\/25147\/revisions"}],"predecessor-version":[{"id":25149,"href":"https:\/\/losperiodistas.com.mx\/portal\/wp-json\/wp\/v2\/posts\/25147\/revisions\/25149"}],"wp:featuredmedia":[{"embeddable":true,"href":"https:\/\/losperiodistas.com.mx\/portal\/wp-json\/wp\/v2\/media\/25148"}],"wp:attachment":[{"href":"https:\/\/losperiodistas.com.mx\/portal\/wp-json\/wp\/v2\/media?parent=25147"}],"wp:term":[{"taxonomy":"category","embeddable":true,"href":"https:\/\/losperiodistas.com.mx\/portal\/wp-json\/wp\/v2\/categories?post=25147"},{"taxonomy":"post_tag","embeddable":true,"href":"https:\/\/losperiodistas.com.mx\/portal\/wp-json\/wp\/v2\/tags?post=25147"}],"curies":[{"name":"wp","href":"https:\/\/api.w.org\/{rel}","templated":true}]}}