{"id":25130,"date":"2022-04-05T04:25:56","date_gmt":"2022-04-05T09:25:56","guid":{"rendered":"http:\/\/losperiodistas.com.mx\/portal\/?p=25130"},"modified":"2022-04-05T04:25:57","modified_gmt":"2022-04-05T09:25:57","slug":"homenaje-a-toxqui-a-18-anos-de-su-muerte","status":"publish","type":"post","link":"https:\/\/losperiodistas.com.mx\/portal\/homenaje-a-toxqui-a-18-anos-de-su-muerte\/","title":{"rendered":"Homenaje a Toxqui a 18 a\u00f1os de su muerte"},"content":{"rendered":"\n<p class=\"has-medium-font-size\">*Ordena el INE retirar 600 anuncios en 30 estados sobre Revocaci\u00f3n de Mandato<\/p>\n\n\n\n<p><\/p>\n\n\n\n<figure class=\"wp-block-image size-large\"><img fetchpriority=\"high\" decoding=\"async\" width=\"1024\" height=\"682\" src=\"https:\/\/losperiodistas.com.mx\/portal\/wp-content\/uploads\/2022\/04\/HOMENAJE-AL-DOCTOR-TOXQUI-1024x682.jpeg\" alt=\"\" class=\"wp-image-25131\" srcset=\"https:\/\/losperiodistas.com.mx\/portal\/wp-content\/uploads\/2022\/04\/HOMENAJE-AL-DOCTOR-TOXQUI-1024x682.jpeg 1024w, https:\/\/losperiodistas.com.mx\/portal\/wp-content\/uploads\/2022\/04\/HOMENAJE-AL-DOCTOR-TOXQUI-300x200.jpeg 300w, https:\/\/losperiodistas.com.mx\/portal\/wp-content\/uploads\/2022\/04\/HOMENAJE-AL-DOCTOR-TOXQUI-768x512.jpeg 768w, https:\/\/losperiodistas.com.mx\/portal\/wp-content\/uploads\/2022\/04\/HOMENAJE-AL-DOCTOR-TOXQUI.jpeg 1280w\" sizes=\"(max-width: 1024px) 100vw, 1024px\" \/><\/figure>\n\n\n\n<p class=\"has-vivid-cyan-blue-color has-text-color\" style=\"font-size:26px\"><strong><em>Por Ra\u00fal Torres Salmer\u00f3n<\/em><\/strong><\/p>\n\n\n\n<p>La Presidenta Municipal de San Pedro Cholula, Paola Ang\u00f3n Silva, encabez\u00f3 la ceremonia luctuosa en honor al Ex Gobernador, Alfredo Toxqui Fern\u00e1ndez de Lara, quien fue recordado a 18 a\u00f1os de su fallecimiento.<\/p>\n\n\n\n<p>Se le rindi\u00f3 homenaje por el legado y compromiso como ciudadano, acto en el cual estuvieron presentes ex presidentes municipales, funcionarios, ediles auxiliares, familiares, ex colaboradores y amigos. En el evento tambi\u00e9n estuvo presente la banda de m\u00fasica del Centro Escolar Miguel Alem\u00e1n.<\/p>\n\n\n\n<p>Ang\u00f3n Silva fue la oradora oficial y se\u00f1al\u00f3 que el legado del Doctor Toxqui lo inmortaliz\u00f3 debido a que su sentido de responsabilidad y profesionalismo, as\u00ed como el amor por el servicio p\u00fablico lo llevaron a ocupar altos cargos. Como m\u00e9dico de profesi\u00f3n descubri\u00f3 la satisfacci\u00f3n que otorga ayudar a la gente que m\u00e1s lo necesita y a trabajar arduamente.<\/p>\n\n\n\n<p>Lo record\u00f3 como un gran ciudadano, orgullosamente cholulteca, a quien lo conoci\u00f3 adem\u00e1s de que su padre fue uno de los colaboradores cercanos. Su ultimo cargo fue regresar al municipio cholulteca como alcalde.<\/p>\n\n\n\n<p>Finalmente hizo un llamado a la ciudadan\u00eda a vivir cada d\u00eda teniendo la certeza de que las acciones de gobierno son las mejores y el m\u00e1s importante legado para las futuras generaciones.<\/p>\n\n\n\n<p>Hubo una guardia de honor en el monumento a Alfredo Toxqui, quien naci\u00f3 el 5 de agosto de 1913, fue m\u00e9dico y profesor; adem\u00e1s ocup\u00f3 varios cargos en la administraci\u00f3n p\u00fablica, ya que fue Diputado Federal, Senador de la Rep\u00fablica, Gobernador, Embajador y Presidente Municipal de San Pedro Cholula.<\/p>\n\n\n\n<p>INE ORDENA RETIRO DE ANUNCIOS<\/p>\n\n\n\n<p>La Comisi\u00f3n de Quejas y Denuncias del Instituto Nacional Electoral (INE), dio un plazo de 72 horas para retirar 600 anuncios que constituyen propaganda oficial a favor de la Consulta de Revocaci\u00f3n de Mandato en bardas y espectaculares en calles de 30 estados, de los cuales no se conoce el origen de los recursos empleados para su implementaci\u00f3n.<\/p>\n\n\n\n<p>Tambi\u00e9n dieron al Sistema de Transporte Colectivo Metro de la Ciudad de M\u00e9xico m\u00e1ximo 48 horas para retirar la propaganda colocada en las bardas perimetrales de la coordinaci\u00f3n de mantenimiento sistem\u00e1tico de la estaci\u00f3n Constituci\u00f3n 1917.<\/p>\n\n\n\n<p>De igual forma, el INE orden\u00f3 a 44 personas f\u00edsicas y morales inscritas en el Padr\u00f3n Oficial de Anuncios Sujeto al Reordenamiento de la Publicidad Exterior del Distrito Federal a que, en un plazo de 72 horas, procedan al retiro de la propaganda que se encuentra colocada en los anuncios espectaculares sobre los que tengan los derechos de difusi\u00f3n.<\/p>\n\n\n\n<p>El INE consider\u00f3 que que la propaganda no corresponde a la emitida de manera libre y espont\u00e1nea por la ciudadan\u00eda, sino que es resultado de una estrategia a nivel nacional con la misma identidad gr\u00e1fica agenda y distinta al derecho ciudadano de participaci\u00f3n en dicho ejercicio, lo que puede afectar los principios de legalidad y certeza.<\/p>\n\n\n\n<p>La Comisi\u00f3n se\u00f1al\u00f3 que dicha propaganda pudiera tratarse de una estrategia de publicidad at\u00edpica o inusual, con el objetivo de apoyar de manera prohibida el proceso de revocaci\u00f3n de mandato.<\/p>\n\n\n\n<p>La propaganda se localiz\u00f3 en los estados de Aguascalientes, Baja California, Baja California Sur, Ciudad de M\u00e9xico, Chiapas, Chihuahua, Colima, Durango, Estado de M\u00e9xico, Guanajuato, Guerrero, Hidalgo, Jalisco, Michoac\u00e1n Morelos, Nayarit, Nuevo Le\u00f3n, Puebla, Quer\u00e9taro, Quintana Roo, San Luis Potos\u00ed, Sinaloa, Sonora, Tabasco, Tamaulipas, Tlaxcala, Veracruz, Yucat\u00e1n y Zacatecas.<\/p>\n\n\n\n<p>La resoluci\u00f3n fue tomada tras las quejas que presentaron el PAN y PRD contra esta publicidad, la cual atribuyeron a Morena, a la asociaci\u00f3n civil Que Siga la Democracia y a funcionarios, pues dijeron que buscan influir en la ciudadan\u00eda para la Consulta de Revocaci\u00f3n de Mandato del 10 de abril. La reuni\u00f3n de la Comisi\u00f3n fue el 1 de abril.<\/p>\n\n\n\n<p>En fin, como dice la copla espa\u00f1ola:<\/p>\n\n\n\n<p>A precio muy elevado<\/p>\n\n\n\n<p>se cotiza la honradez,<\/p>\n\n\n\n<p>por eso, cada hombre honrado<\/p>\n\n\n\n<p>vale por lo menos diez.<\/p>\n\n\n\n<p>raultorress@hotmail.com<\/p>\n","protected":false},"excerpt":{"rendered":"<p>*Ordena el INE retirar 600 anuncios en 30 estados sobre Revocaci\u00f3n de Mandato Por Ra\u00fal Torres Salmer\u00f3n La Presidenta Municipal [&hellip;]<\/p>\n","protected":false},"author":1,"featured_media":25131,"comment_status":"open","ping_status":"open","sticky":false,"template":"","format":"standard","meta":{"site-sidebar-layout":"default","site-content-layout":"","ast-site-content-layout":"default","site-content-style":"default","site-sidebar-style":"default","ast-global-header-display":"","ast-banner-title-visibility":"","ast-main-header-display":"","ast-hfb-above-header-display":"","ast-hfb-below-header-display":"","ast-hfb-mobile-header-display":"","site-post-title":"","ast-breadcrumbs-content":"","ast-featured-img":"","footer-sml-layout":"","theme-transparent-header-meta":"","adv-header-id-meta":"","stick-header-meta":"","header-above-stick-meta":"","header-main-stick-meta":"","header-below-stick-meta":"","astra-migrate-meta-layouts":"default","ast-page-background-enabled":"default","ast-page-background-meta":{"desktop":{"background-color":"var(--ast-global-color-4)","background-image":"","background-repeat":"repeat","background-position":"center center","background-size":"auto","background-attachment":"scroll","background-type":"","background-media":"","overlay-type":"","overlay-color":"","overlay-opacity":"","overlay-gradient":""},"tablet":{"background-color":"","background-image":"","background-repeat":"repeat","background-position":"center center","background-size":"auto","background-attachment":"scroll","background-type":"","background-media":"","overlay-type":"","overlay-color":"","overlay-opacity":"","overlay-gradient":""},"mobile":{"background-color":"","background-image":"","background-repeat":"repeat","background-position":"center center","background-size":"auto","background-attachment":"scroll","background-type":"","background-media":"","overlay-type":"","overlay-color":"","overlay-opacity":"","overlay-gradient":""}},"ast-content-background-meta":{"desktop":{"background-color":"var(--ast-global-color-5)","background-image":"","background-repeat":"repeat","background-position":"center center","background-size":"auto","background-attachment":"scroll","background-type":"","background-media":"","overlay-type":"","overlay-color":"","overlay-opacity":"","overlay-gradient":""},"tablet":{"background-color":"var(--ast-global-color-5)","background-image":"","background-repeat":"repeat","background-position":"center center","background-size":"auto","background-attachment":"scroll","background-type":"","background-media":"","overlay-type":"","overlay-color":"","overlay-opacity":"","overlay-gradient":""},"mobile":{"background-color":"var(--ast-global-color-5)","background-image":"","background-repeat":"repeat","background-position":"center center","background-size":"auto","background-attachment":"scroll","background-type":"","background-media":"","overlay-type":"","overlay-color":"","overlay-opacity":"","overlay-gradient":""}},"footnotes":""},"categories":[8,19],"tags":[9335],"class_list":["post-25130","post","type-post","status-publish","format-standard","has-post-thumbnail","hentry","category-noticias","category-sin-limites-2","tag-alfredo-toxqui-fernandez-de-lara"],"_links":{"self":[{"href":"https:\/\/losperiodistas.com.mx\/portal\/wp-json\/wp\/v2\/posts\/25130","targetHints":{"allow":["GET"]}}],"collection":[{"href":"https:\/\/losperiodistas.com.mx\/portal\/wp-json\/wp\/v2\/posts"}],"about":[{"href":"https:\/\/losperiodistas.com.mx\/portal\/wp-json\/wp\/v2\/types\/post"}],"author":[{"embeddable":true,"href":"https:\/\/losperiodistas.com.mx\/portal\/wp-json\/wp\/v2\/users\/1"}],"replies":[{"embeddable":true,"href":"https:\/\/losperiodistas.com.mx\/portal\/wp-json\/wp\/v2\/comments?post=25130"}],"version-history":[{"count":1,"href":"https:\/\/losperiodistas.com.mx\/portal\/wp-json\/wp\/v2\/posts\/25130\/revisions"}],"predecessor-version":[{"id":25132,"href":"https:\/\/losperiodistas.com.mx\/portal\/wp-json\/wp\/v2\/posts\/25130\/revisions\/25132"}],"wp:featuredmedia":[{"embeddable":true,"href":"https:\/\/losperiodistas.com.mx\/portal\/wp-json\/wp\/v2\/media\/25131"}],"wp:attachment":[{"href":"https:\/\/losperiodistas.com.mx\/portal\/wp-json\/wp\/v2\/media?parent=25130"}],"wp:term":[{"taxonomy":"category","embeddable":true,"href":"https:\/\/losperiodistas.com.mx\/portal\/wp-json\/wp\/v2\/categories?post=25130"},{"taxonomy":"post_tag","embeddable":true,"href":"https:\/\/losperiodistas.com.mx\/portal\/wp-json\/wp\/v2\/tags?post=25130"}],"curies":[{"name":"wp","href":"https:\/\/api.w.org\/{rel}","templated":true}]}}