{"id":25113,"date":"2022-04-04T08:25:12","date_gmt":"2022-04-04T13:25:12","guid":{"rendered":"http:\/\/losperiodistas.com.mx\/portal\/?p=25113"},"modified":"2022-04-04T08:25:13","modified_gmt":"2022-04-04T13:25:13","slug":"un-99-de-la-humanidad-respira-aire-insalubre-advierte-la-oms-rtve","status":"publish","type":"post","link":"https:\/\/losperiodistas.com.mx\/portal\/un-99-de-la-humanidad-respira-aire-insalubre-advierte-la-oms-rtve\/","title":{"rendered":"Un 99% de la humanidad respira aire insalubre, advierte la OMS\u00a0| Rtve"},"content":{"rendered":"\n<p><em>Lo ha calculado al analizar los datos de estaciones de control en 6.000 ciudades de 117 pa\u00edses<\/em><\/p>\n\n\n\n<figure class=\"wp-block-image size-large\"><img fetchpriority=\"high\" decoding=\"async\" width=\"1024\" height=\"576\" src=\"https:\/\/losperiodistas.com.mx\/portal\/wp-content\/uploads\/2022\/04\/tailandia-1024x576.jpeg\" alt=\"\" class=\"wp-image-25114\" srcset=\"https:\/\/losperiodistas.com.mx\/portal\/wp-content\/uploads\/2022\/04\/tailandia-1024x576.jpeg 1024w, https:\/\/losperiodistas.com.mx\/portal\/wp-content\/uploads\/2022\/04\/tailandia-300x169.jpeg 300w, https:\/\/losperiodistas.com.mx\/portal\/wp-content\/uploads\/2022\/04\/tailandia-768x432.jpeg 768w, https:\/\/losperiodistas.com.mx\/portal\/wp-content\/uploads\/2022\/04\/tailandia-1536x864.jpeg 1536w, https:\/\/losperiodistas.com.mx\/portal\/wp-content\/uploads\/2022\/04\/tailandia.jpeg 1600w\" sizes=\"(max-width: 1024px) 100vw, 1024px\" \/><figcaption>Imagen de la ciudad de Bangkok, en Tailandia.\u00a0<em>GETTY IMAGES<\/em><\/figcaption><\/figure>\n\n\n\n<p class=\"has-vivid-cyan-blue-color has-text-color has-medium-font-size\">EFE \/ RTVE<\/p>\n\n\n\n<p>Un 99% de la poblaci\u00f3n mundial respira aire con niveles de calidad inferiores a los m\u00ednimos fijados por la&nbsp;<a href=\"https:\/\/www.rtve.es\/temas\/organizacion-mundial-de-la-salud\/12792\/\">Organizaci\u00f3n Mundial de la Salud (OMS)<\/a>, advierte este organismo,&nbsp;<strong>que reclama&nbsp;una reducci\u00f3n del consumo de combustibles f\u00f3siles&nbsp;<\/strong>entre otras medidas para mejorar esta p\u00e9sima tasa.<\/p>\n\n\n\n<p>El porcentaje, que supondr\u00eda en cifras absolutas aproximadas unos 7.700 millones de personas,&nbsp;<strong>se ha calculado al analizar los datos de estaciones de control de calidad de aire en 6.000 ciudades de 117 pa\u00edses<\/strong>, y compar\u00e1ndolos con los est\u00e1ndares de aire limpio que fij\u00f3 el a\u00f1o pasado la OMS, m\u00e1s estrictos que los que hab\u00eda anteriormente.<\/p>\n\n\n\n<p>El informe muestra por ejemplo que&nbsp;<strong>un 99% de las ciudades en pa\u00edses con ingresos medios y bajos y un 17% de las naciones m\u00e1s ricas no cumplen con los est\u00e1ndares respecto a materias en suspensi\u00f3n<\/strong>, ni en el caso de las PM10 (10 micras de di\u00e1metro) ni en las m\u00e1s nocivas PM2.5 (con un di\u00e1metro inferior a 2,5 micras).<\/p>\n\n\n\n<p>El a\u00f1o pasado la OMS fij\u00f3 su recomendaci\u00f3n en el caso de las part\u00edculas PM2.5 a menos de 15 microgramos por metro c\u00fabico de aire (antes eran 25), una cifra que, por ejemplo,<strong>&nbsp;multiplica por 30 la ciudad india de Ahmedabad,<\/strong>&nbsp;la que muestra peores cifras en este caso. De las 20 peores mediciones de part\u00edculas PM2.5 seg\u00fan el estudio, 18 se encuentran en localizaciones de la India, dos en la vecina Bangladesh y una en China.<\/p>\n\n\n\n<p>Las&nbsp;<strong>particulas PM2.5 son las m\u00e1s nocivas para la salud,<\/strong>&nbsp;ya que debido a su peque\u00f1o tama\u00f1o pueden llegar a los pulmones y acceder al flujo sangu\u00edneo, por lo que pueden contribuir a problemas cardiovasculares y cerebrovasculares, adem\u00e1s de a dolencias respiratorias.<\/p>\n\n\n\n<p>Los niveles de otro importante contaminante, el di\u00f3xido de nitr\u00f3geno, asociado al asma y otros problemas respiratorios,&nbsp;<strong>son m\u00e1s altos que los recomendados por la OMS en el 77% de las ciudades que miden este tipo de poluci\u00f3n.<\/strong><\/p>\n\n\n\n<p>\u00abTras sobrevivir a una pandemia, es inaceptable que todav\u00eda haya siete millones de muertes prevenibles y una cifra incalculable de a\u00f1os de buena salud\u00bb, destac\u00f3 al conocerse estos datos la directora de Salud y Medio Ambiente de la OMS, la espa\u00f1ola<strong>&nbsp;Mar\u00eda Neira.<\/strong><\/p>\n\n\n\n<h3 class=\"wp-block-heading\"><strong>D\u00eda Mundial de la Salud<\/strong><\/h3>\n\n\n\n<p>El informe&nbsp;<strong>se publica a tres d\u00edas de la celebraci\u00f3n del D\u00eda Mundial de la Salud, este jueves 7 de abri<\/strong>l, que este a\u00f1o tiene por lema \u00abNuestro planeta, nuestra salud\u00bb y busca vincular la lucha contra el calentamiento global con los objetivos sanitarios de la OMS. \u00abEl doble desaf\u00edo de la contaminaci\u00f3n atmosf\u00e9rica y el cambio clim\u00e1tico muestra la urgente necesidad de acelerar el paso hacia un mundo menos dependiente de los combustibles f\u00f3siles\u00bb, se\u00f1al\u00f3 en este sentido el director general de la organizaci\u00f3n, Tedros Adhanom Ghebreyesus.<\/p>\n\n\n\n<p>La OMS pide a la vista de las negativas cifras de calidad de aire&nbsp;<strong>apoyar la transici\u00f3n hacia el uso de energ\u00edas limpias en la cocina, la calefacci\u00f3n y la iluminaci\u00f3n,<\/strong>&nbsp;la puesta en marcha de controles m\u00e1s estrictos de emisi\u00f3n para los veh\u00edculos, y un desarrollo m\u00e1s amplio de los transportes p\u00fablicos y las v\u00edas peatonales y ciclistas.<\/p>\n\n\n\n<p>Tambi\u00e9n pide reducir la incineraci\u00f3n de desechos en el sector agr\u00edcola, la reducci\u00f3n de la producci\u00f3n de carb\u00f3n vegetal<strong>, e invertir en mayor eficiencia energ\u00e9tica a la hora de dise\u00f1ar viviendas, centrales o industrias.&nbsp;<\/strong>Reclama asimismo que m\u00e1s ciudades del planeta se unan a la red global de control de calidad de aire, y que los gobiernos adopten y revisen los nuevos est\u00e1ndares fijados el pasado a\u00f1o por la OMS en este sentido.<\/p>\n\n\n\n<p>La organizaci\u00f3n con sede en Ginebra estima que m\u00e1s de 13 millones de muertes anuales en el mundo son causadas por factores medioambientales que podr\u00edan evitarse.<\/p>\n\n\n\n<p>Fuente: https:\/\/www.rtve.es\/noticias\/20220404\/99-humanidad-respira-aire-insalubre\/2327280.shtml<\/p>\n","protected":false},"excerpt":{"rendered":"<p>Lo ha calculado al analizar los datos de estaciones de control en 6.000 ciudades de 117 pa\u00edses EFE \/ RTVE [&hellip;]<\/p>\n","protected":false},"author":1,"featured_media":25114,"comment_status":"open","ping_status":"open","sticky":false,"template":"","format":"standard","meta":{"site-sidebar-layout":"default","site-content-layout":"","ast-site-content-layout":"default","site-content-style":"default","site-sidebar-style":"default","ast-global-header-display":"","ast-banner-title-visibility":"","ast-main-header-display":"","ast-hfb-above-header-display":"","ast-hfb-below-header-display":"","ast-hfb-mobile-header-display":"","site-post-title":"","ast-breadcrumbs-content":"","ast-featured-img":"","footer-sml-layout":"","theme-transparent-header-meta":"","adv-header-id-meta":"","stick-header-meta":"","header-above-stick-meta":"","header-main-stick-meta":"","header-below-stick-meta":"","astra-migrate-meta-layouts":"default","ast-page-background-enabled":"default","ast-page-background-meta":{"desktop":{"background-color":"var(--ast-global-color-4)","background-image":"","background-repeat":"repeat","background-position":"center center","background-size":"auto","background-attachment":"scroll","background-type":"","background-media":"","overlay-type":"","overlay-color":"","overlay-opacity":"","overlay-gradient":""},"tablet":{"background-color":"","background-image":"","background-repeat":"repeat","background-position":"center center","background-size":"auto","background-attachment":"scroll","background-type":"","background-media":"","overlay-type":"","overlay-color":"","overlay-opacity":"","overlay-gradient":""},"mobile":{"background-color":"","background-image":"","background-repeat":"repeat","background-position":"center center","background-size":"auto","background-attachment":"scroll","background-type":"","background-media":"","overlay-type":"","overlay-color":"","overlay-opacity":"","overlay-gradient":""}},"ast-content-background-meta":{"desktop":{"background-color":"var(--ast-global-color-5)","background-image":"","background-repeat":"repeat","background-position":"center center","background-size":"auto","background-attachment":"scroll","background-type":"","background-media":"","overlay-type":"","overlay-color":"","overlay-opacity":"","overlay-gradient":""},"tablet":{"background-color":"var(--ast-global-color-5)","background-image":"","background-repeat":"repeat","background-position":"center center","background-size":"auto","background-attachment":"scroll","background-type":"","background-media":"","overlay-type":"","overlay-color":"","overlay-opacity":"","overlay-gradient":""},"mobile":{"background-color":"var(--ast-global-color-5)","background-image":"","background-repeat":"repeat","background-position":"center center","background-size":"auto","background-attachment":"scroll","background-type":"","background-media":"","overlay-type":"","overlay-color":"","overlay-opacity":"","overlay-gradient":""}},"footnotes":""},"categories":[8],"tags":[9334,507],"class_list":["post-25113","post","type-post","status-publish","format-standard","has-post-thumbnail","hentry","category-noticias","tag-contaminacion-aire","tag-oms"],"_links":{"self":[{"href":"https:\/\/losperiodistas.com.mx\/portal\/wp-json\/wp\/v2\/posts\/25113","targetHints":{"allow":["GET"]}}],"collection":[{"href":"https:\/\/losperiodistas.com.mx\/portal\/wp-json\/wp\/v2\/posts"}],"about":[{"href":"https:\/\/losperiodistas.com.mx\/portal\/wp-json\/wp\/v2\/types\/post"}],"author":[{"embeddable":true,"href":"https:\/\/losperiodistas.com.mx\/portal\/wp-json\/wp\/v2\/users\/1"}],"replies":[{"embeddable":true,"href":"https:\/\/losperiodistas.com.mx\/portal\/wp-json\/wp\/v2\/comments?post=25113"}],"version-history":[{"count":1,"href":"https:\/\/losperiodistas.com.mx\/portal\/wp-json\/wp\/v2\/posts\/25113\/revisions"}],"predecessor-version":[{"id":25115,"href":"https:\/\/losperiodistas.com.mx\/portal\/wp-json\/wp\/v2\/posts\/25113\/revisions\/25115"}],"wp:featuredmedia":[{"embeddable":true,"href":"https:\/\/losperiodistas.com.mx\/portal\/wp-json\/wp\/v2\/media\/25114"}],"wp:attachment":[{"href":"https:\/\/losperiodistas.com.mx\/portal\/wp-json\/wp\/v2\/media?parent=25113"}],"wp:term":[{"taxonomy":"category","embeddable":true,"href":"https:\/\/losperiodistas.com.mx\/portal\/wp-json\/wp\/v2\/categories?post=25113"},{"taxonomy":"post_tag","embeddable":true,"href":"https:\/\/losperiodistas.com.mx\/portal\/wp-json\/wp\/v2\/tags?post=25113"}],"curies":[{"name":"wp","href":"https:\/\/api.w.org\/{rel}","templated":true}]}}