{"id":25110,"date":"2022-04-04T08:18:35","date_gmt":"2022-04-04T13:18:35","guid":{"rendered":"http:\/\/losperiodistas.com.mx\/portal\/?p=25110"},"modified":"2022-04-04T09:25:50","modified_gmt":"2022-04-04T14:25:50","slug":"cofepris-avala-vacuna-anticovid-para-ninos-de-5-a-12-anos-y-salud-evita-difundirlo-rocha-informa","status":"publish","type":"post","link":"https:\/\/losperiodistas.com.mx\/portal\/cofepris-avala-vacuna-anticovid-para-ninos-de-5-a-12-anos-y-salud-evita-difundirlo-rocha-informa\/","title":{"rendered":"Cofepris avala vacuna anticovid para ni\u00f1os de 5 a 12 a\u00f1os y Salud evita difundirlo | Rocha Informa"},"content":{"rendered":"\n<p><em>Desde el 3 de marzo pasado se dio la autorizaci\u00f3n, pero el Gobierno no lo comunic\u00f3 y AMLO dice que hablar\u00e1 de ello hasta el pr\u00f3ximo martes<\/em><\/p>\n\n\n\n<figure class=\"wp-block-image size-large\"><img fetchpriority=\"high\" decoding=\"async\" width=\"1024\" height=\"576\" src=\"https:\/\/losperiodistas.com.mx\/portal\/wp-content\/uploads\/2022\/04\/vacuna-ninos-1536x864-2-1024x576.jpg\" alt=\"\" class=\"wp-image-25121\" srcset=\"https:\/\/losperiodistas.com.mx\/portal\/wp-content\/uploads\/2022\/04\/vacuna-ninos-1536x864-2-1024x576.jpg 1024w, https:\/\/losperiodistas.com.mx\/portal\/wp-content\/uploads\/2022\/04\/vacuna-ninos-1536x864-2-300x169.jpg 300w, https:\/\/losperiodistas.com.mx\/portal\/wp-content\/uploads\/2022\/04\/vacuna-ninos-1536x864-2-768x432.jpg 768w, https:\/\/losperiodistas.com.mx\/portal\/wp-content\/uploads\/2022\/04\/vacuna-ninos-1536x864-2.jpg 1536w\" sizes=\"(max-width: 1024px) 100vw, 1024px\" \/><\/figure>\n\n\n\n<p><\/p>\n\n\n\n<p class=\"has-vivid-cyan-blue-color has-text-color has-medium-font-size\">ROCHA INFORMA<\/p>\n\n\n\n<p>La Comisi\u00f3n Federal para la Protecci\u00f3n contra Riesgos Sanitarios (Cofepris) autoriz\u00f3 desde el 3 de marzo el uso de emergencia de la vacuna Pfizer para ni\u00f1os de 5 a 12 a\u00f1os de edad, seg\u00fan los datos de este \u00f3rgano en su p\u00e1gina de Internet.<\/p>\n\n\n\n<p>De acuerdo con un oficio enviado por Cofepris al Juzgado Segundo de Distrito de Oaxaca, \u201cel 3 de marzo del a\u00f1o en curso, esta Comisi\u00f3n emiti\u00f3 la Autorizaci\u00f3n para uso de emergencia de la vacuna Pfizer\u2013BioNtech covid-19 Vaccine para la aplicaci\u00f3n en el grupo de personas de 5 a\u00f1os en adelante\u201d.<\/p>\n\n\n\n<p>El presidente Andr\u00e9s Manuel L\u00f3pez Obrador fue cuestionado sobre la autorizaci\u00f3n de la vacuna a ni\u00f1os que podr\u00eda ser aplicada a aquellos que tienen de 5 a\u00f1os de edad en adelante, sin embargo, dijo que hablar\u00eda del tema hasta el pr\u00f3ximo martes en su conferencia ma\u00f1anera.<\/p>\n\n\n\n<p>Este \u00f3rgano de la Secretar\u00eda de Salud federal, advierte que la dosis y composici\u00f3n de la vacuna para los menores de este rango de edad es diferente a la que se aplica para mayores de 12 a\u00f1os. Por la experiencia en Estados Unidos, se sabe que por lineamiento de autoridades sanitarias, los ni\u00f1os de menor edad reciben dos dosis, cada una de 10 microgramos, en un intervalo de 21 d\u00edas.<\/p>\n\n\n\n<figure class=\"wp-block-embed is-type-wp-embed is-provider-rochainforma-com wp-block-embed-rochainforma-com\"><div class=\"wp-block-embed__wrapper\">\nhttps:\/\/www.rochainforma.com\/gobierno-federal-insiste-su-plan-de-vacunacion-no-contempla-a-ninos\/\n<\/div><\/figure>\n\n\n\n<p>De acuerdo con el Censo de Poblaci\u00f3n 2020, en el pa\u00eds viven 31.8 millones de ni\u00f1as y ni\u00f1os de 0 a 14 a\u00f1os, que representan 25.3% de la poblaci\u00f3n total<\/p>\n\n\n\n<p>Hasta el momento, en M\u00e9xico solo se vacuna a los menores de edad de entre 12 y 17 a\u00f1os siempre y cuando comprueben el padecimiento de alguna comorbolidad como obesidad, diabetes, asma y s\u00edndrome de Down, mientras que los ni\u00f1os menores de 11 a\u00f1os solo pueden acceder a su aplicaci\u00f3n a trav\u00e9s de un amparo.<\/p>\n\n\n\n<p>En meses anteriores, la postura del gobierno federal, particularmente del subsecretario de Salud, Hugo L\u00f3pez-Gatell, fue que no era urgente bajo el argumento de que los ni\u00f1os presentan una mayor resistencia al coronavirus, motivo por el cual no fue prioritaria su inclusi\u00f3n en el Plan Nacional de Vacunaci\u00f3n. Agreg\u00f3 que no exist\u00eda recomendaci\u00f3n o estudio de la Organizaci\u00f3n Mundial de la Salud (OMS) para justificar el biol\u00f3gico a menores de edad.<\/p>\n\n\n\n<p>De acuerdo con datos del 28 de marzo, en M\u00e9xico se han aplicado casi 200 millones de dosis y m\u00e1s de 79 millones de personas cuentan ya con esquema completo, por esa raz\u00f3n los m\u00f3dulos de vacunaci\u00f3n han reducido su capacidad para atender solo a los rezagados, sin que hasta el momento haya alg\u00fan anuncio sobre el turno para los menores de edad.<\/p>\n\n\n\n<p>En Am\u00e9rica Latina, pa\u00edses como Cuba, Ecuador, Colombia, Argentina, Costa Rica y Chile llevan iniciaron desde 2021 un programa de vacunaci\u00f3n para ni\u00f1os de 5 a 11 a\u00f1os, sin que se tengan reportes de reacciones adversas.<\/p>\n\n\n\n<p>En M\u00e9xico se aplican las f\u00f3rmulas Pfizer-BioNTech, AstraZeneca, Sputnik V, Janssen, Moderna, Sinovac y CanSino, y de acuerdo con la decisi\u00f3n de Cofepris, solo se tendr\u00eda autorizado de manera temporal el uso de emergencia de la f\u00f3rmula de Pfizer para ni\u00f1as y ni\u00f1os.<\/p>\n\n\n\n<p>Sinovac, de origen chino, es otro de los biol\u00f3gicos que cuenta con una vacuna espec\u00edfica para menores de edad pero en Am\u00e9rica Latina solo se usa en Chile.<\/p>\n\n\n\n<p>La autorizaci\u00f3n en M\u00e9xico para vacunar a los ni\u00f1os contra el virus del SARS-CoV-2 resulta crucial para los padres de familia luego que la Secretar\u00eda de Educaci\u00f3n P\u00fablica orden\u00f3 recientemente el regreso presencial en todos los planteles p\u00fablicos y privados. Se trata de una de las demandas entre la poblaci\u00f3n<\/p>\n\n\n\n<p>Con informaci\u00f3n de Infobae<\/p>\n\n\n\n<p>Fuente: https:\/\/www.rochainforma.com\/cofepris-avala-vacuna-anticovid-para-ninos-de-5-a-12-anos-y-salud-evita-difundirlo\/<\/p>\n","protected":false},"excerpt":{"rendered":"<p>Desde el 3 de marzo pasado se dio la autorizaci\u00f3n, pero el Gobierno no lo comunic\u00f3 y AMLO dice que [&hellip;]<\/p>\n","protected":false},"author":1,"featured_media":25120,"comment_status":"open","ping_status":"open","sticky":false,"template":"","format":"standard","meta":{"site-sidebar-layout":"default","site-content-layout":"","ast-site-content-layout":"default","site-content-style":"default","site-sidebar-style":"default","ast-global-header-display":"","ast-banner-title-visibility":"","ast-main-header-display":"","ast-hfb-above-header-display":"","ast-hfb-below-header-display":"","ast-hfb-mobile-header-display":"","site-post-title":"","ast-breadcrumbs-content":"","ast-featured-img":"","footer-sml-layout":"","theme-transparent-header-meta":"","adv-header-id-meta":"","stick-header-meta":"","header-above-stick-meta":"","header-main-stick-meta":"","header-below-stick-meta":"","astra-migrate-meta-layouts":"default","ast-page-background-enabled":"default","ast-page-background-meta":{"desktop":{"background-color":"var(--ast-global-color-4)","background-image":"","background-repeat":"repeat","background-position":"center center","background-size":"auto","background-attachment":"scroll","background-type":"","background-media":"","overlay-type":"","overlay-color":"","overlay-opacity":"","overlay-gradient":""},"tablet":{"background-color":"","background-image":"","background-repeat":"repeat","background-position":"center center","background-size":"auto","background-attachment":"scroll","background-type":"","background-media":"","overlay-type":"","overlay-color":"","overlay-opacity":"","overlay-gradient":""},"mobile":{"background-color":"","background-image":"","background-repeat":"repeat","background-position":"center center","background-size":"auto","background-attachment":"scroll","background-type":"","background-media":"","overlay-type":"","overlay-color":"","overlay-opacity":"","overlay-gradient":""}},"ast-content-background-meta":{"desktop":{"background-color":"var(--ast-global-color-5)","background-image":"","background-repeat":"repeat","background-position":"center center","background-size":"auto","background-attachment":"scroll","background-type":"","background-media":"","overlay-type":"","overlay-color":"","overlay-opacity":"","overlay-gradient":""},"tablet":{"background-color":"var(--ast-global-color-5)","background-image":"","background-repeat":"repeat","background-position":"center center","background-size":"auto","background-attachment":"scroll","background-type":"","background-media":"","overlay-type":"","overlay-color":"","overlay-opacity":"","overlay-gradient":""},"mobile":{"background-color":"var(--ast-global-color-5)","background-image":"","background-repeat":"repeat","background-position":"center center","background-size":"auto","background-attachment":"scroll","background-type":"","background-media":"","overlay-type":"","overlay-color":"","overlay-opacity":"","overlay-gradient":""}},"footnotes":""},"categories":[8],"tags":[199,2353,38,3748,9333],"class_list":["post-25110","post","type-post","status-publish","format-standard","has-post-thumbnail","hentry","category-noticias","tag-amlo","tag-cofepris","tag-covid-19","tag-ssa","tag-vacunas"],"_links":{"self":[{"href":"https:\/\/losperiodistas.com.mx\/portal\/wp-json\/wp\/v2\/posts\/25110","targetHints":{"allow":["GET"]}}],"collection":[{"href":"https:\/\/losperiodistas.com.mx\/portal\/wp-json\/wp\/v2\/posts"}],"about":[{"href":"https:\/\/losperiodistas.com.mx\/portal\/wp-json\/wp\/v2\/types\/post"}],"author":[{"embeddable":true,"href":"https:\/\/losperiodistas.com.mx\/portal\/wp-json\/wp\/v2\/users\/1"}],"replies":[{"embeddable":true,"href":"https:\/\/losperiodistas.com.mx\/portal\/wp-json\/wp\/v2\/comments?post=25110"}],"version-history":[{"count":2,"href":"https:\/\/losperiodistas.com.mx\/portal\/wp-json\/wp\/v2\/posts\/25110\/revisions"}],"predecessor-version":[{"id":25122,"href":"https:\/\/losperiodistas.com.mx\/portal\/wp-json\/wp\/v2\/posts\/25110\/revisions\/25122"}],"wp:featuredmedia":[{"embeddable":true,"href":"https:\/\/losperiodistas.com.mx\/portal\/wp-json\/wp\/v2\/media\/25120"}],"wp:attachment":[{"href":"https:\/\/losperiodistas.com.mx\/portal\/wp-json\/wp\/v2\/media?parent=25110"}],"wp:term":[{"taxonomy":"category","embeddable":true,"href":"https:\/\/losperiodistas.com.mx\/portal\/wp-json\/wp\/v2\/categories?post=25110"},{"taxonomy":"post_tag","embeddable":true,"href":"https:\/\/losperiodistas.com.mx\/portal\/wp-json\/wp\/v2\/tags?post=25110"}],"curies":[{"name":"wp","href":"https:\/\/api.w.org\/{rel}","templated":true}]}}