{"id":2502,"date":"2020-12-18T01:51:49","date_gmt":"2020-12-18T07:51:49","guid":{"rendered":"http:\/\/losperiodistas.com.mx\/portal\/?p=2502"},"modified":"2020-12-18T01:51:49","modified_gmt":"2020-12-18T07:51:49","slug":"el-congreso-aprueba-con-198-votos-el-derecho-a-la-eutanasia-en-espana-el-mundo","status":"publish","type":"post","link":"https:\/\/losperiodistas.com.mx\/portal\/el-congreso-aprueba-con-198-votos-el-derecho-a-la-eutanasia-en-espana-el-mundo\/","title":{"rendered":"El Congreso aprueba con 198 votos el derecho a la eutanasia en Espa\u00f1a | El Mundo"},"content":{"rendered":"\n<p style=\"font-size:18px\"><em>El derecho a solicitar y recibir ayuda para poner fin a la vida en los casos incurables y de sufrimiento f\u00edsico y ps\u00edquico extremo ser\u00e1 una realidad en un plazo m\u00e1ximo de tres meses <\/em><\/p>\n\n\n\n<p class=\"has-vivid-cyan-blue-color has-text-color has-medium-font-size\">MARISA CRUZ\/ EL MUNDO<\/p>\n\n\n\n<p>El derecho a solicitar y recibir ayuda para poner fin a la vida en los casos incurables y de sufrimiento f\u00edsico y ps\u00edquico extremo ser\u00e1 una realidad en un plazo m\u00e1ximo de tres meses <\/p>\n\n\n\n<p>Espa\u00f1a se suma desde hoy al grupo de pa\u00edses que acepta, facilita y regula la&nbsp;<a href=\"https:\/\/www.elmundo.es\/t\/eu\/eutanasia.html\">eutanasia<\/a>, en definitiva, el derecho de una persona, en condiciones extremas tasadas, a solicitar ayuda para poner fin a su vida. El&nbsp;<a href=\"https:\/\/www.elmundo.es\/e\/co\/congreso-de-los-diputados.html\">Congreso de los Diputados<\/a>&nbsp;ha aprobado por 198 votos a favor, frente a 138 en contra y 2 abstenciones la proposici\u00f3n de ley org\u00e1nica impulsada por el&nbsp;<a href=\"https:\/\/www.elmundo.es\/e\/ps\/psoe-partido-socialista-obrero-espanol.html\">PSOE<\/a>&nbsp;que establece las exigencias, garant\u00edas y condiciones necesarias para pedir y recibir asistencia para morir.<\/p>\n\n\n\n<p>La norma debe ahora \u00fanicamente superar el tr\u00e1mite del&nbsp;<a href=\"https:\/\/www.elmundo.es\/e\/se\/senado.html\">Senado<\/a>, que no plantear\u00e1 dificultades, y entrar\u00e1 en vigor tres meses despu\u00e9s de su publicaci\u00f3n en el&nbsp;<strong>BOE<\/strong>, aproximadamente en el mes de abril. \u00abHoy se impone el sentido com\u00fan y la humanidad\u00bb, ha afirmado el ministro de Sanidad,&nbsp;<a href=\"https:\/\/www.elmundo.es\/espana\/salvador-illa.html\">Salvador Illa<\/a>.<\/p>\n\n\n\n<p>Se trata de una propuesta presentada por primera vez en 2017 por&nbsp;<a href=\"https:\/\/www.elmundo.es\/e\/un\/unidas-podemos.html\">Unidas Podemos<\/a>&nbsp;y, posteriormente, en mayo de 2018, por el PSOE. Esta \u00faltima es la que, tras&nbsp;<a href=\"https:\/\/www.elmundo.es\/espana\/2020\/02\/11\/5e42ff90fdddffc9088b4598.html\">quedar paralizada<\/a>&nbsp;por las sucesivas interrupciones de legislatura acontecidas en los dos \u00faltimos dos a\u00f1os, hoy recibe la luz verde del Congreso con el apoyo de todas las fuerzas parlamentarias a excepci\u00f3n de&nbsp;<a href=\"https:\/\/www.elmundo.es\/e\/pp\/pp-partido-popular.html\">PP<\/a>,&nbsp;<a href=\"https:\/\/www.elmundo.es\/e\/vo\/vox.html\">Vox<\/a>&nbsp;y&nbsp;<a href=\"https:\/\/www.elmundo.es\/e\/up\/upn.html\">UPN<\/a>.<\/p>\n\n\n\n<p>El PP, un partido que ha votado en contra de la ley, ha lamentado que al tratarse de una proposici\u00f3n de ley&nbsp;<a href=\"https:\/\/www.elmundo.es\/espana\/2020\/12\/15\/5fd8b478fdddff0c0f8b468a.html\">no se hayan recabado los informes preceptivos<\/a>&nbsp;de los \u00f3rganos constitucionales y se haya sorteado la consulta p\u00fablica.<\/p>\n\n\n\n<p><strong>Jos\u00e9 Ignacio Ech\u00e1niz<\/strong>, en nombre de los populares, ha mantenido que el texto es \u00abinconstitucional, inoportuno, fr\u00edvolo, chapucero e injusto\u00bb y act\u00faa \u00abcontra los m\u00e1s vulnerables y desvalidos\u00bb. El PP defiende que hay una \u00abalternativa\u00bb a la eutanasia y que pasa por una ley de derechos y garant\u00edas ante el proceso final de la vida que incluya la sedaci\u00f3n, la universalizaci\u00f3n de los tratamientos paliativos y el testamento m\u00ednimo vital para asegurar que no haya muerte con sufrimiento. Esta ley es, en opini\u00f3n del PP, \u00abuna derrota para todos\u00bb.&nbsp;<\/p>\n\n\n\n<p>La misma posici\u00f3n ha sido mantenida por UPN quien ha llamado la atenci\u00f3n sobre la diferencia de coste que existe entre los cuidados paliativos y la eutanasia. Esta \u00faltima pr\u00e1ctica, ha recalcado UPN, \u00abes gratis\u00bb. \u00abUstedes prefieren empujar al que quiere tirarse al vac\u00edo antes que proporcionarle la ayuda necesaria para evitarlo\u00bb, ha afirmado su portavoz\u00a0<strong>Carlos Garc\u00eda Adanero<\/strong>, suscitando las protestas airadas de media C\u00e1mara.<\/p>\n\n\n\n<figure class=\"wp-block-embed-youtube wp-block-embed is-type-video is-provider-youtube wp-embed-aspect-16-9 wp-has-aspect-ratio\"><div class=\"wp-block-embed__wrapper\">\n<iframe title=\"El Congreso aprueba la primera ley de eutanasia\" width=\"500\" height=\"281\" src=\"https:\/\/www.youtube.com\/embed\/0ul2Y-Lqef4?feature=oembed\" frameborder=\"0\" allow=\"accelerometer; autoplay; clipboard-write; encrypted-media; gyroscope; picture-in-picture; web-share\" referrerpolicy=\"strict-origin-when-cross-origin\" allowfullscreen><\/iframe>\n<\/div><\/figure>\n\n\n\n<p><\/p>\n\n\n\n<p>Tambi\u00e9n en contra, Vox ha tachado la norma de \u00abileg\u00edtima\u00bb porque en su opini\u00f3n implica la \u00abfirma de sentencias de muerte\u00bb, en definitiva, dar v\u00eda libre a que \u00abel Estado mate\u00bb. Vox ha dado por hecho que, a partir de ahora, s\u00f3lo podr\u00e1n acceder a los cuidados paliativos quienes tengan medios para pagarlos. El resto, ha asegurado su portavoz&nbsp;<strong>Lourdes M\u00e9ndez<\/strong>, se ver\u00e1n \u00abcoaccionados a morir\u00bb. Esta ley es \u00abcriminal\u00bb, \u00abrepugna a la raz\u00f3n\u00bb e \u00abinstaura la industria de la muerte\u00bb. Vox, ha dicho, recurrir\u00e1 \u00abesta barbarie\u00bb ante el&nbsp;<a href=\"https:\/\/www.elmundo.es\/e\/tr\/tribunal-constitucional.html\">Tribunal Constitucional<\/a>.<\/p>\n\n\n\n<figure class=\"wp-block-image\"><img decoding=\"async\" src=\"https:\/\/e00-elmundo.uecdn.es\/assets\/multimedia\/imagenes\/2020\/12\/17\/16082189635903.jpg\" alt=\"La socialista Mar\u00eda Luisa Carcedo, durante la defensa de la ley.\"\/><figcaption>La socialista Mar\u00eda Luisa Carcedo, durante la defensa de la ley.<\/figcaption><\/figure>\n\n\n\n<p>El PSOE, por boca de&nbsp;<a href=\"https:\/\/www.elmundo.es\/e\/ma\/maria-luisa-carcedo.html\">Mar\u00eda Luisa Carcedo<\/a>, ex ministra de Sanidad e impulsora decisiva de la norma, ha defendido la ley porque \u00abpiensa en la condici\u00f3n humana, que es vida, pero tambi\u00e9n padecimiento y muerte\u00bb.\u00bbLa eutanasia\u00bb, ha defendido, \u00abes un instrumento del que disponemos para ponerlo al servicio de un proyecto humanizador. Es un derecho que nos hace libres\u00bb. Carcedo ha acusado a la derecha de \u00abenzarzarse en batallas apocal\u00edpticas cada vez que se pretende avanzar en derechos\u00bb y ha insistido en las \u00abgarant\u00edas\u00bb que ofrece la ley.<\/p>\n\n\n\n<p>\u00abNadie pierde hoy, pero ganan quienes realmente necesitan esta libertad para decidir morir dignamente\u00bb, ha defendido desde la tribuna de oradores el portavoz de&nbsp;<a href=\"https:\/\/www.elmundo.es\/espana\/mas-pais.html\">M\u00e1s Pa\u00eds<\/a>,&nbsp;<a href=\"https:\/\/www.elmundo.es\/e\/in\/inigo-errejon.html\">\u00cd\u00f1igo Errej\u00f3n<\/a>. \u00abEnsanchamos derechos y ponemos l\u00edmites al dolor y al sufrimiento\u00bb, ha afirmado el representante de&nbsp;<a href=\"https:\/\/www.elmundo.es\/e\/ju\/junts-per-catalunya.html\">JxCat<\/a>,&nbsp;<strong>Sergi Miquel<\/strong>, quien ha reprochado a PP y Vox, los dos grupos que han votado en contra, que pretendan imponer \u00absu moral y su fe\u00bb.<\/p>\n\n\n\n<p>El&nbsp;<a href=\"https:\/\/www.elmundo.es\/e\/pn\/pnv-partido-nacionalista-vasco.html\">PNV<\/a>, tambi\u00e9n a favor de la nueva ley, ha apostado por \u00abayudar al buen morir\u00bb y el derecho de la persona a \u00abgestionar el propio cuerpo\u00bb y a la \u00abdignidad\u00bb. \u00abTenemos la obligaci\u00f3n de legislar\u00bb, ha dicho su portavoz, \u00abm\u00e1s all\u00e1 de los convencimientos \u00e9ticos de cada uno\u00bb. Los nacionalistas vascos han puesto de manifiesto que la despenalizaci\u00f3n de la eutanasia no supone en ning\u00fan caso prescindir del derecho a recibir cuidados paliativos.<\/p>\n\n\n\n<p><a href=\"https:\/\/www.elmundo.es\/e\/er\/erc-esquerra-republicana.html\">ERC<\/a>&nbsp;ha insistido en que las personas son \u00abdue\u00f1as de sus vidas y tambi\u00e9n de su muerte\u00bb y ha hecho hincapi\u00e9 en el aspecto penal, que ahora desaparece, para quien ayuda a poner fin a la vida de quien padece sufrimientos insoportables sin soluci\u00f3n. ERC no obstante, ha pedido mediante enmienda que se incluya una regulaci\u00f3n espec\u00edfica para los menores de edad. \u00abEs falso que esto sea una ley de muerte, es una ley de vida\u00bb, ha afirmado la diputada&nbsp;<strong>Pilar Vallugera<\/strong>.<\/p>\n\n\n\n<p><a href=\"https:\/\/www.elmundo.es\/e\/bi\/bildu.html\">Bildu<\/a>&nbsp;ha calificado el derecho a decidir la propia muerte como una aut\u00e9ntica \u00abexigencia social\u00bb y ha llamado a hacer frente a las \u00abduras resistencias\u00bb que se opondr\u00e1n al ejercicio del \u00absuicidio asistido\u00bb.<\/p>\n\n\n\n<p><a href=\"https:\/\/www.elmundo.es\/e\/in\/ines-arrimadas.html\">In\u00e9s Arrimadas<\/a>, en nombre de&nbsp;<a href=\"https:\/\/www.elmundo.es\/e\/cs\/cs-ciudadanos.html\">Ciudadanos<\/a>, ha asegurado que esta ley es un \u00abavance para las libertades\u00bb. \u00abNo se trata de imponer creencias, sino de respetar las del otro\u00bb, ha afirmado insistiendo en que la ley no supone la p\u00e9rdida de derechos para nadie y, adem\u00e1s, cuenta con el respaldo del 80% de los espa\u00f1oles. Arrimadas ha recordado todas las garant\u00edas que ofrece la norma y ha pedido a los grupos que la rechazan que \u00abno hagan una caricatura\u00bb de la ley. Cs es un partido que ha propuesto, adem\u00e1s, una ley de Cuidados Paliativos como derecho \u00abcomplementario\u00bb al de eutanasia.<\/p>\n\n\n\n<p>Unidas Podemos ha preferido se\u00f1alar a PP y Vox dando por hecho que acudir\u00edan \u00abcon dinero\u00bb adonde fuera necesario para dar una muerte digna a los suyos. Para ellos, ha dicho la diputada&nbsp;<strong>Rosa Mar\u00eda Medel<\/strong>, \u00abla l\u00ednea infranqueable es el dinero\u00bb y \u00abno pueden admitir que los pobres tengan un derecho que no podr\u00edan pagar\u00bb. Medel ha suscitado con estas acusaciones las protestas airadas de la derecha.<\/p>\n\n\n\n<h2 class=\"wp-block-heading\">LAS CONDICIONES DE LA LEY<\/h2>\n\n\n\n<p>La ley aprobada trata de compaginar el derecho constitucional a la vida con los derechos, tambi\u00e9n constitucionales, a la integridad f\u00edsica y moral; a la dignidad humana; al valor superior de la libertad; a la intimidad y a la libertad ideol\u00f3gica y de conciencia.<\/p>\n\n\n\n<p>El texto aprobado establece como&nbsp;<a href=\"https:\/\/www.elmundo.es\/espana\/2020\/12\/17\/5fdb45affdddff48238b4735.html\">condiciones imprescindibles<\/a>para recibir ayuda para morir que la persona afectada lo solicite dos veces con una diferencia al menos de 15 d\u00edas y hacerlo voluntariamente, con plena autonom\u00eda y tras haber sido informada detalladamente y por escrito de su situaci\u00f3n m\u00e9dica, del proceso que seguir\u00e1 la misma y de las alternativas paliativas si las hubiere.&nbsp;<\/p>\n\n\n\n<p>El solicitante debe sufrir una enfermedad grave e incurable que provoque sufrimiento f\u00edsico o ps\u00edquico constante e intolerable o padecer una dolencia cr\u00f3nica e invalidante que incida directamente sobre su autonom\u00eda f\u00edsica, de expresi\u00f3n y relaci\u00f3n con seguridad de que dichas limitaciones no tienen posibilidad de curaci\u00f3n o mejor\u00eda.<\/p>\n\n\n\n<p>En el caso de personas absolutamente incapacitadas, sin consciencia, ser\u00e1 imprescindible que exista un documento de instrucciones previas, un testamento vital, suscrito por ella misma cuando se encontraba en condiciones de hacerlo y en el que expresamente afirme su decisi\u00f3n de acceder a la pr\u00e1ctica eutan\u00e1sica.M\u00e1s en El Mundo<a href=\"https:\/\/www.elmundo.es\/comunidad-valenciana\/2020\/12\/17\/5fdbc138fdddffec328b473e.html\">La Comunidad Valenciana decreta un cierre perimetral sin excepci\u00f3n todas las Navidades y restringe las reuniones a seis personas<\/a><a href=\"https:\/\/www.elmundo.es\/loc\/famosos\/2020\/12\/18\/5fdbdd6021efa08d338b46ff.html\">La hija de Almudena Grandes y Luis Garc\u00eda Montero, una \u00abcamarada\u00bb de la Falange<\/a><\/p>\n\n\n\n<p>Todo el proceso debe ser supervisado, informado, certificado y asistido por un m\u00e9dico responsable que deber\u00e1 adem\u00e1s recabar opini\u00f3n de otro m\u00e9dico consultor. Todos los informes y la decisi\u00f3n correspondiente al caso se elevar\u00e1n a la&nbsp;<strong>Comisi\u00f3n de Evaluaci\u00f3n y Control<\/strong>&nbsp;que deber\u00e1 conformarse en cada Comunidad Aut\u00f3noma. Todos estos tr\u00e1mites pueden conllevar aproximadamente dos semanas.<\/p>\n\n\n\n<p>Una vez exista resoluci\u00f3n favorable a la solicitud del afectado, la prestaci\u00f3n de la ayuda a morir podr\u00e1 llevarse a cabo tanto en el centro hospitalario p\u00fablico o privado como en el domicilio particular del paciente y siempre en presencia de equipo m\u00e9dico. La ley tambi\u00e9n contempla el derecho a la objeci\u00f3n de conciencia por parte del personal sanitario.<\/p>\n\n\n\n<p>Fuente: https:\/\/www.elmundo.es\/espana\/2020\/12\/17\/5fdb4500fdddff71258b46a3.html<\/p>\n","protected":false},"excerpt":{"rendered":"<p>El derecho a solicitar y recibir ayuda para poner fin a la vida en los casos incurables y de sufrimiento [&hellip;]<\/p>\n","protected":false},"author":1,"featured_media":2503,"comment_status":"open","ping_status":"open","sticky":false,"template":"","format":"standard","meta":{"site-sidebar-layout":"default","site-content-layout":"","ast-site-content-layout":"default","site-content-style":"default","site-sidebar-style":"default","ast-global-header-display":"","ast-banner-title-visibility":"","ast-main-header-display":"","ast-hfb-above-header-display":"","ast-hfb-below-header-display":"","ast-hfb-mobile-header-display":"","site-post-title":"","ast-breadcrumbs-content":"","ast-featured-img":"","footer-sml-layout":"","theme-transparent-header-meta":"","adv-header-id-meta":"","stick-header-meta":"","header-above-stick-meta":"","header-main-stick-meta":"","header-below-stick-meta":"","astra-migrate-meta-layouts":"default","ast-page-background-enabled":"default","ast-page-background-meta":{"desktop":{"background-color":"var(--ast-global-color-4)","background-image":"","background-repeat":"repeat","background-position":"center center","background-size":"auto","background-attachment":"scroll","background-type":"","background-media":"","overlay-type":"","overlay-color":"","overlay-opacity":"","overlay-gradient":""},"tablet":{"background-color":"","background-image":"","background-repeat":"repeat","background-position":"center center","background-size":"auto","background-attachment":"scroll","background-type":"","background-media":"","overlay-type":"","overlay-color":"","overlay-opacity":"","overlay-gradient":""},"mobile":{"background-color":"","background-image":"","background-repeat":"repeat","background-position":"center center","background-size":"auto","background-attachment":"scroll","background-type":"","background-media":"","overlay-type":"","overlay-color":"","overlay-opacity":"","overlay-gradient":""}},"ast-content-background-meta":{"desktop":{"background-color":"var(--ast-global-color-5)","background-image":"","background-repeat":"repeat","background-position":"center center","background-size":"auto","background-attachment":"scroll","background-type":"","background-media":"","overlay-type":"","overlay-color":"","overlay-opacity":"","overlay-gradient":""},"tablet":{"background-color":"var(--ast-global-color-5)","background-image":"","background-repeat":"repeat","background-position":"center center","background-size":"auto","background-attachment":"scroll","background-type":"","background-media":"","overlay-type":"","overlay-color":"","overlay-opacity":"","overlay-gradient":""},"mobile":{"background-color":"var(--ast-global-color-5)","background-image":"","background-repeat":"repeat","background-position":"center center","background-size":"auto","background-attachment":"scroll","background-type":"","background-media":"","overlay-type":"","overlay-color":"","overlay-opacity":"","overlay-gradient":""}},"footnotes":""},"categories":[8],"tags":[],"class_list":["post-2502","post","type-post","status-publish","format-standard","has-post-thumbnail","hentry","category-noticias"],"_links":{"self":[{"href":"https:\/\/losperiodistas.com.mx\/portal\/wp-json\/wp\/v2\/posts\/2502","targetHints":{"allow":["GET"]}}],"collection":[{"href":"https:\/\/losperiodistas.com.mx\/portal\/wp-json\/wp\/v2\/posts"}],"about":[{"href":"https:\/\/losperiodistas.com.mx\/portal\/wp-json\/wp\/v2\/types\/post"}],"author":[{"embeddable":true,"href":"https:\/\/losperiodistas.com.mx\/portal\/wp-json\/wp\/v2\/users\/1"}],"replies":[{"embeddable":true,"href":"https:\/\/losperiodistas.com.mx\/portal\/wp-json\/wp\/v2\/comments?post=2502"}],"version-history":[{"count":1,"href":"https:\/\/losperiodistas.com.mx\/portal\/wp-json\/wp\/v2\/posts\/2502\/revisions"}],"predecessor-version":[{"id":2504,"href":"https:\/\/losperiodistas.com.mx\/portal\/wp-json\/wp\/v2\/posts\/2502\/revisions\/2504"}],"wp:featuredmedia":[{"embeddable":true,"href":"https:\/\/losperiodistas.com.mx\/portal\/wp-json\/wp\/v2\/media\/2503"}],"wp:attachment":[{"href":"https:\/\/losperiodistas.com.mx\/portal\/wp-json\/wp\/v2\/media?parent=2502"}],"wp:term":[{"taxonomy":"category","embeddable":true,"href":"https:\/\/losperiodistas.com.mx\/portal\/wp-json\/wp\/v2\/categories?post=2502"},{"taxonomy":"post_tag","embeddable":true,"href":"https:\/\/losperiodistas.com.mx\/portal\/wp-json\/wp\/v2\/tags?post=2502"}],"curies":[{"name":"wp","href":"https:\/\/api.w.org\/{rel}","templated":true}]}}