{"id":2499,"date":"2020-12-18T01:39:47","date_gmt":"2020-12-18T07:39:47","guid":{"rendered":"http:\/\/losperiodistas.com.mx\/portal\/?p=2499"},"modified":"2020-12-18T01:39:47","modified_gmt":"2020-12-18T07:39:47","slug":"la-sangre-de-san-genaro-no-se-licua-y-en-napoles-se-desatan-los-temores-abc","status":"publish","type":"post","link":"https:\/\/losperiodistas.com.mx\/portal\/la-sangre-de-san-genaro-no-se-licua-y-en-napoles-se-desatan-los-temores-abc\/","title":{"rendered":"La sangre de San Genaro no se licua y en N\u00e1poles se desatan los temores | ABC"},"content":{"rendered":"\n<p style=\"font-size:18px\"><em>El antrop\u00f3logo napolitano Niola: \u00abEl Maradona de los santos ha fallado un penalti; el fallido prodigio trae inquietud a toda N\u00e1poles\u00bb. Incre\u00edble coincidencia con 1835, con una epidemia de c\u00f3lera en a\u00f1o bisiesto que ocasion\u00f3 miles de muertos en la capital napolitana<\/em><\/p>\n\n\n\n<p class=\"has-vivid-cyan-blue-color has-text-color has-medium-font-size\">\u00c1NGEL G\u00d3MEZ FUENTES\/ Roma \/ ABC<\/p>\n\n\n\n<p>\u00abNos faltaba solo que fallara San Genaro\u00bb, dicen los napolitanos, expresi\u00f3n que recoge en primeras p\u00e1ginas a tres columnas el diario local de difusi\u00f3n nacional \u00abIl Mattino\u00bb. En un a\u00f1o negro que todo el mundo quiere olvidar, los napolitanos, que adem\u00e1s han visto morir a su mito Maradona, esperaban al menos en el milagro de su patr\u00f3n San Genaro. Pero esta vez<strong>&nbsp;no se realiz\u00f3 la licuaci\u00f3n de su sangre<\/strong>&nbsp;que se conserva en un relicario de cristal en la catedral de N\u00e1poles. No solo una desilusi\u00f3n para los napolitanos, sino para sus fieles y curiosos de todo el mundo. Con el \u00abno\u00bb de San Genaro, ahora \u00abN\u00e1poles tiene miedo\u00bb, afirma \u00abIl Mattino\u00bb, que dedica dos p\u00e1ginas al \u00abmilagro fallido\u00bb. Cuando no se produce ese \u00abmilagro laico\u00bb, los napolitanos temen que sea la se\u00f1al de un mal fario o p\u00e9simo augurio para el a\u00f1o pr\u00f3ximo, aunque ser\u00e1 dif\u00edcil que sea m\u00e1s infausto que el 2020. Para el fen\u00f3meno de la licuaci\u00f3n, la Iglesia habla de \u00abprodigio\u00bb, pues no es considerado como un milagro.&nbsp;<\/p>\n\n\n\n<p>La tradici\u00f3n es secular. El relicario con la supuesta sangre del santo, en estado s\u00f3lido, es sacudido por el arzobispo o un monse\u00f1or ante los fieles y\u00a0<strong>se convierte en l\u00edquido.<\/strong>\u00a0As\u00ed ha ocurrido casi siempre en las tres veces en que es sacado de su lugar habitual, en una capilla de la catedral: El s\u00e1bado previo al primer domingo de mayo, el d\u00eda 19 de septiembre, que es su fiesta patronal, y cada 16 de diciembre. Ayer, se intent\u00f3 dos veces, en la ma\u00f1ana y a las 19:40. Ante la decepci\u00f3n, el cardenal Crescenzio Sepe, que presid\u00eda la celebraci\u00f3n lit\u00fargica, advirti\u00f3 que no hab\u00eda ocurrido un drama: \u00abRezad al patr\u00f3n, no nos abandonar\u00e1\u00bb, dijo el cardenal Sepe.<\/p>\n\n\n\n<p>Es precisamente esta \u00faltima fecha la que nos remonta a un acontecimiento prodigioso, que, seg\u00fan la tradici\u00f3n, salv\u00f3 a N\u00e1poles de una tragedia&nbsp;<strong>por la violenta erupci\u00f3n del Vesubio.<\/strong>&nbsp;Corr\u00eda el 1631, cuando el 16 de diciembre, la lava del volc\u00e1n amenazaba con destruir la capital napolitana. En la mente estaba el recuerdo de la vecina Pompeya, la ciudad romana sepultada por una erupci\u00f3n del Vesubio en el otro del a\u00f1o 79 d.C. Los napolitanos, llevados por el p\u00e1nico, se encomendaron a San Genaro. Sacaron en procesi\u00f3n por las calles el busto del Santo que conten\u00eda su cr\u00e1neo y el relicario con su sangre. Imploraban un milagro para que San Genaro detuviera la lava. As\u00ed ocurri\u00f3. Los arroyos encendidos que descend\u00edan por la ladera del volc\u00e1n, en una marcha que parec\u00eda imparable, se detuvieron al borde de la ciudad. N\u00e1poles se salv\u00f3. Para sus habitantes no hab\u00eda duda: San Genaro hizo el milagro. As\u00ed se recuerda desde 1631.<\/p>\n\n\n\n<h3 class=\"wp-block-heading\">La incre\u00edble coincidencia con el 1835<\/h3>\n\n\n\n<p>Solo en contadas ocasiones ha fallado el&nbsp;<strong>\u00abmilagro laico\u00bb<\/strong>&nbsp;de la licuaci\u00f3n. Pero se da la circunstancia que en este a\u00f1o bisiesto que estamos a punto de cerrar, se recuerda el 16 diciembre 1835 cuando tampoco se produjo el milagro. Entonces se temieron desgracias futuras. Y ocurrieron. En 1836 lleg\u00f3 a N\u00e1poles la epidemia de c\u00f3lera, que desde al menos cuatro a\u00f1os antes hac\u00eda estragos en Europa. Caus\u00f3 m\u00e1s de 5.000 muertos en una primera fase, y tras una pausa, en una segunda fase, en 1837, fallecieron m\u00e1s de 13.000 personas. Seg\u00fan la tradici\u00f3n popular, la epidemia de c\u00f3lera fue la consecuencia de la ira del San Genaro. Se cumpli\u00f3 la maldici\u00f3n: \u00aba\u00f1o bisiesto, a\u00f1o siniestro\u00bb.<\/p>\n\n\n\n<p>La noticia ha tenido un gran eco nacional e internacional, siendo tendencia principal en Twitter. Algunos se la han tomado en serio y con preocupaci\u00f3n, otros en broma, lo que se ha reflejado en comentarios de todo tipo, sin faltar la iron\u00eda o incluso el sarcasmo. No es ninguna broma, sino algo muy serio para el antrop\u00f3logo y divulgador cient\u00edfico Marino Niola (N\u00e1poles, 1943):&nbsp;<strong>\u00abSan Genaro, el Maradona de los santos ha fallado un penalti\u00bb<\/strong>, afirma. En declaraciones a \u00abIl Mattino\u00bb, el antrop\u00f3logo considera que el fallido prodigio conlleva inquietud en toda la ciudad. Y destaca que la fe es un s\u00edmbolo tambi\u00e9n para los ateos, que sienten el peso de esta se\u00f1al.&nbsp;<\/p>\n\n\n\n<p>\u00abS\u00e9 perfectamente \u2013explica Marino Niola- que puede aparecer dif\u00edcil, a los observadores externos, comprender una devoci\u00f3n tan incondicionada: aqu\u00ed (el milagro de San Genaro) se trata de un s\u00edmbolo, de un punto de referencia, de un puerto seguro para cada habitante de la ciudad\u00bb, subraya el antrop\u00f3logo napolitano. No hay duda de que en el a\u00f1o de la pandemia, un tiempo que se est\u00e1 haciendo eterno, esta aumentando la superstici\u00f3n. A este a\u00f1o horrible solo le faltaba que no se produjera el prodigio de San Genaro para que surjan m\u00e1s expresiones o ideas irracionales.<\/p>\n\n\n\n<h3 class=\"wp-block-heading\">Explicaci\u00f3n de la ciencia<\/h3>\n\n\n\n<p>La ciencia ha dado explicaci\u00f3n al \u00abmilagro\u00bb de San Genaro, sano nacido en N\u00e1poles en el siglo III, decapitado por orden de Diocleciano, el 19 de septiembre de 305. Esa fecha de su martirio coincide con la licuefacci\u00f3n de la sangre del santo, que se repite otras dos veces m\u00e1s al a\u00f1o. Sobre este fen\u00f3meno se han realizado varios experimentos cient\u00edficos, uno en particular. En 1991, Franco Ramaccini, Sergio Della Sala y Luigi Garlaschelli, tres investigadores de la Universidad de Pav\u00eda, llevaron a cabo un experimento publicado en la prestigiosa revista Nature. En la base de su hip\u00f3tesis estaba el concepto en\u00a0<strong>qu\u00edmica de \u00abtixotrop\u00eda\u00bb<\/strong>, es decir, \u00abla propiedad que presentan determinados fluidos, como la gelatina o la miel, que tienden a licuarse cuando se agitan y a solidificarse en estado de reposo\u00bb, seg\u00fan definici\u00f3n del diccionario de la R.A.E. El \u00abprodigio\u00bb se repiti\u00f3 en el laboratorio utilizando sustancias ya conocidas en siglos pasados, que tambi\u00e9n podr\u00edan haberse utilizado en el pasado para recrear el fen\u00f3meno de la licuaci\u00f3n. Sin embargo, los investigadores no hab\u00edan revelado en particular el origen real del l\u00edquido presente en las ampollas de la Catedral de N\u00e1poles. Y este es el punto central del fen\u00f3meno: no hay certeza de que ese l\u00edquido sea en realidad la sangre del santo patr\u00f3n de la ciudad de N\u00e1poles. Seg\u00fan la tradici\u00f3n, durante la ejecuci\u00f3n del santo, una se\u00f1ora de la nobleza, llamada Eusebia, logr\u00f3 recoger la sangre del obispo en dos ampollas, manteni\u00e9ndola a salvo. Se cree que Eusebia entreg\u00f3 al obispo de N\u00e1poles las dos ampollas con la sangre del m\u00e1rtir. La primera documentaci\u00f3n del fen\u00f3meno de la licuaci\u00f3n se remonta al 17 de agosto 1389, cuando un autor siciliano escribi\u00f3: \u00abSe hizo una procesi\u00f3n solemne por el milagro que nuestro Se\u00f1or Jesucristo nos mostr\u00f3 en la sangre del beato Genaro, que estaba en una ampolla y licuada como si el mismo d\u00eda hubiera salido del cuerpo del Beato\u00bb. Es el primer texto del fen\u00f3meno, pero no quiere decir que antes no se hubiera producido el \u00abprodigio\u00bb.<\/p>\n\n\n\n<p>Fuente: https:\/\/www.abc.es\/sociedad\/abci-sangre-san-genaro-no-licua-y-napoles-desatan-temores-202012180132_noticia.html<\/p>\n","protected":false},"excerpt":{"rendered":"<p>El antrop\u00f3logo napolitano Niola: \u00abEl Maradona de los santos ha fallado un penalti; el fallido prodigio trae inquietud a toda [&hellip;]<\/p>\n","protected":false},"author":1,"featured_media":2500,"comment_status":"open","ping_status":"open","sticky":false,"template":"","format":"standard","meta":{"site-sidebar-layout":"default","site-content-layout":"","ast-site-content-layout":"default","site-content-style":"default","site-sidebar-style":"default","ast-global-header-display":"","ast-banner-title-visibility":"","ast-main-header-display":"","ast-hfb-above-header-display":"","ast-hfb-below-header-display":"","ast-hfb-mobile-header-display":"","site-post-title":"","ast-breadcrumbs-content":"","ast-featured-img":"","footer-sml-layout":"","theme-transparent-header-meta":"","adv-header-id-meta":"","stick-header-meta":"","header-above-stick-meta":"","header-main-stick-meta":"","header-below-stick-meta":"","astra-migrate-meta-layouts":"default","ast-page-background-enabled":"default","ast-page-background-meta":{"desktop":{"background-color":"var(--ast-global-color-4)","background-image":"","background-repeat":"repeat","background-position":"center center","background-size":"auto","background-attachment":"scroll","background-type":"","background-media":"","overlay-type":"","overlay-color":"","overlay-opacity":"","overlay-gradient":""},"tablet":{"background-color":"","background-image":"","background-repeat":"repeat","background-position":"center center","background-size":"auto","background-attachment":"scroll","background-type":"","background-media":"","overlay-type":"","overlay-color":"","overlay-opacity":"","overlay-gradient":""},"mobile":{"background-color":"","background-image":"","background-repeat":"repeat","background-position":"center center","background-size":"auto","background-attachment":"scroll","background-type":"","background-media":"","overlay-type":"","overlay-color":"","overlay-opacity":"","overlay-gradient":""}},"ast-content-background-meta":{"desktop":{"background-color":"var(--ast-global-color-5)","background-image":"","background-repeat":"repeat","background-position":"center center","background-size":"auto","background-attachment":"scroll","background-type":"","background-media":"","overlay-type":"","overlay-color":"","overlay-opacity":"","overlay-gradient":""},"tablet":{"background-color":"var(--ast-global-color-5)","background-image":"","background-repeat":"repeat","background-position":"center center","background-size":"auto","background-attachment":"scroll","background-type":"","background-media":"","overlay-type":"","overlay-color":"","overlay-opacity":"","overlay-gradient":""},"mobile":{"background-color":"var(--ast-global-color-5)","background-image":"","background-repeat":"repeat","background-position":"center center","background-size":"auto","background-attachment":"scroll","background-type":"","background-media":"","overlay-type":"","overlay-color":"","overlay-opacity":"","overlay-gradient":""}},"footnotes":""},"categories":[8],"tags":[],"class_list":["post-2499","post","type-post","status-publish","format-standard","has-post-thumbnail","hentry","category-noticias"],"_links":{"self":[{"href":"https:\/\/losperiodistas.com.mx\/portal\/wp-json\/wp\/v2\/posts\/2499","targetHints":{"allow":["GET"]}}],"collection":[{"href":"https:\/\/losperiodistas.com.mx\/portal\/wp-json\/wp\/v2\/posts"}],"about":[{"href":"https:\/\/losperiodistas.com.mx\/portal\/wp-json\/wp\/v2\/types\/post"}],"author":[{"embeddable":true,"href":"https:\/\/losperiodistas.com.mx\/portal\/wp-json\/wp\/v2\/users\/1"}],"replies":[{"embeddable":true,"href":"https:\/\/losperiodistas.com.mx\/portal\/wp-json\/wp\/v2\/comments?post=2499"}],"version-history":[{"count":1,"href":"https:\/\/losperiodistas.com.mx\/portal\/wp-json\/wp\/v2\/posts\/2499\/revisions"}],"predecessor-version":[{"id":2501,"href":"https:\/\/losperiodistas.com.mx\/portal\/wp-json\/wp\/v2\/posts\/2499\/revisions\/2501"}],"wp:featuredmedia":[{"embeddable":true,"href":"https:\/\/losperiodistas.com.mx\/portal\/wp-json\/wp\/v2\/media\/2500"}],"wp:attachment":[{"href":"https:\/\/losperiodistas.com.mx\/portal\/wp-json\/wp\/v2\/media?parent=2499"}],"wp:term":[{"taxonomy":"category","embeddable":true,"href":"https:\/\/losperiodistas.com.mx\/portal\/wp-json\/wp\/v2\/categories?post=2499"},{"taxonomy":"post_tag","embeddable":true,"href":"https:\/\/losperiodistas.com.mx\/portal\/wp-json\/wp\/v2\/tags?post=2499"}],"curies":[{"name":"wp","href":"https:\/\/api.w.org\/{rel}","templated":true}]}}