{"id":24900,"date":"2022-03-31T08:44:18","date_gmt":"2022-03-31T14:44:18","guid":{"rendered":"http:\/\/losperiodistas.com.mx\/portal\/?p=24900"},"modified":"2022-03-31T08:44:19","modified_gmt":"2022-03-31T14:44:19","slug":"me-mandaban-coronas-florales-de-muerto-ser-trans-en-mexico-el-segundo-pais-del-mundo-con-mas-agresiones-al-colectivo-bbc","status":"publish","type":"post","link":"https:\/\/losperiodistas.com.mx\/portal\/me-mandaban-coronas-florales-de-muerto-ser-trans-en-mexico-el-segundo-pais-del-mundo-con-mas-agresiones-al-colectivo-bbc\/","title":{"rendered":"\u00abMe mandaban coronas florales de muerto\u00bb: ser trans en M\u00e9xico, el segundo pa\u00eds del mundo con m\u00e1s agresiones al colectivo\u00a0| BBC"},"content":{"rendered":"\n<figure class=\"wp-block-image size-large\"><img fetchpriority=\"high\" decoding=\"async\" width=\"1024\" height=\"582\" src=\"https:\/\/losperiodistas.com.mx\/portal\/wp-content\/uploads\/2022\/03\/Captura-de-Pantalla-2022-03-31-a-las-8.39.39-1024x582.jpg\" alt=\"\" class=\"wp-image-24901\" srcset=\"https:\/\/losperiodistas.com.mx\/portal\/wp-content\/uploads\/2022\/03\/Captura-de-Pantalla-2022-03-31-a-las-8.39.39-1024x582.jpg 1024w, https:\/\/losperiodistas.com.mx\/portal\/wp-content\/uploads\/2022\/03\/Captura-de-Pantalla-2022-03-31-a-las-8.39.39-300x170.jpg 300w, https:\/\/losperiodistas.com.mx\/portal\/wp-content\/uploads\/2022\/03\/Captura-de-Pantalla-2022-03-31-a-las-8.39.39-768x436.jpg 768w, https:\/\/losperiodistas.com.mx\/portal\/wp-content\/uploads\/2022\/03\/Captura-de-Pantalla-2022-03-31-a-las-8.39.39.jpg 1296w\" sizes=\"(max-width: 1024px) 100vw, 1024px\" \/><\/figure>\n\n\n\n<p><\/p>\n\n\n\n<p class=\"has-vivid-cyan-blue-color has-text-color has-medium-font-size\">DARIO BROOKS \/ BBC NEWS MUNDO<\/p>\n\n\n\n<p><strong>Ser una persona trans es dif\u00edcil en cualquier parte del mundo, pero en M\u00e9xico puede implicar la muerte.<\/strong><\/p>\n\n\n\n<p>En 2021 se coloc\u00f3 como el segundo pa\u00eds con m\u00e1s asesinatos de personas trans en el mundo (46 casos), solo superado por Brasil (92), seg\u00fan el monitoreo de la organizaci\u00f3n Transgender Europe.<\/p>\n\n\n\n<p>Y la violencia cotidiana contra la comunidad no es menor alarmante.<\/p>\n\n\n\n<p>Kenya Cuevas Fuentes lo ha vivido.<\/p>\n\n\n\n<p>Desde los 9 a\u00f1os huy\u00f3 de la violencia machista en su casa y a esa edad entr\u00f3 al mundo del trabajo sexual, con la explotaci\u00f3n, violencia y consumo de drogas que conlleva.<a href=\"https:\/\/www.bbc.com\/mundo\/noticias-america-latina-60935106#end-of-recommendations\">Saltar Quiz\u00e1s tambi\u00e9n te interese y continuar leyendo<\/a><\/p>\n\n\n\n<p>En 2016 vivi\u00f3 un momento transformador de su vida al ser testigo del asesinato de una amiga, el primer transfeminicidio reconocido como tal por las autoridades en M\u00e9xico.<\/p>\n\n\n\n<p>Con motivo del D\u00eda Internacional de la Visibilidad Transg\u00e9nero este jueves, Cuevas cuenta su historia, que refleja c\u00f3mo vivir como una persona trans en una sociedad transf\u00f3bica puede convertirse en un riesgo de muerte.<\/p>\n\n\n\n<figure class=\"wp-block-image\"><img decoding=\"async\" src=\"https:\/\/ichef.bbci.co.uk\/news\/640\/cpsprodpb\/15C1D\/production\/_105671198_3135fd17-5a3e-4df2-a805-5f30f3397333.jpg\" alt=\"L\u00ednea\"\/><\/figure>\n\n\n\n<p>Soy una mujer sobreviviente.<\/p>\n\n\n\n<p>Una mujer luchadora que ha tenido que pasar por procesos de vida dif\u00edciles, que inici\u00f3 su vida en una familia disfuncional, pr\u00e1cticamente desde que yo recuerdo.<\/p>\n\n\n\n<p>Soy la menor de siete hermanos y ellos siempre eran violentos. Eran mucho mayores que yo y uno de ellos era alcoh\u00f3lico. Mi madre viv\u00eda en Estados Unidos y mi padre ten\u00eda otra familia.<\/p>\n\n\n\n<p>Est\u00e1bamos al resguardo de mi abuela materna, que nos educ\u00f3 con valores. Sin embargo, tambi\u00e9n hab\u00eda mucho machismo, poca informaci\u00f3n sobre la diversidad LGBT, no hab\u00eda un reconocimiento claro de la identidad de g\u00e9nero, la expresi\u00f3n de g\u00e9nero en esos a\u00f1os [70-80].<\/p>\n\n\n\n<p>Y esto generaba una violencia en la que fui creciendo.<\/p>\n\n\n\n<p>Pero las escenas importantes que yo recuerdo y que transformaron mi vida ocurrieron a los 9 a\u00f1os.<\/p>\n\n\n\n<p>A esa edad mi abuela fallece de un paro card\u00edaco y yo siendo la menor me quedo al resguardo de mis hermanos, que eran los primeros actores de la violencia familiar. Una de mis hermanas muri\u00f3 y quedamos seis.<\/p>\n\n\n\n<figure class=\"wp-block-image\"><img decoding=\"async\" src=\"https:\/\/ichef.bbci.co.uk\/news\/640\/cpsprodpb\/14EFB\/production\/_123955758_whatsappimage2022-03-29at10.45.59pm.jpg\" alt=\"Kenya Cuevas\"\/><\/figure>\n\n\n\n<p>Y la violencia crec\u00eda. No me daban de comer, no me llevaban a la escuela, no me atend\u00edan. Cuando sal\u00ed a buscar comida encontr\u00e9 un empleo y a ganar un dinero. Y al darse cuenta mis hermanos me dijeron \u00abaqu\u00ed quien trabaja da un gasto\u00bb y me quitaban mi sueldo.<\/p>\n\n\n\n<p>Y lleg\u00f3 el momento en que me cans\u00e9 de que mis hermanos me golpearan, me discriminaran.<\/p>\n\n\n\n<h2 class=\"wp-block-heading\" id=\"Haz-lo-que-te-pidan\">\u00abHaz lo que te pidan\u00bb<\/h2>\n\n\n\n<p>Un d\u00eda me sal\u00ed a caminar al centro de la ciudad, a la Alameda Central, y yo no sab\u00eda qu\u00e9 hacer con mi vida, pero lo \u00fanico que sab\u00eda era que ya no quer\u00eda regresar a mi casa, a esta violencia.<\/p>\n\n\n\n<p>Lleg\u00f3 la noche, y en la oscuridad, una mujer camin\u00f3 hacia m\u00ed. Yo no sab\u00eda que era una mujer trans, pero mi coraz\u00f3n en ese momento se identific\u00f3 con esa mujer, quer\u00eda ser como ella.<\/p>\n\n\n\n<p>Me dijo \u00abponte a trabajar, habla con los se\u00f1ores de los carros y te van a llevar aqu\u00ed a la vuelta, te van a pagar tanto dinero y haz lo que te pidan\u00bb. As\u00ed fueron sus palabras textuales.<\/p>\n\n\n\n<p>Yo obedec\u00ed, habl\u00e9 con uno de un carro y me llev\u00f3 al hotel mientras yo le platicaba mi historia de vida, de mi mam\u00e1 y mis hermanos. Llor\u00e9 y llor\u00e9 y le dec\u00eda \u00abyo quiero quedarme contigo\u00bb.<\/p>\n\n\n\n<figure class=\"wp-block-image\"><img decoding=\"async\" src=\"https:\/\/ichef.bbci.co.uk\/news\/640\/cpsprodpb\/118AF\/production\/_123955817_gettyimages-524771070.jpg\" alt=\"Trabajadores sexuales en Ciudad de M\u00e9xico\"\/><\/figure>\n\n\n\n<p>\u00c9l se sorprendi\u00f3 pero me dijo: \u00abNo puedo llevarte conmigo. Pero te voy a dejar la habitaci\u00f3n pagada por una semana y dinero para que comas\u00bb.<\/p>\n\n\n\n<p>Ten\u00eda 9 a\u00f1os y fue mi primer cliente en el trabajo sexual. Obviamente tuve mucho dolor, fue mi primera pr\u00e1ctica sexual y yo no sab\u00eda c\u00f3mo reaccionar.<\/p>\n\n\n\n<h2 class=\"wp-block-heading\" id=\"Te-vamos-a-arreglar\">\u00abTe vamos a arreglar\u00bb<\/h2>\n\n\n\n<p>Me di cuenta que era un hotel que hospedaba a mujeres trans que ejerc\u00edan el trabajo sexual.<\/p>\n\n\n\n<p>Todo el tiempo las mujeres vivimos violentadas tambi\u00e9n en un tema de vivienda, porque la gente que renta departamentos no nos acepta y eso hace que los hoteles sean como nuestra residencia.<\/p>\n\n\n\n<p>Les dec\u00edan \u00abvestidas\u00bb, porque en ese momento \u00abtrans\u00bb no exist\u00edan.<\/p>\n\n\n\n<p>Me acerqu\u00e9 a una y le dije \u00abyo quiero ser como t\u00fa\u00bb, y con el dinero que hab\u00eda ganado me llevaron a un local de pelucas y accesorios de todos colores y sabores.<\/p>\n\n\n\n<p>Compramos una peluca, pesta\u00f1as, maquillaje, de todo. Yo estaba muy emocionada y me empezaron a arreglar. Y recuerdo una frase que fue muy tajante: \u00abEsta es la primera y la \u00fanica vez que te vamos a arreglar. Si t\u00fa no aprendes es por pendeja\u00bb.<\/p>\n\n\n\n<p>Puse much\u00edsima atenci\u00f3n y fue el primer momento en que pude arreglarme, con esta figura arreglada, afeminada.<\/p>\n\n\n\n<p>Me qued\u00e9 contemplando el espejo, pues fue uno de los momentos m\u00e1s felices de mi vida porque logr\u00e9 identificarme y verme realmente como esa mujer que vivi\u00f3 enga\u00f1ada y encerrada en un cuerpo varonil.<\/p>\n\n\n\n<figure class=\"wp-block-image\"><img decoding=\"async\" src=\"https:\/\/ichef.bbci.co.uk\/news\/640\/cpsprodpb\/1760B\/production\/_123955759_whatsappimage2022-03-29at10.47.19pm.jpg\" alt=\"Kenya Cuevas\"\/><\/figure>\n\n\n\n<p>Y me dijeron \u00abv\u00e1monos a trabajar, porque ya te acabaste tu dinero y qu\u00e9 vas a comer ma\u00f1ana\u00bb.<\/p>\n\n\n\n<h2 class=\"wp-block-heading\" id=\"Me-qued\u00e9-en-la-calle\">\u00abMe qued\u00e9 en la calle\u00bb<\/h2>\n\n\n\n<p>Me presentaron con una madrota, a quien le dijeron que yo era menor de edad: \u00abEs nuestra hija\u00bb.<\/p>\n\n\n\n<p>Y recuerdo muy bien que Ang\u00e9lica, como se llamaba, respondi\u00f3: \u00abPues a m\u00ed me vale madre si es menor de edad o no, a m\u00ed que me den mi renta de 1.500 pesos y que se ponga a trabajar\u00bb.<\/p>\n\n\n\n<p>Era uno de los puntos \u00abpermitidos\u00bb para el trabajo sexual en Ciudad de M\u00e9xico.<\/p>\n\n\n\n<p>Todo el mundo quer\u00eda irse conmigo y me iba muy bien. Muchos a\u00f1os despu\u00e9s entend\u00ed por qu\u00e9: era una ni\u00f1a de 9 a\u00f1os. Por obvias razones llegu\u00e9 a tener una clientela alta.<\/p>\n\n\n\n<p>Ya cuando pas\u00f3 la \u00abnovedad\u00bb, baj\u00f3 el trabajo, pero entonces encuentro otra parte del trabajo sexual. Y es que hay otros clientes que buscan una compa\u00f1\u00eda para consumir sustancias, tener fiestas.<\/p>\n\n\n\n<p>Y si no le entras a ese tipo de din\u00e1micas, no trabajas.<\/p>\n\n\n\n<p>Yo segu\u00eda siendo una ni\u00f1a con mucho resentimiento, con mucho dolor, mucho sufrimiento real. Y fui presa f\u00e1cil de las drogas, de esa puerta falsa.<\/p>\n\n\n\n<figure class=\"wp-block-image\"><img decoding=\"async\" src=\"https:\/\/ichef.bbci.co.uk\/news\/640\/cpsprodpb\/CA8F\/production\/_123955815_gettyimages-85250959.jpg\" alt=\"Trabajadores sexuales en Ciudad de M\u00e9xico\"\/><\/figure>\n\n\n\n<p>Eso fue deterior\u00e1ndome. Ya no pagaba la renta, ya no com\u00eda, todo me lo chingaba en la droga. Perd\u00ed todo y me qued\u00e9 en la calle.<\/p>\n\n\n\n<p>Eso me llev\u00f3 a vivir 20 a\u00f1os de mi vida en esas condiciones. Limpiando parabrisas, viviendo en los parques. Cuando alguien me llevaba al hotel, era mi oportunidad de ba\u00f1arme y lavar mi ropa.<\/p>\n\n\n\n<p>En todo ese proceso viv\u00ed mucho en las drogas. Y a pesar de entrar a rehabilitaci\u00f3n, la abstinencia me hac\u00eda caer de nuevo al consumo, adem\u00e1s de que no hab\u00eda una comprensi\u00f3n por mi identidad de g\u00e9nero y no me permit\u00edan ser yo.<\/p>\n\n\n\n<p>Al llegar a la mayor\u00eda de edad, como eran programas para menores, ya no me permit\u00edan el acceso. Ten\u00eda que pedir monedas en la calle o a mis conocidas.<\/p>\n\n\n\n<h2 class=\"wp-block-heading\" id=\"Los-custodios-me-vend\u00edan\">\u00abLos custodios me vend\u00edan\u00bb<\/h2>\n\n\n\n<p>Despu\u00e9s de 20 a\u00f1os de esta vida, un d\u00eda en 1999 llegu\u00e9 a comprar droga a un picadero. Y ah\u00ed de pronto tiran la puerta y gritan \u00ab\u00a1polic\u00eda judicial!\u00bb<\/p>\n\n\n\n<p>Nos tiran al suelo y la vieja que vend\u00eda la droga la avienta a un lado m\u00edo.<\/p>\n\n\n\n<p>\u00ab\u00bfDesde cu\u00e1ndo vendes?\u00bb, me pregunt\u00f3 un polic\u00eda. \u00abNo, pues yo no vendo, jefe, vine solo por mis piedritas\u00bb, le dije.<\/p>\n\n\n\n<p>Me mandaron a la c\u00e1rcel por \u00abposesi\u00f3n, distribuci\u00f3n y venta de coca\u00edna\u00bb que entonces era mucho m\u00e1s penado.<\/p>\n\n\n\n<p>En el Reclusorio Norte [varonil] violentaban a las mujeres trans. A m\u00ed me llegaron a violar. Los custodios me vend\u00edan con internos para sus fiestas y org\u00edas nocturnas de las personas que realmente vend\u00edan droga y secuestraban y ten\u00edan mucho dinero.<\/p>\n\n\n\n<figure class=\"wp-block-image\"><img decoding=\"async\" src=\"https:\/\/ichef.bbci.co.uk\/news\/640\/cpsprodpb\/8057\/production\/_123955823_gettyimages-1212954590.jpg\" alt=\"Reclusorio Norte de Ciudad de M\u00e9xico\"\/><\/figure>\n\n\n\n<p>Ah\u00ed las personas trans ten\u00edamos que satisfacer a muchas personas.<\/p>\n\n\n\n<p>Y un d\u00eda me pele\u00e9 con un interno que me quer\u00eda violentar. Ten\u00eda una navaja, pero logr\u00e9 quit\u00e1rsela y se la enterr\u00e9 en el est\u00f3mago. Y eso motiv\u00f3 a que me trasladaran al penal de Santa Marta Acatitla [femenino].<\/p>\n\n\n\n<p>Sal\u00ed despu\u00e9s de 10 a\u00f1os y tres rebajas de sentencia.<\/p>\n\n\n\n<p>Un juez determin\u00f3 mi absoluci\u00f3n del delito porque consideraba que yo no hab\u00eda sido la responsable de las sustancias que hab\u00edan encontrado. Me dicen \u00abgracias por participar, uste no fue, disc\u00falpenos\u00bb.<\/p>\n\n\n\n<h2 class=\"wp-block-heading\" id=\"Ese-d\u00eda-cambi\u00f3-mi-vida-rotundamente\">\u00abEse d\u00eda cambi\u00f3 mi vida rotundamente\u00bb<\/h2>\n\n\n\n<p>Ya hab\u00eda dejado las drogas y al salir me empiezo a capacitar en un proceso de aprendizaje, en la promoci\u00f3n contra el VIH y empiezo a dar consejer\u00eda, aplicaci\u00f3n de pruebas. Y empiezo a aplicar esto con las trabajadoras sexuales, que eran mis compa\u00f1eras.<\/p>\n\n\n\n<p>Empec\u00e9 a encontrar que muchas trabajadoras sab\u00edan desde hace mucho tiempo que ten\u00edan VIH pero no se hab\u00edan atendido. Otras que ni se imaginaban que viv\u00edan con VIH. Las que dec\u00edan que s\u00ed les daba miedo pero no usaban protecci\u00f3n.<\/p>\n\n\n\n<figure class=\"wp-block-embed is-type-video is-provider-youtube wp-block-embed-youtube wp-embed-aspect-16-9 wp-has-aspect-ratio\"><div class=\"wp-block-embed__wrapper\">\n<iframe title=\"&quot;Siendo trans, no puedo tocar la comida de los otros&quot;: los c\u00f3digos ocultos de las c\u00e1rceles\" width=\"500\" height=\"281\" src=\"https:\/\/www.youtube.com\/embed\/OmrooTrSzR0?feature=oembed\" frameborder=\"0\" allow=\"accelerometer; autoplay; clipboard-write; encrypted-media; gyroscope; picture-in-picture; web-share\" referrerpolicy=\"strict-origin-when-cross-origin\" allowfullscreen><\/iframe>\n<\/div><\/figure>\n\n\n\n<p>De 2010 a 2016 me profesionalic\u00e9 en estos acompa\u00f1amientos de activismo que realizaba aunque no fuera visible porque lo hac\u00eda entre el trabajo sexual. Me dec\u00eda \u00abque lo que haga mi mano derecha no lo sepa la izquierda\u00bb.<\/p>\n\n\n\n<p>Al llegar el 30 de septiembre de 2016, ese d\u00eda cambi\u00f3 mi vida rotundamente.<\/p>\n\n\n\n<p>Fui testigo del transfeminicidio de Paola Buenrostro, mi amiga, una mujer trans de 24 a\u00f1os que fue asesinada. Era mi compa\u00f1era desde hac\u00eda muchos a\u00f1os en el trabajo sexual.<\/p>\n\n\n\n<p>Varias rechazamos a un sujeto que solicit\u00f3 servicio sexual, pero Paola acept\u00f3 subirse al veh\u00edculo y cuando avanza unos pocos metros, escuchamos gritos de auxilio: \u00ab\u00a1Kenya, Kenya!\u00bb<\/p>\n\n\n\n<p>Vi c\u00f3mo forcejeaban y escuch\u00e9 tres detonaciones de armas de fuego.<\/p>\n\n\n\n<p>Me qued\u00e9 impactada, no me pod\u00eda mover. Y \u00e9l al darse cuenta de que vi todo, me mir\u00f3 fijamente a los ojos, me apunt\u00f3 con el arma y accion\u00f3 el gatillo.<\/p>\n\n\n\n<figure class=\"wp-block-image\"><img decoding=\"async\" src=\"https:\/\/ichef.bbci.co.uk\/news\/640\/cpsprodpb\/1DE7\/production\/_123955670_gettyimages-1228817779.jpg\" alt=\"Una ofrenda para Paola Buenrostro\"\/><\/figure>\n\n\n\n<p>Todav\u00eda claramente tengo la imagen de su dedo jalando el gatillo, pero no sale la bala porque el arma se encasquill\u00f3. As\u00ed que pude detenerlo.<\/p>\n\n\n\n<p>Llega una patrulla y lo detienen en flagrancia, con mi amiga agonizando, con el arma en la mano. Y yo grab\u00e9 un video que publiqu\u00e9 poco despu\u00e9s.<\/p>\n\n\n\n<p>Pero entonces nos encontramos con un sistema discriminatorio, violatorio de derechos humanos, de no acceso a la justicia y criminalizante de las mujeres trans y el trabajo sexual, por sus propios prejuicios y creencias y posturas pol\u00edticas.<\/p>\n\n\n\n<p>Me negaron el acceso al caso porque dijeron que no era testigo sino una \u00abcuriosa\u00bb en el lugar.<\/p>\n\n\n\n<p>Me las arregl\u00e9 para tener un documento de acceso a una audiencia y cuando el juez pregunt\u00f3 si hab\u00eda un testigo, el Ministerio P\u00fablico me dijo \u00abte invito a que te vayas para que no contamines la audiencia\u00bb.<\/p>\n\n\n\n<figure class=\"wp-block-image\"><img decoding=\"async\" src=\"https:\/\/ichef.bbci.co.uk\/news\/640\/cpsprodpb\/6C07\/production\/_123955672_gettyimages-1228817705.jpg\" alt=\"Una ofrenda para Paola Buenrostro\"\/><\/figure>\n\n\n\n<p>Yo sin saber de leyes, sin saber leer ni escribir, pero confiando en las autoridades y pensando que el hombre fue detenido en el lugar de los hechos, pens\u00e9 que lo iban a tener en la c\u00e1rcel.<\/p>\n\n\n\n<p>Pero el juez lo dej\u00f3 en libertad porque el Ministerio P\u00fablico no llev\u00f3 pruebas.<\/p>\n\n\n\n<p>Amenazamos al fiscal y nos entregaron el cuerpo. Lo llevamos a la avenida Insurgentes [del centro de Ciudad de M\u00e9xico] y su ata\u00fad lo pusimos ah\u00ed.<\/p>\n\n\n\n<p>Fue nuestra manera de gritarle a la sociedad que a las mujeres trans nos mataban y a nadie le importaba, que a las mujeres trans no nos reconoc\u00edan, nos violentaban, no nos daban oportunidades laborales, ni de salud, ni de vivienda, ni de derechos humanos.<\/p>\n\n\n\n<figure class=\"wp-block-image\"><img decoding=\"async\" src=\"https:\/\/ichef.bbci.co.uk\/news\/640\/cpsprodpb\/0FE1\/production\/_123956040_gettyimages-1228817864.jpg\" alt=\"Una protesta por el caso Paola Buenrostro\"\/><\/figure>\n\n\n\n<p>Pareciera que todo el mundo tiene la autorizaci\u00f3n de golpearnos y violentarnos. Y eso fue un impacto ante los medios de comunicaci\u00f3n.<\/p>\n\n\n\n<p>Entonces fue que empez\u00f3 toda una lucha de visibilidad.<\/p>\n\n\n\n<h2 class=\"wp-block-heading\" id=\"La-Casa-de-las-Mu\u00f1ecas-Tiresias\">La Casa de las Mu\u00f1ecas Tiresias<\/h2>\n\n\n\n<p>Empezamos a exponer este problema sistem\u00e1tico e institucional en todos los procesos de nuestra vida. C\u00f3mo ya hemos normalizado la violencia en nuestras vidas, interioriz\u00e1ndola y llev\u00e1ndola hasta con nuestras propias pares.<\/p>\n\n\n\n<p>Y al mismo tiempo de alzar la voz, empec\u00e9 a recibir amenazas de muerte por el activismo. Me mandaban coronas florales de muerto, me llamaban para decirme que me iban a matar.<\/p>\n\n\n\n<p>Tuve un atentado en 2017, ingresaron a mi domicilio y ah\u00ed mataron a una compa\u00f1era. Tras esto me negaron la protecci\u00f3n como activista y defensora de derechos humanos.<\/p>\n\n\n\n<p>Pero con la insistencia en las denuncias es como hemos logrado que el de Paola Buenrostro fuera reconocido como el primer transfeminicidio de la historia de M\u00e9xico.<\/p>\n\n\n\n<figure class=\"wp-block-image\"><img decoding=\"async\" src=\"https:\/\/ichef.bbci.co.uk\/news\/640\/cpsprodpb\/BA27\/production\/_123955674_mediaitem123955673.jpg\" alt=\"Un acto de disculpas de la Fiscal\u00eda por el caso Paola Buenrostro\"\/><figcaption>Pie de foto,La Fiscal\u00eda de Ciudad de M\u00e9xico pidi\u00f3 perd\u00f3n en 2021 por las omisiones en el caso de Paola Buenrostro.<\/figcaption><\/figure>\n\n\n\n<p>Es la expresi\u00f3n m\u00e1s violenta que pueda experimentar un ser humano, el transfeminicidio, por la modalidad en c\u00f3mo nos asesinan.<\/p>\n\n\n\n<p>A partir de entonces fundamos la Casa de las Mu\u00f1ecas Tiresias.<\/p>\n\n\n\n<p>Es una organizaci\u00f3n sin fines de lucro que da acompa\u00f1amiento integral para los procesos de identidad, salud, trabajo, vivienda, derechos humanos. De todas las personas diversas y todas las personas que se encuentren en situaci\u00f3n de vulnerabilidad: personas de la calle, consumidores de sustancias, trabajadores sexuales, personas con VIH y todo el colectivo LGBT.<\/p>\n\n\n\n<p>Brindamos un albergue para que las mujeres vivan un proceso de deconstrucci\u00f3n y construcci\u00f3n y as\u00ed mismo de reconocimiento de los derechos propios y que se construyan acad\u00e9micamente y profesionalmente para colocarse en la sociedad.<\/p>\n\n\n\n<p>Tambi\u00e9n nos ocupamos de recuperar los cuerpos de las mujeres que mueren en situaci\u00f3n de violencia extrema, para darles cristiana sepultura.<\/p>\n\n\n\n<figure class=\"wp-block-image\"><img decoding=\"async\" src=\"https:\/\/ichef.bbci.co.uk\/news\/640\/cpsprodpb\/1527F\/production\/_123955668_whatsappimage2022-03-29at10.39.29pm-3.jpg\" alt=\"Una actividad en la Casa de las Mu\u00f1ecas Tiresias\"\/><\/figure>\n\n\n\n<p>El activismo que hacemos se ha convertido en uno de los m\u00e1s reconocidos del M\u00e9xico, pero no solo defendemos a las personas trans, sino que en cualquier causa contra la discriminaci\u00f3n ah\u00ed va a estar la Casa de las Mu\u00f1ecas Tiresias.<\/p>\n\n\n\n<p>Es parte de un trabajo de responsabilidad y de reconocimiento y de gesti\u00f3n que inici\u00f3 la noche del 30 de septiembre de 2016, cuando mataron a Paola Buenrostro.<\/p>\n\n\n\n<h2 class=\"wp-block-heading\" id=\"Es-algo-que-te-impacta-para-toda-la-vida\">\u00abEs algo que te impacta para toda la vida\u00bb<\/h2>\n\n\n\n<p>Encontrar tu identidad sexual en un entorno incomprensivo es algo que te impacta para toda la vida.<\/p>\n\n\n\n<p>Cuando no se tiene un acompa\u00f1amiento ni un reconocimiento de esa identidad, lo que hacemos es salir a buscar el lugar donde nos sintamos seguras, donde s\u00ed nos identifiquemos.<\/p>\n\n\n\n<p>Es a lo que nos orillan a hacer a las mujeres trans. Salimos de nuestras casas a temprana edad, a vivir la violencia que acabo de relatar.<\/p>\n\n\n\n<p>Lanzan a estas mujeres a la discriminaci\u00f3n, a que su expectativa de vida sea de 35 a\u00f1os por la violencia extrema a la que se enfrentan en espacios donde s\u00ed son aceptadas como el trabajo sexual, las drogas y los lugares en donde no hay ninguna formaci\u00f3n.<\/p>\n\n\n\n<figure class=\"wp-block-image\"><img decoding=\"async\" src=\"https:\/\/ichef.bbci.co.uk\/news\/640\/cpsprodpb\/AC21\/production\/_123956044_whatsappimage2022-03-29at10.39.29pm-1.jpg\" alt=\"Una actividad en la Casa de las Mu\u00f1ecas Tiresias\"\/><\/figure>\n\n\n\n<p>\u00bfQu\u00e9 le dir\u00eda a un ni\u00f1a que est\u00e1 en este reconocimiento? Que siempre luche por lo que quiera ser. Que no haga lo que los dem\u00e1s quieran que haga. Todo lo que se imagine puede ser real.<\/p>\n\n\n\n<p>Si t\u00fa lo imaginas y lo quieres en tu vida, va a ser real. No va a haber ning\u00fan impedimento para que t\u00fa lo logres.<\/p>\n\n\n\n<p>S\u00ed creo que en M\u00e9xico hemos avanzado mucho.<\/p>\n\n\n\n<p>Antes la causa no era visible, no era acompa\u00f1ado de las autoridades, y la comunidad trans estaba m\u00e1s segregada dentro de la comunidad LGBT.<\/p>\n\n\n\n<p>Tras el asesinato de Paola Buerostro fue visible ante la sociedad, los medios, las autoridades y la academia y se ha logrado ante todos los contextos que se requiere inclusi\u00f3n de todas las comunidades poco favorecidas.<\/p>\n\n\n\n<p>A quienes a\u00fan sienten transfobia les digo: dense la oportunidad de conocer a personas trans, a personas diversas.<\/p>\n\n\n\n<figure class=\"wp-block-image\"><img decoding=\"async\" src=\"https:\/\/ichef.bbci.co.uk\/news\/640\/cpsprodpb\/FA41\/production\/_123956046_whatsappimage2022-03-29at10.39.31pm-3.jpg\" alt=\"Mujeres trans de Ciudad de M\u00e9xico\"\/><\/figure>\n\n\n\n<p>Dense cuenta que somos personas que re\u00edmos, que cagamos, que sentimos y que lloramos, igual que ellos.<\/p>\n\n\n\n<p>No sean generadores de violencia a trav\u00e9s de la ignorancia. Y prep\u00e1rense para enfrentarse a s\u00ed mismos, deconstruyan sus prejuicios, para que no generen ni discursos ni violencia ni odio.<\/p>\n\n\n\n<p>Yo soy una mujer libre y como otras trans, nos podemos desenvolver en cualquier \u00e1mbito social, econ\u00f3mico, laboral, comunitario, sin problemas.<\/p>\n\n\n\n<p>Y como siempre digo: nuestra mayor venganza es que seamos felices.<\/p>\n\n\n\n<p>Fuente: https:\/\/www.bbc.com\/mundo\/noticias-america-latina-60935106<\/p>\n","protected":false},"excerpt":{"rendered":"<p>DARIO BROOKS \/ BBC NEWS MUNDO Ser una persona trans es dif\u00edcil en cualquier parte del mundo, pero en M\u00e9xico [&hellip;]<\/p>\n","protected":false},"author":1,"featured_media":24901,"comment_status":"open","ping_status":"open","sticky":false,"template":"","format":"standard","meta":{"site-sidebar-layout":"default","site-content-layout":"","ast-site-content-layout":"default","site-content-style":"default","site-sidebar-style":"default","ast-global-header-display":"","ast-banner-title-visibility":"","ast-main-header-display":"","ast-hfb-above-header-display":"","ast-hfb-below-header-display":"","ast-hfb-mobile-header-display":"","site-post-title":"","ast-breadcrumbs-content":"","ast-featured-img":"","footer-sml-layout":"","theme-transparent-header-meta":"","adv-header-id-meta":"","stick-header-meta":"","header-above-stick-meta":"","header-main-stick-meta":"","header-below-stick-meta":"","astra-migrate-meta-layouts":"default","ast-page-background-enabled":"default","ast-page-background-meta":{"desktop":{"background-color":"var(--ast-global-color-4)","background-image":"","background-repeat":"repeat","background-position":"center center","background-size":"auto","background-attachment":"scroll","background-type":"","background-media":"","overlay-type":"","overlay-color":"","overlay-opacity":"","overlay-gradient":""},"tablet":{"background-color":"","background-image":"","background-repeat":"repeat","background-position":"center center","background-size":"auto","background-attachment":"scroll","background-type":"","background-media":"","overlay-type":"","overlay-color":"","overlay-opacity":"","overlay-gradient":""},"mobile":{"background-color":"","background-image":"","background-repeat":"repeat","background-position":"center center","background-size":"auto","background-attachment":"scroll","background-type":"","background-media":"","overlay-type":"","overlay-color":"","overlay-opacity":"","overlay-gradient":""}},"ast-content-background-meta":{"desktop":{"background-color":"var(--ast-global-color-5)","background-image":"","background-repeat":"repeat","background-position":"center center","background-size":"auto","background-attachment":"scroll","background-type":"","background-media":"","overlay-type":"","overlay-color":"","overlay-opacity":"","overlay-gradient":""},"tablet":{"background-color":"var(--ast-global-color-5)","background-image":"","background-repeat":"repeat","background-position":"center center","background-size":"auto","background-attachment":"scroll","background-type":"","background-media":"","overlay-type":"","overlay-color":"","overlay-opacity":"","overlay-gradient":""},"mobile":{"background-color":"var(--ast-global-color-5)","background-image":"","background-repeat":"repeat","background-position":"center center","background-size":"auto","background-attachment":"scroll","background-type":"","background-media":"","overlay-type":"","overlay-color":"","overlay-opacity":"","overlay-gradient":""}},"footnotes":""},"categories":[8],"tags":[9270,9269],"class_list":["post-24900","post","type-post","status-publish","format-standard","has-post-thumbnail","hentry","category-noticias","tag-kenya-cuevas","tag-transgenero-mexico"],"_links":{"self":[{"href":"https:\/\/losperiodistas.com.mx\/portal\/wp-json\/wp\/v2\/posts\/24900","targetHints":{"allow":["GET"]}}],"collection":[{"href":"https:\/\/losperiodistas.com.mx\/portal\/wp-json\/wp\/v2\/posts"}],"about":[{"href":"https:\/\/losperiodistas.com.mx\/portal\/wp-json\/wp\/v2\/types\/post"}],"author":[{"embeddable":true,"href":"https:\/\/losperiodistas.com.mx\/portal\/wp-json\/wp\/v2\/users\/1"}],"replies":[{"embeddable":true,"href":"https:\/\/losperiodistas.com.mx\/portal\/wp-json\/wp\/v2\/comments?post=24900"}],"version-history":[{"count":1,"href":"https:\/\/losperiodistas.com.mx\/portal\/wp-json\/wp\/v2\/posts\/24900\/revisions"}],"predecessor-version":[{"id":24902,"href":"https:\/\/losperiodistas.com.mx\/portal\/wp-json\/wp\/v2\/posts\/24900\/revisions\/24902"}],"wp:featuredmedia":[{"embeddable":true,"href":"https:\/\/losperiodistas.com.mx\/portal\/wp-json\/wp\/v2\/media\/24901"}],"wp:attachment":[{"href":"https:\/\/losperiodistas.com.mx\/portal\/wp-json\/wp\/v2\/media?parent=24900"}],"wp:term":[{"taxonomy":"category","embeddable":true,"href":"https:\/\/losperiodistas.com.mx\/portal\/wp-json\/wp\/v2\/categories?post=24900"},{"taxonomy":"post_tag","embeddable":true,"href":"https:\/\/losperiodistas.com.mx\/portal\/wp-json\/wp\/v2\/tags?post=24900"}],"curies":[{"name":"wp","href":"https:\/\/api.w.org\/{rel}","templated":true}]}}