{"id":24897,"date":"2022-03-31T08:38:20","date_gmt":"2022-03-31T14:38:20","guid":{"rendered":"http:\/\/losperiodistas.com.mx\/portal\/?p=24897"},"modified":"2022-03-31T08:38:22","modified_gmt":"2022-03-31T14:38:22","slug":"la-base-de-cualquier-relacion-sana-no-es-el-amor-abc","status":"publish","type":"post","link":"https:\/\/losperiodistas.com.mx\/portal\/la-base-de-cualquier-relacion-sana-no-es-el-amor-abc\/","title":{"rendered":"La base de cualquier relaci\u00f3n sana no es el amor | ABC"},"content":{"rendered":"\n<p><em>Marta Mart\u00ednez ense\u00f1a en su libro &#8216;Que sea amor del bueno&#8217; c\u00f3mo reconocer comportamientos t\u00f3xicos y c\u00f3mo acabar con ellos para conseguir un v\u00ednculo fuerte<\/em><\/p>\n\n\n\n<figure class=\"wp-block-image size-full\"><img fetchpriority=\"high\" decoding=\"async\" width=\"620\" height=\"349\" src=\"https:\/\/losperiodistas.com.mx\/portal\/wp-content\/uploads\/2022\/03\/jonathan-borba-kpBH-620x349@abc.jpeg\" alt=\"\" class=\"wp-image-24898\" srcset=\"https:\/\/losperiodistas.com.mx\/portal\/wp-content\/uploads\/2022\/03\/jonathan-borba-kpBH-620x349@abc.jpeg 620w, https:\/\/losperiodistas.com.mx\/portal\/wp-content\/uploads\/2022\/03\/jonathan-borba-kpBH-620x349@abc-300x169.jpeg 300w\" sizes=\"(max-width: 620px) 100vw, 620px\" \/><figcaption>Jonathan Borba \/ Unsplash<\/figcaption><\/figure>\n\n\n\n<p><\/p>\n\n\n\n<p class=\"has-vivid-cyan-blue-color has-text-color has-medium-font-size\">SANDRA PALACIOS \/ ABC<\/p>\n\n\n\n<p>Las&nbsp;<strong>actitudes t\u00f3xicas&nbsp;<\/strong>y la falta de&nbsp;<strong>responsabilidad afectiva&nbsp;<\/strong>son cada vez m\u00e1s comunes en la sociedad actual, lo que afecta de lleno en la calidad de nuestros v\u00ednculos. Por este motivo, Marta Mart\u00ednez, psic\u00f3loga experta en relaciones de pareja, ense\u00f1a en su libro &#8216;&nbsp;<a href=\"https:\/\/www.planetadelibros.com\/libro-que-sea-amor-del-bueno\/346929\" target=\"_blank\" rel=\"noreferrer noopener\">Que sea amor del bueno<\/a>&#8216; (Zenith) a identificar estos comportamientos y a conseguir un amor sano.<\/p>\n\n\n\n<p>En su libro comenta que no es nuestra culpa si una persona desaparece de repente o si solo nos da migajas de cari\u00f1o, sino que le falta responsabilidad afectiva. \u00bfQu\u00e9 significa este concepto?<\/p>\n\n\n\n<p>Se refiere a que todos nuestros actos tienen consecuencias en la otra persona y en su mundo emocional, por lo que es importante y sano tener conciencia de ello.<\/p>\n\n\n\n<p>\u00bfPor qu\u00e9 son cada vez m\u00e1s comunes las actitudes t\u00f3xicas en las relaciones?<\/p>\n\n\n\n<p>A nivel general, nunca se nos ha ense\u00f1ado mucho sobre educaci\u00f3n emocional. Esto nos lleva a no ser capaces de reconocer adecuadamente lo que es sano y lo que no en nuestras relaciones. Muchas veces, en nuestros v\u00ednculos, nos embargan completamente y no sabemos qu\u00e9 hacer. De esta forma nos vemos envueltos una y otra vez en din\u00e1micas que no son sanas, pero que tampoco sabemos reconocerlas. Esto, unido a la mochila emocional que llevamos cada uno de nosotros y que no hemos trabajado, forma un c\u00f3ctel que da lugar a este tipo de patrones disfuncionales.<\/p>\n\n\n\n<p>\u00bfQu\u00e9 quiere decir en el libro con relaciones l\u00edquidas y la mercantilizaci\u00f3n de los v\u00ednculos?<\/p>\n\n\n\n<p>El t\u00e9rmino de relaciones l\u00edquidas lo propuso Zygmunt Bauman y se refiere a las relaciones que se caracterizan por la falta de compromiso, calidez e implicaci\u00f3n emocional. Por otra parte, hablo de mercantilizaci\u00f3n de los v\u00ednculos porque da la sensaci\u00f3n de que a medida que el capitalismo avanza y el mundo se globaliza, las relaciones se ven m\u00e1s afectadas. Igual que al dar clic en una aplicaci\u00f3n tenemos comida a domicilio en casa, parece que queremos hacer lo mismo con nuestros v\u00ednculos y relacionarnos de manera r\u00e1pida, sin implicarnos demasiado y tratando de evitar continuamente la incomodidad que a veces genera el comprometerse emocionalmente con alguien, por todas las conversaciones inc\u00f3modas que eso genera.<strong>\u00abSe tratar\u00eda de buscar ese punto en el que tenemos que relacionarnos con los dem\u00e1s, pero respetando nuestros espacios\u00bb, Marta Mart\u00ednez<\/strong><\/p>\n\n\n\n<p>\u00bfQu\u00e9 es el &#8216;breadcrumbing&#8217;?<\/p>\n\n\n\n<p>Es un tipo de relaci\u00f3n en la que una de las partes da solo migajas de atenci\u00f3n y amor a la otra persona. Un d\u00eda muestra que quiere que la relaci\u00f3n vaya adelante y estar implicado, y al d\u00eda siguiente todo lo contrario: de repente responde con monos\u00edlabos, se muestra fr\u00edo&#8230; Esto hace que la v\u00edctima de este comportamiento se vaya enganchando cada vez m\u00e1s. Es lo que en psicolog\u00eda llamamos un patr\u00f3n de refuerzo intermitente: como la persona sabe que va a llegar ese momento agradable en el que el otro est\u00e9 con ella al 100% o al menos lo parezca, se queda esperando, tratando de aguantar esos momentos en los que el otro est\u00e1 m\u00e1s ausente, esperando que se consolide el v\u00ednculo en alg\u00fan momento. Pero lo complicado es que al final esto nunca sucede, por eso se genera un patr\u00f3n t\u00f3xico.<\/p>\n\n\n\n<p>\u00bfC\u00f3mo podemos relacionarnos para evitar cubrir carencias emocionales?<\/p>\n\n\n\n<p>Con nuestro propio trabajo personal. En el libro trato de mostrar cu\u00e1les son los puntos de nuestra autoestima, de lo que social y familiarmente hemos aprendido, para saber qu\u00e9 elementos de nosotros mismos que hemos dado siempre por hecho quiz\u00e1s debamos cuestionarlos y trabajarlos de otro modo. Por ejemplo, lo que muestran muchas pel\u00edculas sobre qu\u00e9 debe ser el amor o la idealizaci\u00f3n del amor rom\u00e1ntico&#8230; Hay que trabajarlo para intentar evitar este tipo de relaciones.<\/p>\n\n\n\n<p>\u00bfLo aguanto todo o me voy por nada? \u00bfC\u00f3mo saber d\u00f3nde est\u00e1 el l\u00edmite?<\/p>\n\n\n\n<p>Antes, en la \u00e9poca de nuestros abuelos o incluso de nuestros padres, estaba esa idea de que hay que aguantarlo todo por amor y que el amor todo lo puede. Ahora, sin embargo, nuestra sociedad tiende m\u00e1s al individualismo y al &#8216;me voy por nada&#8217;. Encontrar este punto justo entra en conexi\u00f3n con la interdependencia. Somos seres sociales y necesitamos a los dem\u00e1s. Por ello, se tratar\u00eda de buscar ese punto en el que tenemos que relacionarnos con los dem\u00e1s, pero respetando nuestros espacios y creando una parcela emocional propia.<strong>\u00abTeniendo una comunicaci\u00f3n fluida, escucha activa, tratando de poner l\u00edmites y haci\u00e9ndonos cargo de nuestras propias emociones, ya tenemos mucho camino hecho para un &#8216;amor del bueno&#8217;\u00bb, Marta Mart\u00ednez<\/strong><\/p>\n\n\n\n<p>\u00bfCu\u00e1l es la base de una relaci\u00f3n sana?<\/p>\n\n\n\n<p>Est\u00e1 muy relacionada con la responsabilidad afectiva, la empat\u00eda, el respeto, tener trabajada nuestra propia autoestima, saber cu\u00e1l es el tipo de amor que merecemos y conocer qu\u00e9 no debemos tolerar. Esto es la base de cualquier relaci\u00f3n sana.<\/p>\n\n\n\n<p>\u00bfQu\u00e9 consejo dar\u00eda para construir &#8216;amor del bueno&#8217;?<\/p>\n\n\n\n<p>B\u00e1sicamente tratar de trabajar nuestra responsabilidad afectiva y que haya mucha comunicaci\u00f3n. Que no sea simplemente hablar, sino pararnos a escuchar a la otra parte para saber qu\u00e9 necesita, qu\u00e9 es sano para ella, qu\u00e9 acuerdos es importante establecer respecto a lo que vamos a tolerar y lo que no en la relaci\u00f3n, etc. Teniendo esa comunicaci\u00f3n fluida, escucha activa, tratando de poner l\u00edmites y haci\u00e9ndonos cargo de nuestras propias emociones y actos que generan emociones en la otra persona, ya tenemos mucho camino hecho para un &#8216;amor del bueno&#8217;.<\/p>\n\n\n\n<p>\u00bfQu\u00e9 dir\u00eda que se siente cuando a uno le quieren bien?<\/p>\n\n\n\n<p>Sobre todo, tranquilidad. Y esto no quiere decir que en la relaci\u00f3n vayas a estar siempre tranquilo. Tambi\u00e9n habr\u00e1 alteraciones y conversaciones inc\u00f3modas, pero en eso se basa tambi\u00e9n la responsabilidad afectiva, en poner sobre la mesa l\u00edmites, que es algo inc\u00f3modo para la persona que lo recibe, pero que es muy necesario para proteger el v\u00ednculo.<\/p>\n\n\n\n<p>Fuente: https:\/\/www.abc.es\/bienestar\/psicologia-sexo\/sexualidad\/abci-base-cualquier-relacion-sana-no-amor-202203290031_noticia.html<\/p>\n","protected":false},"excerpt":{"rendered":"<p>Marta Mart\u00ednez ense\u00f1a en su libro &#8216;Que sea amor del bueno&#8217; c\u00f3mo reconocer comportamientos t\u00f3xicos y c\u00f3mo acabar con ellos [&hellip;]<\/p>\n","protected":false},"author":1,"featured_media":24898,"comment_status":"open","ping_status":"open","sticky":false,"template":"","format":"standard","meta":{"site-sidebar-layout":"default","site-content-layout":"","ast-site-content-layout":"default","site-content-style":"default","site-sidebar-style":"default","ast-global-header-display":"","ast-banner-title-visibility":"","ast-main-header-display":"","ast-hfb-above-header-display":"","ast-hfb-below-header-display":"","ast-hfb-mobile-header-display":"","site-post-title":"","ast-breadcrumbs-content":"","ast-featured-img":"","footer-sml-layout":"","theme-transparent-header-meta":"","adv-header-id-meta":"","stick-header-meta":"","header-above-stick-meta":"","header-main-stick-meta":"","header-below-stick-meta":"","astra-migrate-meta-layouts":"default","ast-page-background-enabled":"default","ast-page-background-meta":{"desktop":{"background-color":"var(--ast-global-color-4)","background-image":"","background-repeat":"repeat","background-position":"center center","background-size":"auto","background-attachment":"scroll","background-type":"","background-media":"","overlay-type":"","overlay-color":"","overlay-opacity":"","overlay-gradient":""},"tablet":{"background-color":"","background-image":"","background-repeat":"repeat","background-position":"center center","background-size":"auto","background-attachment":"scroll","background-type":"","background-media":"","overlay-type":"","overlay-color":"","overlay-opacity":"","overlay-gradient":""},"mobile":{"background-color":"","background-image":"","background-repeat":"repeat","background-position":"center center","background-size":"auto","background-attachment":"scroll","background-type":"","background-media":"","overlay-type":"","overlay-color":"","overlay-opacity":"","overlay-gradient":""}},"ast-content-background-meta":{"desktop":{"background-color":"var(--ast-global-color-5)","background-image":"","background-repeat":"repeat","background-position":"center center","background-size":"auto","background-attachment":"scroll","background-type":"","background-media":"","overlay-type":"","overlay-color":"","overlay-opacity":"","overlay-gradient":""},"tablet":{"background-color":"var(--ast-global-color-5)","background-image":"","background-repeat":"repeat","background-position":"center center","background-size":"auto","background-attachment":"scroll","background-type":"","background-media":"","overlay-type":"","overlay-color":"","overlay-opacity":"","overlay-gradient":""},"mobile":{"background-color":"var(--ast-global-color-5)","background-image":"","background-repeat":"repeat","background-position":"center center","background-size":"auto","background-attachment":"scroll","background-type":"","background-media":"","overlay-type":"","overlay-color":"","overlay-opacity":"","overlay-gradient":""}},"footnotes":""},"categories":[8],"tags":[9267,9266,9265,9268],"class_list":["post-24897","post","type-post","status-publish","format-standard","has-post-thumbnail","hentry","category-noticias","tag-actitudes-toxicas","tag-marta-martinez","tag-que-sea-amor-del-bueno","tag-responsabilidad-afectiva"],"_links":{"self":[{"href":"https:\/\/losperiodistas.com.mx\/portal\/wp-json\/wp\/v2\/posts\/24897","targetHints":{"allow":["GET"]}}],"collection":[{"href":"https:\/\/losperiodistas.com.mx\/portal\/wp-json\/wp\/v2\/posts"}],"about":[{"href":"https:\/\/losperiodistas.com.mx\/portal\/wp-json\/wp\/v2\/types\/post"}],"author":[{"embeddable":true,"href":"https:\/\/losperiodistas.com.mx\/portal\/wp-json\/wp\/v2\/users\/1"}],"replies":[{"embeddable":true,"href":"https:\/\/losperiodistas.com.mx\/portal\/wp-json\/wp\/v2\/comments?post=24897"}],"version-history":[{"count":1,"href":"https:\/\/losperiodistas.com.mx\/portal\/wp-json\/wp\/v2\/posts\/24897\/revisions"}],"predecessor-version":[{"id":24899,"href":"https:\/\/losperiodistas.com.mx\/portal\/wp-json\/wp\/v2\/posts\/24897\/revisions\/24899"}],"wp:featuredmedia":[{"embeddable":true,"href":"https:\/\/losperiodistas.com.mx\/portal\/wp-json\/wp\/v2\/media\/24898"}],"wp:attachment":[{"href":"https:\/\/losperiodistas.com.mx\/portal\/wp-json\/wp\/v2\/media?parent=24897"}],"wp:term":[{"taxonomy":"category","embeddable":true,"href":"https:\/\/losperiodistas.com.mx\/portal\/wp-json\/wp\/v2\/categories?post=24897"},{"taxonomy":"post_tag","embeddable":true,"href":"https:\/\/losperiodistas.com.mx\/portal\/wp-json\/wp\/v2\/tags?post=24897"}],"curies":[{"name":"wp","href":"https:\/\/api.w.org\/{rel}","templated":true}]}}