{"id":24893,"date":"2022-03-31T08:15:00","date_gmt":"2022-03-31T14:15:00","guid":{"rendered":"http:\/\/losperiodistas.com.mx\/portal\/?p=24893"},"modified":"2022-03-31T08:15:06","modified_gmt":"2022-03-31T14:15:06","slug":"tribunal-retira-suspensiones-al-tren-maya-y-tramos-1-2-y-3-seguiran-su-construccion-sinembargo","status":"publish","type":"post","link":"https:\/\/losperiodistas.com.mx\/portal\/tribunal-retira-suspensiones-al-tren-maya-y-tramos-1-2-y-3-seguiran-su-construccion-sinembargo\/","title":{"rendered":"Tribunal retira suspensiones al Tren Maya, y tramos 1, 2 y 3 seguir\u00e1n su construcci\u00f3n | SinEmbargo"},"content":{"rendered":"\n<p><em>A pesar de las denuncias de comunidades, un Tribunal Colegiado de Circuito en Materias del Trabajo y Administrativa retir\u00f3 las suspensiones impuestas al Tren Maya en los tramos 1, 2 y 3.<\/em><\/p>\n\n\n\n<figure class=\"wp-block-image size-large\"><img fetchpriority=\"high\" decoding=\"async\" width=\"1024\" height=\"540\" src=\"https:\/\/losperiodistas.com.mx\/portal\/wp-content\/uploads\/2022\/03\/construccion-tren-maya-1024x540.jpg\" alt=\"\" class=\"wp-image-24894\" srcset=\"https:\/\/losperiodistas.com.mx\/portal\/wp-content\/uploads\/2022\/03\/construccion-tren-maya-1024x540.jpg 1024w, https:\/\/losperiodistas.com.mx\/portal\/wp-content\/uploads\/2022\/03\/construccion-tren-maya-300x158.jpg 300w, https:\/\/losperiodistas.com.mx\/portal\/wp-content\/uploads\/2022\/03\/construccion-tren-maya-768x405.jpg 768w, https:\/\/losperiodistas.com.mx\/portal\/wp-content\/uploads\/2022\/03\/construccion-tren-maya.jpg 1100w\" sizes=\"(max-width: 1024px) 100vw, 1024px\" \/><\/figure>\n\n\n\n<p><\/p>\n\n\n\n<p class=\"has-vivid-cyan-blue-color has-text-color has-medium-font-size\">REDACCI\u00d3N SINEMBARGO<\/p>\n\n\n\n<p>Ciudad de M\u00e9xico, 30 de marzo (SinEmbargo).\u2013 Un\u00a0<strong>Tribunal Colegiado de Circuito en Materias del Trabajo y Administrativa<\/strong>\u00a0<strong>retir\u00f3 las suspensiones<\/strong>\u00a0impuestas al\u00a0<strong>Tren Maya en los tramos 1, 2 y 3<\/strong>, a pesar de la oposici\u00f3n de comunidades que alertaban del\u00a0<strong>riesgo para la flora y fauna de Yucat\u00e1n y Chiapas.<\/strong><\/p>\n\n\n\n<p>A trav\u00e9s de un comunicado, las comunidades afectadas rechazaron la decisi\u00f3n del tribunal se\u00f1alando que se basaron en \u201cargumentos ilegales e injustificados\u201d.<\/p>\n\n\n\n<figure class=\"wp-block-embed is-type-rich is-provider-twitter wp-block-embed-twitter\"><div class=\"wp-block-embed__wrapper\">\n<blockquote class=\"twitter-tweet\" data-width=\"500\" data-dnt=\"true\"><p lang=\"es\" dir=\"ltr\">\ud83d\udce2Con argumentos ilegales e injustificados, el Poder Judicial de la Federaci\u00f3n quita suspensiones impuestas al <a href=\"https:\/\/twitter.com\/hashtag\/TrenMaya?src=hash&amp;ref_src=twsrc%5Etfw\">#TrenMaya<\/a> <br>\u26a0\ufe0fEl Tribunal Colegiado revirti\u00f3 las suspensiones impuestas al proyecto, que proteg\u00edan a la flora y fauna.<a href=\"https:\/\/t.co\/hU1XbwBwRt\">https:\/\/t.co\/hU1XbwBwRt<\/a> <a href=\"https:\/\/twitter.com\/MXiinbal?ref_src=twsrc%5Etfw\">@MXiinbal<\/a><\/p>&mdash; Equipo Indignaci\u00f3n (@indignacion_dh) <a href=\"https:\/\/twitter.com\/indignacion_dh\/status\/1509261460207198214?ref_src=twsrc%5Etfw\">March 30, 2022<\/a><\/blockquote><script async src=\"https:\/\/platform.twitter.com\/widgets.js\" charset=\"utf-8\"><\/script>\n<\/div><\/figure>\n\n\n\n<p>En enero del 2021, la Asamblea de Defensores del Territorio Maya M\u00fauch\u2019 X\u00edinbal inici\u00f3 un juicio de amparo contra el Tren Maya por las violaciones al derecho al medio ambiente sano y a sus derechos como pueblo maya originario a participar en las determinaciones que pueden afectar su territorio y recursos naturales.<\/p>\n\n\n\n<p>Como resultado, el Juzgado Cuarto de Distrito determin\u00f3 conceder la suspensi\u00f3n definitiva, es decir, orden\u00f3 a la Secretar\u00eda de Medio Ambiente y Recursos Naturales (Semarnat), por conducto de la Direcci\u00f3n General de Impacto y Riesgo e Impacto Ambiental (DGIRA), dejar sin efectos la MIA-R y detener las obras de la fase 1.<\/p>\n\n\n\n<p>Posteriormente, en abril del 2021, el Fondo Nacional de Fomento al Turismo (Fonatur) y Semarnat impugnaron esa resoluci\u00f3n. Al resolver el recurso de Fonatur, el Tribunal opt\u00f3 por revocar y negar la suspensi\u00f3n del Tren Maya, pero en el recurso de Semarnat orden\u00f3 paralizar las obras.<\/p>\n\n\n\n<figure class=\"wp-block-embed is-type-rich is-provider-twitter wp-block-embed-twitter\"><div class=\"wp-block-embed__wrapper\">\n<blockquote class=\"twitter-tweet\" data-width=\"500\" data-dnt=\"true\"><p lang=\"es\" dir=\"ltr\">\ud83d\udce3\ud83d\udce2\ud835\udc02\ud835\udc28\ud835\udc27 \ud835\udc1a\ud835\udc2b\ud835\udc20\ud835\udc2e\ud835\udc26\ud835\udc1e\ud835\udc27\ud835\udc2d\ud835\udc28\ud835\udc2c \ud835\udc22\ud835\udc25\ud835\udc1e\ud835\udc20\ud835\udc1a\ud835\udc25\ud835\udc1e\ud835\udc2c \ud835\udc1e \ud835\udc22\ud835\udc27\ud835\udc23\ud835\udc2e\ud835\udc2c\ud835\udc2d\ud835\udc22\ud835\udc1f\ud835\udc22\ud835\udc1c\ud835\udc1a\ud835\udc1d\ud835\udc28\ud835\udc2c, \ud835\udc1e\ud835\udc25 \ud835\udc0f\ud835\udc28\ud835\udc1d\ud835\udc1e\ud835\udc2b \ud835\udc09\ud835\udc2e\ud835\udc1d\ud835\udc22\ud835\udc1c\ud835\udc22\ud835\udc1a\ud835\udc25 \ud835\udc1d\ud835\udc1e \ud835\udc25\ud835\udc1a \ud835\udc05\ud835\udc1e\ud835\udc1d\ud835\udc1e\ud835\udc2b\ud835\udc1a\ud835\udc1c\ud835\udc22\ud835\udc28\u0301\ud835\udc27 \ud835\udc2a\ud835\udc2e\ud835\udc22\ud835\udc2d\ud835\udc1a \ud835\udc2c\ud835\udc2e\ud835\udc2c\ud835\udc29\ud835\udc1e\ud835\udc27\ud835\udc2c\ud835\udc22\ud835\udc28\ud835\udc27\ud835\udc1e\ud835\udc2c \ud835\udc22\ud835\udc26\ud835\udc29\ud835\udc2e\ud835\udc1e\ud835\udc2c\ud835\udc2d\ud835\udc1a\ud835\udc2c \ud835\udc1a\ud835\udc25 \ud835\udc13\ud835\udc2b\ud835\udc1e\ud835\udc27 \ud835\udc0c\ud835\udc1a\ud835\udc32\ud835\udc1a.<a href=\"https:\/\/t.co\/tqV7R49oyj\">https:\/\/t.co\/tqV7R49oyj<\/a> <a href=\"https:\/\/t.co\/PFAUqBYsI9\">pic.twitter.com\/PFAUqBYsI9<\/a><\/p>&mdash; M\u00fauch&#39; X\u00edinbal (@MXiinbal) <a href=\"https:\/\/twitter.com\/MXiinbal\/status\/1509267426810155016?ref_src=twsrc%5Etfw\">March 30, 2022<\/a><\/blockquote><script async src=\"https:\/\/platform.twitter.com\/widgets.js\" charset=\"utf-8\"><\/script>\n<\/div><\/figure>\n\n\n\n<p>Las dos resoluciones generaron una contradicci\u00f3n en el juicio, por lo que Fonatur present\u00f3 una solicitud para aclararlas. El pasado 25 de marzo, el Tribunal Colegiado decidi\u00f3 que, entre las dos resoluciones, deb\u00eda subsistir la negativa de suspender el proyecto. Con esto, dio luz verde para que las obras del proyecto Tren Maya contin\u00faen.<\/p>\n\n\n\n<p>Dicha resoluci\u00f3n se dio en un contexto de cuestionamientos sobre la viabilidad ambiental, social y econ\u00f3mica del proyecto ferroviario para los pueblos originarios en Yucat\u00e1n.<\/p>\n\n\n\n<p>De acuerdo con las comunidades afectadas, con esa decisi\u00f3n, \u201cel Tribunal cay\u00f3 en una grave contradicci\u00f3n en el juicio, por dejar en incertidumbre a las personas demandantes, quienes no saben si las medidas de protecci\u00f3n contin\u00faan o cesan\u201d.<\/p>\n\n\n\n<blockquote class=\"wp-block-quote is-style-plain is-layout-flow wp-block-quote-is-layout-flow\"><p><strong><em>Adem\u00e1s, agregaron, \u201cel Poder Judicial de la Federaci\u00f3n est\u00e1 siendo totalmente permisivo y aquiescente, pues sus resoluciones niegan las suspensiones del proyecto Tren Maya por meros formalismos, y a pesar de la existencia de pruebas y hechos notorios de la devastaci\u00f3n de la flora y fauna, as\u00ed como de la integridad de los pueblos mayas en Yucat\u00e1n\u201d.<\/em><\/strong><\/p><\/blockquote>\n\n\n\n<figure class=\"wp-block-image\" id=\"attachment_4149153\"><img decoding=\"async\" src=\"https:\/\/i1.wp.com\/www.sinembargo.mx\/wp-content\/uploads\/2022\/03\/tren-maya-cuartoscuro-2.jpg?resize=700%2C900&amp;quality=80&amp;strip=all&amp;ssl=1\" alt=\"\" class=\"wp-image-4149153\"\/><figcaption>Im\u00e1genes de los trabajos del tramo 5 del Tren Maya, en Playa del Carmen, Quintana Roo. Foto: Cuartoscuro<\/figcaption><\/figure>\n\n\n\n<p>Indignaci\u00f3n, la asociaci\u00f3n legal que representa a los mayas asociados en la Asamblea de Defensores del Territorio Maya \u201cMuuch Xiinbal, se\u00f1al\u00f3 que con esta medida del Tribunal se evidencia a\u00fan m\u00e1s las autoritarias decisiones de los Poderes de la Uni\u00f3n para imponer un proyecto en la pen\u00ednsula.<\/p>\n\n\n\n<p>Adem\u00e1s, se contin\u00faa con la obstaculizaci\u00f3n de la defensa de derechos con base en intereses pol\u00edticos sobre los territorios mayas, y con ello se pone en riesgo total y alta vulnerabilidad de las personas defensoras de derechos humanos.<\/p>\n\n\n\n<p>El pasado 12 de marzo, el Presidente Andr\u00e9s Manuel L\u00f3pez Obrador asegur\u00f3 que el megaproyecto de m\u00e1s de mil 500 kil\u00f3metros s\u00f3lo demandar\u00e1 la tala de \u00e1rboles \u201cde 100 hect\u00e1reas\u201d, y que est\u00e1n mitigando con la siembra de \u201c200 mil hect\u00e1reas\u201d, adem\u00e1s se ampliar\u00e1 la reserva de Calakmul y se construir\u00e1n parques naturales en Tulum y Uxmal rodeados de las zonas arqueol\u00f3gicas, cuyos vestigios est\u00e1n siendo resguardados por elementos del Instituto Nacional de Antropolog\u00eda e Historia (INAH).<\/p>\n\n\n\n<p>Fuente: https:\/\/www.sinembargo.mx\/30-03-2022\/4153499<\/p>\n","protected":false},"excerpt":{"rendered":"<p>A pesar de las denuncias de comunidades, un Tribunal Colegiado de Circuito en Materias del Trabajo y Administrativa retir\u00f3 las [&hellip;]<\/p>\n","protected":false},"author":1,"featured_media":24894,"comment_status":"open","ping_status":"open","sticky":false,"template":"","format":"standard","meta":{"site-sidebar-layout":"default","site-content-layout":"","ast-site-content-layout":"default","site-content-style":"default","site-sidebar-style":"default","ast-global-header-display":"","ast-banner-title-visibility":"","ast-main-header-display":"","ast-hfb-above-header-display":"","ast-hfb-below-header-display":"","ast-hfb-mobile-header-display":"","site-post-title":"","ast-breadcrumbs-content":"","ast-featured-img":"","footer-sml-layout":"","theme-transparent-header-meta":"","adv-header-id-meta":"","stick-header-meta":"","header-above-stick-meta":"","header-main-stick-meta":"","header-below-stick-meta":"","astra-migrate-meta-layouts":"default","ast-page-background-enabled":"default","ast-page-background-meta":{"desktop":{"background-color":"var(--ast-global-color-4)","background-image":"","background-repeat":"repeat","background-position":"center center","background-size":"auto","background-attachment":"scroll","background-type":"","background-media":"","overlay-type":"","overlay-color":"","overlay-opacity":"","overlay-gradient":""},"tablet":{"background-color":"","background-image":"","background-repeat":"repeat","background-position":"center center","background-size":"auto","background-attachment":"scroll","background-type":"","background-media":"","overlay-type":"","overlay-color":"","overlay-opacity":"","overlay-gradient":""},"mobile":{"background-color":"","background-image":"","background-repeat":"repeat","background-position":"center center","background-size":"auto","background-attachment":"scroll","background-type":"","background-media":"","overlay-type":"","overlay-color":"","overlay-opacity":"","overlay-gradient":""}},"ast-content-background-meta":{"desktop":{"background-color":"var(--ast-global-color-5)","background-image":"","background-repeat":"repeat","background-position":"center center","background-size":"auto","background-attachment":"scroll","background-type":"","background-media":"","overlay-type":"","overlay-color":"","overlay-opacity":"","overlay-gradient":""},"tablet":{"background-color":"var(--ast-global-color-5)","background-image":"","background-repeat":"repeat","background-position":"center center","background-size":"auto","background-attachment":"scroll","background-type":"","background-media":"","overlay-type":"","overlay-color":"","overlay-opacity":"","overlay-gradient":""},"mobile":{"background-color":"var(--ast-global-color-5)","background-image":"","background-repeat":"repeat","background-position":"center center","background-size":"auto","background-attachment":"scroll","background-type":"","background-media":"","overlay-type":"","overlay-color":"","overlay-opacity":"","overlay-gradient":""}},"footnotes":""},"categories":[8],"tags":[9264,1325],"class_list":["post-24893","post","type-post","status-publish","format-standard","has-post-thumbnail","hentry","category-noticias","tag-flora-y-fauna-yucatan","tag-tren-maya"],"_links":{"self":[{"href":"https:\/\/losperiodistas.com.mx\/portal\/wp-json\/wp\/v2\/posts\/24893","targetHints":{"allow":["GET"]}}],"collection":[{"href":"https:\/\/losperiodistas.com.mx\/portal\/wp-json\/wp\/v2\/posts"}],"about":[{"href":"https:\/\/losperiodistas.com.mx\/portal\/wp-json\/wp\/v2\/types\/post"}],"author":[{"embeddable":true,"href":"https:\/\/losperiodistas.com.mx\/portal\/wp-json\/wp\/v2\/users\/1"}],"replies":[{"embeddable":true,"href":"https:\/\/losperiodistas.com.mx\/portal\/wp-json\/wp\/v2\/comments?post=24893"}],"version-history":[{"count":1,"href":"https:\/\/losperiodistas.com.mx\/portal\/wp-json\/wp\/v2\/posts\/24893\/revisions"}],"predecessor-version":[{"id":24895,"href":"https:\/\/losperiodistas.com.mx\/portal\/wp-json\/wp\/v2\/posts\/24893\/revisions\/24895"}],"wp:featuredmedia":[{"embeddable":true,"href":"https:\/\/losperiodistas.com.mx\/portal\/wp-json\/wp\/v2\/media\/24894"}],"wp:attachment":[{"href":"https:\/\/losperiodistas.com.mx\/portal\/wp-json\/wp\/v2\/media?parent=24893"}],"wp:term":[{"taxonomy":"category","embeddable":true,"href":"https:\/\/losperiodistas.com.mx\/portal\/wp-json\/wp\/v2\/categories?post=24893"},{"taxonomy":"post_tag","embeddable":true,"href":"https:\/\/losperiodistas.com.mx\/portal\/wp-json\/wp\/v2\/tags?post=24893"}],"curies":[{"name":"wp","href":"https:\/\/api.w.org\/{rel}","templated":true}]}}