{"id":24887,"date":"2022-03-31T07:43:18","date_gmt":"2022-03-31T13:43:18","guid":{"rendered":"http:\/\/losperiodistas.com.mx\/portal\/?p=24887"},"modified":"2022-03-31T07:43:20","modified_gmt":"2022-03-31T13:43:20","slug":"algoritmo-contra-la-prensa-en-tiempos-de-la-4t","status":"publish","type":"post","link":"https:\/\/losperiodistas.com.mx\/portal\/algoritmo-contra-la-prensa-en-tiempos-de-la-4t\/","title":{"rendered":"Algoritmo contra la prensa en tiempos de la 4T"},"content":{"rendered":"\n<p class=\"has-vivid-cyan-blue-color has-text-color\" style=\"font-size:26px\"><strong><em>Por Luis Mart\u00ednez<\/em><\/strong><\/p>\n\n\n\n<p>La RAE define al\u00a0<strong>algoritmo\u00a0<\/strong>como el conjunto ordenado y finito de operaciones que permite hallar la\u00a0<strong>soluci\u00f3n de un problema<\/strong>, y \u00bfqu\u00e9 pasa cuando el problema son\u00a0<strong>las y los periodistas<\/strong>\u00a0que de alguna forma generan incomodidad en quienes\u00a0<strong>ejercen el poder<\/strong>\u00a0y en sus seguidores?<\/p>\n\n\n\n<p>No, este art\u00edculo no hablar\u00e1 de plataformas ni de los recursos digitales ni de datos con los que cuenta internet para condicionar el&nbsp;<strong>comportamiento<\/strong>&nbsp;de los&nbsp;<strong>usuarios<\/strong>&nbsp;y consolidar la hegemon\u00eda de un pensamiento mercantilizado. No hoy.&nbsp; Se trata de las&nbsp;<strong>ma\u00f1as del poder<\/strong>, otra vez.<\/p>\n\n\n\n<p>La&nbsp;<strong>relaci\u00f3n prensa-poder<\/strong>&nbsp;en&nbsp;<strong>M\u00e9xico&nbsp;<\/strong>est\u00e1 marcada desde sus inicios, por excesos y las peores pr\u00e1cticas que van mucho m\u00e1s all\u00e1 de un&nbsp;<strong>contrato comercial<\/strong>&nbsp;entre las&nbsp;<strong>instituciones de gobierno&nbsp;<\/strong>y los&nbsp;<strong>medios de comunicaci\u00f3n<\/strong>, document\u00e1ndose incontables casos donde due\u00f1os de medios y comunicadores han gozado de numerosos privilegios y canonj\u00edas&nbsp; -pagados con dinero p\u00fablico- a partir de una s\u00f3lida y estrecha relaci\u00f3n de complicidad con quienes ostentan los cargos.<\/p>\n\n\n\n<p>Privilegios, canonj\u00edas y pr\u00e1cticas, que si bien desde la llegada de\u00a0<strong>Andr\u00e9s Manuel L\u00f3pez Obrador<\/strong>\u00a0a la Presidencia se exhibieron y redujeron, al menos en el gobierno federal, no han sido para nada erradicadas en el resto de \u00f3rdenes de gobierno y espacios de poder.<\/p>\n\n\n\n<p>L\u00f3pez Obrador en las primeras semanas de gobierno revel\u00f3 una lista de contratos millonarios con diversos comunicadores y due\u00f1os de medios de comunicaci\u00f3n, que hizo un gran eco en los millones de seguidores y votantes, instituyendo desde entonces una&nbsp;<strong>narrativa&nbsp;<\/strong>que asum\u00eda que toda cr\u00edtica a su gobierno por parte de estos comunicadores es consecuencia de dichos privilegios perdidos.<\/p>\n\n\n\n<p>Entonces las famosas ma\u00f1aneras se impulsaron como una&nbsp;<strong>alternativa institucional<\/strong>&nbsp;que enfrentar\u00eda la desinformaci\u00f3n y sesgo por parte de los comunicadores y medios se\u00f1alados. Dicho&nbsp;<strong>espacio de comunicaci\u00f3n<\/strong>&nbsp;no s\u00f3lo cumpli\u00f3 una funci\u00f3n informativa sobre el ejercicio de gobierno sino se convirti\u00f3 en una especie de&nbsp;<strong>p\u00falpito&nbsp;<\/strong>desde donde se fortalece la moral, pensamiento y cultura de lo que se identifica con la&nbsp;<strong>4T y el obradorismo<\/strong>.<\/p>\n\n\n\n<p>De esta forma se fortaleci\u00f3 la&nbsp;<strong>narrativa&nbsp;<\/strong>mencionada que asume que la&nbsp;<strong>prensa<\/strong>&nbsp;busca&nbsp;<strong>descalificar los logros<\/strong>&nbsp;de la 4T, luego de los privilegios perdidos. Sin embargo, esta narrativa, extendida entre todas las personas que simpatizan con el proyecto de L\u00f3pez Obrador, comenz\u00f3 a generalizar y descalificar sin criterio alguno&nbsp;<strong>todo trabajo period\u00edstico<\/strong>&nbsp;que se interpreta como&nbsp;<strong>cr\u00edtico<\/strong>&nbsp;del&nbsp;<strong>ejercicio gubernamental<\/strong>&nbsp;o que no es propagand\u00edstico del mismo.<\/p>\n\n\n\n<p>Lo m\u00e1s grave es que dicha narrativa intensific\u00f3 las din\u00e1micas de&nbsp;<strong>odio y estigmatizaci\u00f3n<\/strong>&nbsp;sobre todas las personas que ejercen el&nbsp;<strong>periodismo&nbsp;<\/strong>por igual y se constituy\u00f3 en un gran recurso para otros&nbsp;<strong>actores pol\u00edticos<\/strong>&nbsp;que amparados en la 4T la utilizan como garrote ante la&nbsp;<strong>prensa cr\u00edtica<\/strong>.<\/p>\n\n\n\n<p>Tropicalizada por gobernadores, alcald\u00edas, legisladores y dirigentes estatales de la 4T, cuya reputaci\u00f3n, ma\u00f1as, pasado o mal desempe\u00f1o los ha colocado en varias ocasiones en el ojo del hurac\u00e1n, han utilizado esta narrativa para&nbsp;<strong>justificar<\/strong>&nbsp;toda clase de&nbsp;<strong>ataques a periodistas<\/strong>&nbsp;que van desde el<strong>&nbsp;desprestigio<\/strong>&nbsp;hasta la&nbsp;<strong>persecuci\u00f3n jur\u00eddica<\/strong>,&nbsp;<strong>institucional<\/strong>&nbsp;y<strong>&nbsp;digital<\/strong>&nbsp;y en casos m\u00e1s graves las amenazas, la&nbsp;<strong>violencia<\/strong>&nbsp;<strong>psicol\u00f3gica<\/strong>&nbsp;y<strong>&nbsp;f\u00edsica<\/strong>.<\/p>\n\n\n\n<p>El algoritmo se repite y perfecciona constantemente:<\/p>\n\n\n\n<p><strong>1.<\/strong>&nbsp;Un medio de comunicaci\u00f3n publica un reportaje que resulta inc\u00f3modo para el gobernante en turno al exhibir deficiencias de su gesti\u00f3n.<br><strong>2.<\/strong>&nbsp;El reportaje es descalificado en redes sociales por legiones de usuarios an\u00f3nimos o cuentas de inducci\u00f3n.<br><strong>3.<\/strong>&nbsp;El autor o autora es igualado con Carlos Loret, Joaqu\u00edn L\u00f3pez D\u00f3riga o cualquier \u00edcono reconocido verdaderamente por sus malas pr\u00e1cticas y privilegios.<br><strong>4.<\/strong>&nbsp;Dicha comparaci\u00f3n y descalificaciones son replicadas entre simpatizantes y militantes reales de la 4T induciendo en ellos al repudio del autor o autores de la nota calific\u00e1ndola tambi\u00e9n como una mentira, que al atentar contra la dependencia o figura cuestionada, atenta contra la 4T y la lucha genuina de las causas obradoristas.<br><strong>5.<\/strong>&nbsp;El cuestionamiento central del reportaje es llevado a la arena p\u00fablica del gobernador o figura local correspondiente por parte de medios aliados de este, suavizado o acomodado de forma favorable.<br><strong>6.<\/strong>&nbsp;El gobernante replica el reportaje o cuestionamiento en lo que generalmente es un s\u00edmil de las ma\u00f1aneras o rueda de prensa a modo, acusando a sus autores y al medio de ser parte de los enemigos de la transformaci\u00f3n, y le vincula p\u00fablicamente con sus adversarios.<br><strong>7.<\/strong>&nbsp;Se inicia una din\u00e1mica de descalificaci\u00f3n, desprestigio y cuestionamiento personal sobre el autor o autores del reportaje inc\u00f3modo y contra el medio que lo publica.<br><strong>8.<\/strong>&nbsp;Desde las instituciones del gobierno se persigue jur\u00eddica, fiscal y pol\u00edticamente al autor y su medio, con el silencio de los medios cercanos al poder, la indiferencia o neutralidad de los medios temerosos del poder y el total respaldo de simpatizantes y allegados quienes no tiene muy clara la diferencia entre regulaci\u00f3n y persecuci\u00f3n.<br><strong>9.<\/strong>&nbsp;Desde las oficinas de comunicaci\u00f3n institucional se niega todo.<br><strong>10.<\/strong>&nbsp;Se repite la operaci\u00f3n ad infinitum<\/p>\n\n\n\n<p>Estos\u00a0<strong>gobernantes infames<\/strong>\u00a0aprovecharon una inercia para hacerse del poder y\u00a0<strong>perpetuar\u00a0<\/strong>las mismas\u00a0<strong>pr\u00e1cticas<\/strong>, sabedores de que la polarizaci\u00f3n logr\u00f3 desactivar la reflexi\u00f3n, el an\u00e1lisis y sobre todo nos impide distinguir entre ejercicios honestos de observaci\u00f3n del\u00a0<strong>poder y posverdades<\/strong>\u00a0con fines electorales.<\/p>\n\n\n\n<p><strong>\u00bfLe suena?<\/strong><\/p>\n\n\n\n<p>Hasta la pr\u00f3xima.<\/p>\n\n\n\n<p>Comparte y s\u00edgueme en: @LuisMartiMX<\/p>\n","protected":false},"excerpt":{"rendered":"<p>Por Luis Mart\u00ednez La RAE define al\u00a0algoritmo\u00a0como el conjunto ordenado y finito de operaciones que permite hallar la\u00a0soluci\u00f3n de un [&hellip;]<\/p>\n","protected":false},"author":1,"featured_media":24888,"comment_status":"open","ping_status":"open","sticky":false,"template":"","format":"standard","meta":{"site-sidebar-layout":"default","site-content-layout":"","ast-site-content-layout":"default","site-content-style":"default","site-sidebar-style":"default","ast-global-header-display":"","ast-banner-title-visibility":"","ast-main-header-display":"","ast-hfb-above-header-display":"","ast-hfb-below-header-display":"","ast-hfb-mobile-header-display":"","site-post-title":"","ast-breadcrumbs-content":"","ast-featured-img":"","footer-sml-layout":"","theme-transparent-header-meta":"","adv-header-id-meta":"","stick-header-meta":"","header-above-stick-meta":"","header-main-stick-meta":"","header-below-stick-meta":"","astra-migrate-meta-layouts":"default","ast-page-background-enabled":"default","ast-page-background-meta":{"desktop":{"background-color":"var(--ast-global-color-4)","background-image":"","background-repeat":"repeat","background-position":"center center","background-size":"auto","background-attachment":"scroll","background-type":"","background-media":"","overlay-type":"","overlay-color":"","overlay-opacity":"","overlay-gradient":""},"tablet":{"background-color":"","background-image":"","background-repeat":"repeat","background-position":"center center","background-size":"auto","background-attachment":"scroll","background-type":"","background-media":"","overlay-type":"","overlay-color":"","overlay-opacity":"","overlay-gradient":""},"mobile":{"background-color":"","background-image":"","background-repeat":"repeat","background-position":"center center","background-size":"auto","background-attachment":"scroll","background-type":"","background-media":"","overlay-type":"","overlay-color":"","overlay-opacity":"","overlay-gradient":""}},"ast-content-background-meta":{"desktop":{"background-color":"var(--ast-global-color-5)","background-image":"","background-repeat":"repeat","background-position":"center center","background-size":"auto","background-attachment":"scroll","background-type":"","background-media":"","overlay-type":"","overlay-color":"","overlay-opacity":"","overlay-gradient":""},"tablet":{"background-color":"var(--ast-global-color-5)","background-image":"","background-repeat":"repeat","background-position":"center center","background-size":"auto","background-attachment":"scroll","background-type":"","background-media":"","overlay-type":"","overlay-color":"","overlay-opacity":"","overlay-gradient":""},"mobile":{"background-color":"var(--ast-global-color-5)","background-image":"","background-repeat":"repeat","background-position":"center center","background-size":"auto","background-attachment":"scroll","background-type":"","background-media":"","overlay-type":"","overlay-color":"","overlay-opacity":"","overlay-gradient":""}},"footnotes":""},"categories":[8,22],"tags":[9262,9263],"class_list":["post-24887","post","type-post","status-publish","format-standard","has-post-thumbnail","hentry","category-noticias","category-opinion-invitada","tag-algoritmos","tag-periodismo-digital"],"_links":{"self":[{"href":"https:\/\/losperiodistas.com.mx\/portal\/wp-json\/wp\/v2\/posts\/24887","targetHints":{"allow":["GET"]}}],"collection":[{"href":"https:\/\/losperiodistas.com.mx\/portal\/wp-json\/wp\/v2\/posts"}],"about":[{"href":"https:\/\/losperiodistas.com.mx\/portal\/wp-json\/wp\/v2\/types\/post"}],"author":[{"embeddable":true,"href":"https:\/\/losperiodistas.com.mx\/portal\/wp-json\/wp\/v2\/users\/1"}],"replies":[{"embeddable":true,"href":"https:\/\/losperiodistas.com.mx\/portal\/wp-json\/wp\/v2\/comments?post=24887"}],"version-history":[{"count":1,"href":"https:\/\/losperiodistas.com.mx\/portal\/wp-json\/wp\/v2\/posts\/24887\/revisions"}],"predecessor-version":[{"id":24889,"href":"https:\/\/losperiodistas.com.mx\/portal\/wp-json\/wp\/v2\/posts\/24887\/revisions\/24889"}],"wp:featuredmedia":[{"embeddable":true,"href":"https:\/\/losperiodistas.com.mx\/portal\/wp-json\/wp\/v2\/media\/24888"}],"wp:attachment":[{"href":"https:\/\/losperiodistas.com.mx\/portal\/wp-json\/wp\/v2\/media?parent=24887"}],"wp:term":[{"taxonomy":"category","embeddable":true,"href":"https:\/\/losperiodistas.com.mx\/portal\/wp-json\/wp\/v2\/categories?post=24887"},{"taxonomy":"post_tag","embeddable":true,"href":"https:\/\/losperiodistas.com.mx\/portal\/wp-json\/wp\/v2\/tags?post=24887"}],"curies":[{"name":"wp","href":"https:\/\/api.w.org\/{rel}","templated":true}]}}