{"id":24883,"date":"2022-03-31T07:30:50","date_gmt":"2022-03-31T13:30:50","guid":{"rendered":"http:\/\/losperiodistas.com.mx\/portal\/?p=24883"},"modified":"2022-03-31T07:31:52","modified_gmt":"2022-03-31T13:31:52","slug":"efemerides-del-31-de-marzo-que-paso-un-dia-como-hoy-adn-40","status":"publish","type":"post","link":"https:\/\/losperiodistas.com.mx\/portal\/efemerides-del-31-de-marzo-que-paso-un-dia-como-hoy-adn-40\/","title":{"rendered":"Efem\u00e9rides del 31 de marzo: Qu\u00e9 pas\u00f3 un d\u00eda como hoy | ADN 40"},"content":{"rendered":"\n<p><em>\u00bfQu\u00e9 pas\u00f3 un d\u00eda como hoy? El 31 de marzo se conmemora el \u201cD\u00eda del Taco en M\u00e9xico\u201d. Conoce todas las efem\u00e9rides de este d\u00eda.<\/em><\/p>\n\n\n\n<figure class=\"wp-block-image size-full\"><img fetchpriority=\"high\" decoding=\"async\" width=\"968\" height=\"545\" src=\"https:\/\/losperiodistas.com.mx\/portal\/wp-content\/uploads\/2022\/03\/efeme-marzo-31.jpeg\" alt=\"\" class=\"wp-image-24884\" srcset=\"https:\/\/losperiodistas.com.mx\/portal\/wp-content\/uploads\/2022\/03\/efeme-marzo-31.jpeg 968w, https:\/\/losperiodistas.com.mx\/portal\/wp-content\/uploads\/2022\/03\/efeme-marzo-31-300x169.jpeg 300w, https:\/\/losperiodistas.com.mx\/portal\/wp-content\/uploads\/2022\/03\/efeme-marzo-31-768x432.jpeg 768w\" sizes=\"(max-width: 968px) 100vw, 968px\" \/><figcaption>Canva<\/figcaption><\/figure>\n\n\n\n<p><\/p>\n\n\n\n<p class=\"has-vivid-cyan-blue-color has-text-color has-medium-font-size\">ADN 40<\/p>\n\n\n\n<h2 class=\"wp-block-heading\">Qu\u00e9 se conmemora cada 31 de marzo<\/h2>\n\n\n\n<h2 class=\"wp-block-heading\">D\u00eda del Taco en M\u00e9xico<\/h2>\n\n\n\n<p>Cada<strong>&nbsp;31 de marzo&nbsp;<\/strong>desde el a\u00f1o 2007 se conmemora a este plato t\u00edpico de nuestro pa\u00eds. Con motivo de esta fecha, diversas taquer\u00edas ofrecen promociones especiales, accesibles a todos.<\/p>\n\n\n\n<h2 class=\"wp-block-heading\">D\u00eda Internacional de la Visibilidad Transg\u00e9nero<\/h2>\n\n\n\n<p>Cada<strong>&nbsp;31 de marzo&nbsp;<\/strong>se busca generar conciencia y sensibilizar a la poblaci\u00f3n mundial para acabar con la discriminaci\u00f3n hacia las personas transg\u00e9nero. Son personas que se identifican con un tipo de conducta que no corresponde al g\u00e9nero que se les asign\u00f3 al momento de nacer.<\/p>\n\n\n\n<h2 class=\"wp-block-heading\">D\u00eda Mundial Contra el C\u00e1ncer de Colon<\/h2>\n\n\n\n<p>El\u00a0<strong>31 de marzo<\/strong>\u00a0se busca generar conciencia sobre los pacientes que son diagnosticados con esta enfermedad. Tambi\u00e9n es una fecha donde se busca priorizar la detecci\u00f3n temprana para salvar vidas.<\/p>\n\n\n\n<h2 class=\"wp-block-heading\">Efem\u00e9rides del 31 de marzo<\/h2>\n\n\n\n<p>1823: Se nombra un triunvirato compuesto por Nicol\u00e1s Bravo, Guadalupe Victoria y Pedro Celestino Negrete para hacerse cargo del Poder Ejecutivo de la Naci\u00f3n.<\/p>\n\n\n\n<p>1897: Muere en la Ciudad de M\u00e9xico, el general S\u00f3stenes Rocha, defensor del gobierno liberal.<\/p>\n\n\n\n<p>1650: En el sur del Per\u00fa, un terremoto destruye la ciudad de Cuzco, dejando un saldo de 5000 muertos.<\/p>\n\n\n\n<p>1847: En el estado de Veracruz (M\u00e9xico) \u2015en el marco de la Intervenci\u00f3n estadounidense en M\u00e9xico\u2015 capitula el puerto de Alvarado.<\/p>\n\n\n\n<p><br>1889: En Par\u00eds se inaugura la torre Eiffel.<\/p>\n\n\n\n<figure class=\"wp-block-image\"><img decoding=\"async\" src=\"https:\/\/tvazteca.brightspotcdn.com\/dims4\/default\/c70d887\/2147483647\/strip\/true\/crop\/1200x675+0+0\/resize\/968x545!\/format\/jpg\/quality\/80\/?url=https%3A%2F%2Ftvazteca.brightspotcdn.com%2Fe1%2Ff8%2Fdd1f37134ad9b9478258395d0146%2Fefemerides-31-de-marzo-1.jpg\" alt=\"efem\u00e9rides 31 de marzo 1.jpg\"\/><\/figure>\n\n\n\n<p>1909: En Inglaterra comienza la construcci\u00f3n del RMS Titanic, completado justo tres a\u00f1os despu\u00e9s.<\/p>\n\n\n\n<p>1914: Nace en la Ciudad de M\u00e9xico, el poeta y ensayista Octavio Paz. Por la importancia de su obra se le conceden numerosos reconocimientos, incluyendo el Premio Nobel de Literatura en 1990.<\/p>\n\n\n\n<p>1931: En Managua (capital de Nicaragua) a las 10:23 a. m. hora local un terremoto de magnitud 6,0 en la escala sismol\u00f3gica de Richter, destruye la ciudad, causando m\u00e1s de 2000 muertos.<\/p>\n\n\n\n<p>1966: La Uni\u00f3n Sovi\u00e9tica lanza hacia la Luna su sonda Luna 10.<\/p>\n\n\n\n<p>1970: Despu\u00e9s de 12 a\u00f1os, el sat\u00e9lite estadounidense Explorer 1 ingresa en la atm\u00f3sfera terrestre.<\/p>\n\n\n\n<p>1983: En Colombia, un terremoto destruye la ciudad de Popay\u00e1n.<\/p>\n\n\n\n<p>1986: En las monta\u00f1as al noroeste de Ciudad de M\u00e9xico, un avi\u00f3n Boeing 727 de Mexicana de Aviaci\u00f3n se incendia rumbo a Puerto Vallarta y se estrella. Mueren 166 personas.<\/p>\n\n\n\n<p>1990: El cantautor cubano&nbsp;<a href=\"https:\/\/www.adn40.mx\/noticia\/poder\/notas\/2018-11-29-14-16\/silvio-rodriguez-lee-poemas-en-el-rancho-de-amlo\" target=\"_blank\" rel=\"noreferrer noopener\">Silvio Rodr\u00edguez&nbsp;<\/a>ofrece un concierto ante 75 000 personas en el Estadio Nacional de Santiago de Chile, despu\u00e9s de haber estado prohibido su ingreso al pa\u00eds durante la dictadura de Augusto Pinochet por 17 a\u00f1os.<\/p>\n\n\n\n<figure class=\"wp-block-image\"><img decoding=\"async\" src=\"https:\/\/tvazteca.brightspotcdn.com\/dims4\/default\/f6ab17a\/2147483647\/strip\/true\/crop\/1200x600+0+0\/resize\/968x484!\/format\/jpg\/quality\/80\/?url=https%3A%2F%2Ftvazteca.brightspotcdn.com%2F3f%2F7a%2F1ab7d134468ab5a8f4231840709c%2Fyolanda-saldivar-selena-quintanilla.jpg\" alt=\"Efem\u00e9rides 31 de marzo.jpg\"\/><figcaption>La cantante fue asesinada en un hotel de Texas<\/figcaption><\/figure>\n\n\n\n<p>1995: Es asesinada la cantante de Tex-mex, M\u00e9xico-americana;&nbsp;<a href=\"https:\/\/www.adn40.mx\/cultura\/selena-quintanilla-yolanda-saldivar-motivo-mva-especial\" target=\"_blank\" rel=\"noreferrer noopener\">Selena&nbsp;<\/a>.<\/p>\n\n\n\n<p>2017: En Colombia, una avalancha por el desbordamiento de tres r\u00edos arrasa 17 barrios de la ciudad de Mocoa, departamento de Putumayo, dejando m\u00e1s de 200 muertos.<\/p>\n\n\n\n<p>Fuente: https:\/\/www.adn40.mx\/mexico\/efemerides-31-de-marzo-gm-especial<\/p>\n","protected":false},"excerpt":{"rendered":"<p>\u00bfQu\u00e9 pas\u00f3 un d\u00eda como hoy? El 31 de marzo se conmemora el \u201cD\u00eda del Taco en M\u00e9xico\u201d. Conoce todas [&hellip;]<\/p>\n","protected":false},"author":1,"featured_media":24884,"comment_status":"open","ping_status":"open","sticky":false,"template":"","format":"standard","meta":{"site-sidebar-layout":"default","site-content-layout":"","ast-site-content-layout":"default","site-content-style":"default","site-sidebar-style":"default","ast-global-header-display":"","ast-banner-title-visibility":"","ast-main-header-display":"","ast-hfb-above-header-display":"","ast-hfb-below-header-display":"","ast-hfb-mobile-header-display":"","site-post-title":"","ast-breadcrumbs-content":"","ast-featured-img":"","footer-sml-layout":"","theme-transparent-header-meta":"","adv-header-id-meta":"","stick-header-meta":"","header-above-stick-meta":"","header-main-stick-meta":"","header-below-stick-meta":"","astra-migrate-meta-layouts":"default","ast-page-background-enabled":"default","ast-page-background-meta":{"desktop":{"background-color":"var(--ast-global-color-4)","background-image":"","background-repeat":"repeat","background-position":"center center","background-size":"auto","background-attachment":"scroll","background-type":"","background-media":"","overlay-type":"","overlay-color":"","overlay-opacity":"","overlay-gradient":""},"tablet":{"background-color":"","background-image":"","background-repeat":"repeat","background-position":"center center","background-size":"auto","background-attachment":"scroll","background-type":"","background-media":"","overlay-type":"","overlay-color":"","overlay-opacity":"","overlay-gradient":""},"mobile":{"background-color":"","background-image":"","background-repeat":"repeat","background-position":"center center","background-size":"auto","background-attachment":"scroll","background-type":"","background-media":"","overlay-type":"","overlay-color":"","overlay-opacity":"","overlay-gradient":""}},"ast-content-background-meta":{"desktop":{"background-color":"var(--ast-global-color-5)","background-image":"","background-repeat":"repeat","background-position":"center center","background-size":"auto","background-attachment":"scroll","background-type":"","background-media":"","overlay-type":"","overlay-color":"","overlay-opacity":"","overlay-gradient":""},"tablet":{"background-color":"var(--ast-global-color-5)","background-image":"","background-repeat":"repeat","background-position":"center center","background-size":"auto","background-attachment":"scroll","background-type":"","background-media":"","overlay-type":"","overlay-color":"","overlay-opacity":"","overlay-gradient":""},"mobile":{"background-color":"var(--ast-global-color-5)","background-image":"","background-repeat":"repeat","background-position":"center center","background-size":"auto","background-attachment":"scroll","background-type":"","background-media":"","overlay-type":"","overlay-color":"","overlay-opacity":"","overlay-gradient":""}},"footnotes":""},"categories":[8],"tags":[9259,9260,5660,9258,81,9261],"class_list":["post-24883","post","type-post","status-publish","format-standard","has-post-thumbnail","hentry","category-noticias","tag-cancer-de-colon","tag-dia-del-taco","tag-octavio-paz","tag-selena","tag-torre-eiffel","tag-visibilidad-transgenero"],"_links":{"self":[{"href":"https:\/\/losperiodistas.com.mx\/portal\/wp-json\/wp\/v2\/posts\/24883","targetHints":{"allow":["GET"]}}],"collection":[{"href":"https:\/\/losperiodistas.com.mx\/portal\/wp-json\/wp\/v2\/posts"}],"about":[{"href":"https:\/\/losperiodistas.com.mx\/portal\/wp-json\/wp\/v2\/types\/post"}],"author":[{"embeddable":true,"href":"https:\/\/losperiodistas.com.mx\/portal\/wp-json\/wp\/v2\/users\/1"}],"replies":[{"embeddable":true,"href":"https:\/\/losperiodistas.com.mx\/portal\/wp-json\/wp\/v2\/comments?post=24883"}],"version-history":[{"count":2,"href":"https:\/\/losperiodistas.com.mx\/portal\/wp-json\/wp\/v2\/posts\/24883\/revisions"}],"predecessor-version":[{"id":24886,"href":"https:\/\/losperiodistas.com.mx\/portal\/wp-json\/wp\/v2\/posts\/24883\/revisions\/24886"}],"wp:featuredmedia":[{"embeddable":true,"href":"https:\/\/losperiodistas.com.mx\/portal\/wp-json\/wp\/v2\/media\/24884"}],"wp:attachment":[{"href":"https:\/\/losperiodistas.com.mx\/portal\/wp-json\/wp\/v2\/media?parent=24883"}],"wp:term":[{"taxonomy":"category","embeddable":true,"href":"https:\/\/losperiodistas.com.mx\/portal\/wp-json\/wp\/v2\/categories?post=24883"},{"taxonomy":"post_tag","embeddable":true,"href":"https:\/\/losperiodistas.com.mx\/portal\/wp-json\/wp\/v2\/tags?post=24883"}],"curies":[{"name":"wp","href":"https:\/\/api.w.org\/{rel}","templated":true}]}}