{"id":24880,"date":"2022-03-31T07:26:28","date_gmt":"2022-03-31T13:26:28","guid":{"rendered":"http:\/\/losperiodistas.com.mx\/portal\/?p=24880"},"modified":"2022-03-31T07:26:29","modified_gmt":"2022-03-31T13:26:29","slug":"amlo-es-coparticipe-de-la-tercera-desaparicion-de-normalistas-de-ayotzinapa-anabel-hernandez-infobae","status":"publish","type":"post","link":"https:\/\/losperiodistas.com.mx\/portal\/amlo-es-coparticipe-de-la-tercera-desaparicion-de-normalistas-de-ayotzinapa-anabel-hernandez-infobae\/","title":{"rendered":"AMLO es copart\u00edcipe de la tercera desaparici\u00f3n de normalistas de Ayotzinapa: Anabel Hern\u00e1ndez | Infobae"},"content":{"rendered":"\n<p>Omar Garc\u00eda Harfuch, secretario de seguridad de la CDMX; Rafael Ojeda Dur\u00e1n, titular de la Semar; y el mismo Salvador Cienfuegos, exmando de la Sedena, siguen influyendo en cargos de relevancia de la actual administraci\u00f3n p\u00fablica, tras su pasado en cargos vinculados con el caso de los 43 estudiantes<\/p>\n\n\n\n<figure class=\"wp-block-image size-large\"><img fetchpriority=\"high\" decoding=\"async\" width=\"1024\" height=\"571\" src=\"https:\/\/losperiodistas.com.mx\/portal\/wp-content\/uploads\/2022\/03\/Captura-de-Pantalla-2022-03-31-a-las-7.20.26-1024x571.jpg\" alt=\"\" class=\"wp-image-24881\" srcset=\"https:\/\/losperiodistas.com.mx\/portal\/wp-content\/uploads\/2022\/03\/Captura-de-Pantalla-2022-03-31-a-las-7.20.26-1024x571.jpg 1024w, https:\/\/losperiodistas.com.mx\/portal\/wp-content\/uploads\/2022\/03\/Captura-de-Pantalla-2022-03-31-a-las-7.20.26-300x167.jpg 300w, https:\/\/losperiodistas.com.mx\/portal\/wp-content\/uploads\/2022\/03\/Captura-de-Pantalla-2022-03-31-a-las-7.20.26-768x428.jpg 768w, https:\/\/losperiodistas.com.mx\/portal\/wp-content\/uploads\/2022\/03\/Captura-de-Pantalla-2022-03-31-a-las-7.20.26.jpg 1528w\" sizes=\"(max-width: 1024px) 100vw, 1024px\" \/><figcaption>Anabel Hern\u00e1ndez se\u00f1ala lo inconcebible de que no se apresure entrega de documentos por orden de AMLO Video: Infobae M\u00e9xico<\/figcaption><\/figure>\n\n\n\n<p>VIDEO: <a href=\"https:\/\/www.infobae.com\/america\/mexico\/2022\/03\/30\/amlo-es-coparticipe-de-la-tercera-desaparicion-de-normalistas-de-ayotzinapa-anabel-hernandez\/\">https:\/\/www.infobae.com\/america\/mexico\/2022\/03\/30\/amlo-es-coparticipe-de-la-tercera-desaparicion-de-normalistas-de-ayotzinapa-anabel-hernandez\/<\/a><\/p>\n\n\n\n<p><\/p>\n\n\n\n<p class=\"has-vivid-cyan-blue-color has-text-color has-medium-font-size\">ANTONIO SAN JUAN \/ INFOBAE<\/p>\n\n\n\n<p>El presidente<strong>&nbsp;Andr\u00e9s Manuel L\u00f3pez Obrador&nbsp;<\/strong>tiene responsabilidades directas en las resistencias identificadas por el&nbsp;<strong>Grupo Interdisciplinario de Expertos Independientes<\/strong>&nbsp;(GIEI) para esclarcer el caso de los<strong>&nbsp;43 estudiantes de Ayotzinapa<\/strong>, pues la orden para coadyuvar con entrega de informaci\u00f3n no se ha cumplido en una<strong>&nbsp;tercera desaparici\u00f3n por ocultamiento de posibles evidencias<\/strong>.<\/p>\n\n\n\n<p><strong>Anabel Hern\u00e1ndez<\/strong>, quien investig\u00f3 el tema con&nbsp;<em>La Verdadera noche de Iguala&nbsp;<\/em>(Grijalbo, 2016), se\u00f1al\u00f3 a<a href=\"https:\/\/www.infobae.com\/america\/mexico\/\" target=\"_blank\" rel=\"noreferrer noopener\"><em><strong>&nbsp;Infobae M\u00e9xico<\/strong><\/em><\/a>&nbsp;que el jefe del Ejecutivo federal est\u00e1&nbsp;<strong>vinculado con la falta de respuestas para conocer el paradero de los normalistas<\/strong>, pues ahora es su gobierno el que debe dar resultados, con base en el decreto y la comisi\u00f3n creada al asumir el poder en 2018. Esto,<strong>&nbsp;sin dejar lugar a dudas de que ya no hay protecci\u00f3n al Ej\u00e9rcito&nbsp;<\/strong>o quienes permanecen con nexos de relevancia en la actual administraci\u00f3n.<\/p>\n\n\n\n<p>Seg\u00fan el an\u00e1lisis de la periodista, la primera desaparici\u00f3n de los estudiantes de la<strong>&nbsp;Normal Rural Ra\u00fal Isidro Burgos<\/strong>&nbsp;est\u00e1 consignada la noche y madrugada del 26 y 27 de septiembre de 2014 en&nbsp;<strong>Iguala<\/strong>,&nbsp;<strong>Guerrero<\/strong>. Pero la segunda desaparici\u00f3n ocurri\u00f3 con las intenciones de construir falsas explicaciones de&nbsp;<strong>Jes\u00fas Murillo Karam<\/strong>, entonces titular de la Procuradur\u00eda General de la Rep\u00fablica (PGR), y&nbsp;<strong>Tom\u00e1s Zer\u00f3n<\/strong>, quien estaba al frente de la Agencia de Investigaci\u00f3n Criminal y particip\u00f3 en torturas a detenidos; adem\u00e1s de&nbsp;<strong>encubrir responsabilidad de militares<\/strong>.<\/p>\n\n\n\n<figure class=\"wp-block-pullquote\"><blockquote><p>[AMLO] no es responsable de la primera y la segunda, porque \u00e9l no era el mandatario, no estaba en su poder, hoy s\u00ed es coparticipe de esta tercera desaparici\u00f3n; \u00bfy por qu\u00e9 lo llamo tercera desaparici\u00f3n?, porque este ocultamiento de informaci\u00f3n impide poder encontrarlos y se desaparece informaci\u00f3n, se manipula informaci\u00f3n, se tiran expedientes, es una cosa realmente muy delicada lo que est\u00e1 pasando<\/p><\/blockquote><\/figure>\n\n\n\n<p><img decoding=\"async\" alt=\"Anabel Hern\u00e1ndez ya hab\u00eda adelantado participaci\u00f3n del Ej\u00e9rcito en la noche de Iguala (Fotos: J.M. Mariscal\/Infobae)\" height=\"3376\" width=\"6000\" class=\"\" src=\"https:\/\/cloudfront-us-east-1.images.arcpublishing.com\/infobae\/NA34AMSTWBH3HHV2R4I5MOLRS4.JPG\" srcset=\"https:\/\/www.infobae.com\/new-resizer\/Al9OJUYF3bPln6eMIatzGcyTTmk=\/420x236\/filters:format(webp):quality(85)\/cloudfront-us-east-1.images.arcpublishing.com\/infobae\/NA34AMSTWBH3HHV2R4I5MOLRS4.JPG 420w,https:\/\/www.infobae.com\/new-resizer\/EZaA9RXHypSWunpYMfYmHjjBdGA=\/768x432\/filters:format(webp):quality(85)\/cloudfront-us-east-1.images.arcpublishing.com\/infobae\/NA34AMSTWBH3HHV2R4I5MOLRS4.JPG 768w,https:\/\/www.infobae.com\/new-resizer\/P5ai9OFOcnzXw68qtjHqJncxsZs=\/992x558\/filters:format(webp):quality(85)\/cloudfront-us-east-1.images.arcpublishing.com\/infobae\/NA34AMSTWBH3HHV2R4I5MOLRS4.JPG 992w,https:\/\/www.infobae.com\/new-resizer\/ep8OBZigCCXzsofdTLuwOntcn1s=\/1200x675\/filters:format(webp):quality(85)\/cloudfront-us-east-1.images.arcpublishing.com\/infobae\/NA34AMSTWBH3HHV2R4I5MOLRS4.JPG 1200w,https:\/\/www.infobae.com\/new-resizer\/U4Q-Dugi4zfuiwzK_F0HfNMgsxg=\/1440x810\/filters:format(webp):quality(85)\/cloudfront-us-east-1.images.arcpublishing.com\/infobae\/NA34AMSTWBH3HHV2R4I5MOLRS4.JPG 1440w\">Anabel Hern\u00e1ndez ya hab\u00eda adelantado participaci\u00f3n del Ej\u00e9rcito en la noche de Iguala (Fotos: J.M. Mariscal\/Infobae)<\/p>\n\n\n\n<p>En su tercer informe presentado el 28 de marzo reciente, el&nbsp;<strong>GIEI<\/strong>&nbsp;revel\u00f3 que pese a la orden presidencial, hay instituciones como la<strong>&nbsp;Secretar\u00eda de la Defensa Nacional&nbsp;<\/strong>(Sedena) que&nbsp;<strong>se resisten a entregar documentos para colaborar en las indagatorias<\/strong>. Incluso acusaron la influencia de exfuncionarios que podr\u00edan intentar encubrir su participaci\u00f3n para construir el montaje de la<em><strong>&nbsp;verdad hist\u00f3rica<\/strong><\/em>, con la cual la gesti\u00f3n de&nbsp;<strong>Enrique Pe\u00f1a Nieto<\/strong>&nbsp;quiso darle&nbsp;<strong>carpetazo<\/strong>&nbsp;al asunto.<\/p>\n\n\n\n<p>La reportera de investigaci\u00f3n calific\u00f3 como&nbsp;<strong>inconcebible&nbsp;<\/strong>y de gravedad que una dependencia de las Fuerzas Armadas no obezca al&nbsp;<strong>comandante supremo<\/strong>, L\u00f3pez Obrador, seg\u00fan lo dispuesto en el<a href=\"https:\/\/www.dof.gob.mx\/nota_detalle.php?codigo=5545622&amp;fecha=04\/12\/2018\" target=\"_blank\" rel=\"noreferrer noopener\"><strong>&nbsp;decreto publicado en el Diario Oficial de la Federaci\u00f3n el 4 de diciembre de 2018<\/strong><\/a>, en espec\u00edfico en sus art\u00edculos primero y quinto. Con ello se entender\u00eda que&nbsp;<strong>al mando del pa\u00eds no est\u00e1 un civil elegido por la v\u00eda democr\u00e1tica<\/strong>,&nbsp;<strong>sino militares que buscan salvaguardar sus intereses<\/strong>.<\/p>\n\n\n\n<figure class=\"wp-block-pullquote\"><blockquote><p>Entiendo la indignaci\u00f3n de los padres de familia, evidentemente tienen que sentirse burlados por parte del Ejecutivo, pues porque el presidente podr\u00e1 pararse y decir algunas cosas absurdas, pero quien conoce el Estado de Derecho y la Constituci\u00f3n y c\u00f3mo se maneja el Ej\u00e9rcito, y que el mando del Ej\u00e9rcito es el presidente de la rep\u00fablica, ah\u00ed es ineludible su colusi\u00f3n en este encubrimiento<\/p><\/blockquote><\/figure>\n\n\n\n<p>Los integrantes del\u00a0<strong>GIEI<\/strong>\u00a0denunciaron trabas al momento de solicitar documentos, exigi\u00e9ndoles datos que no poseen sobre lo que solicitan, pero cuyos archivos s\u00ed se mencionan en otros informes obtenidos previamente y despu\u00e9s de insistencias.\u00a0<strong>Anabel Hern\u00e1ndez\u00a0<\/strong>consider\u00f3 que ser\u00edan entendibles resistencias a pocos meses del sexenio de L\u00f3pez Obrador por reacomodos pol\u00edticos y costumbres adquiridas ante quien est\u00e1 en la presidencia. Pero a tres a\u00f1os desde que se orden\u00f3, es inadmisible.<img decoding=\"async\" height=\"1280\" width=\"1920\" srcset=\"https:\/\/www.infobae.com\/new-resizer\/TAYsmyh_Acvtg36iAa-qAMUP09A=\/420x280\/filters:format(webp):quality(85)\/cloudfront-us-east-1.images.arcpublishing.com\/infobae\/YKSA5OEGXZATJHL7OO2HM4V34E.jpeg 420w,https:\/\/www.infobae.com\/new-resizer\/30wOXcHDY_lc9xm5t9_1EjO_jVI=\/768x512\/filters:format(webp):quality(85)\/cloudfront-us-east-1.images.arcpublishing.com\/infobae\/YKSA5OEGXZATJHL7OO2HM4V34E.jpeg 768w,https:\/\/www.infobae.com\/new-resizer\/qpP7cH4zZAmDZVAToPdiLJvVJvs=\/992x661\/filters:format(webp):quality(85)\/cloudfront-us-east-1.images.arcpublishing.com\/infobae\/YKSA5OEGXZATJHL7OO2HM4V34E.jpeg 992w,https:\/\/www.infobae.com\/new-resizer\/IHfTF6ZjWyDVdrRcvc9IxDYNNAk=\/1200x800\/filters:format(webp):quality(85)\/cloudfront-us-east-1.images.arcpublishing.com\/infobae\/YKSA5OEGXZATJHL7OO2HM4V34E.jpeg 1200w,https:\/\/www.infobae.com\/new-resizer\/C1Rv5caivy58cEIOeaWCIKjLHYU=\/1440x960\/filters:format(webp):quality(85)\/cloudfront-us-east-1.images.arcpublishing.com\/infobae\/YKSA5OEGXZATJHL7OO2HM4V34E.jpeg 1440w\" class=\"\" src=\"https:\/\/cloudfront-us-east-1.images.arcpublishing.com\/infobae\/YKSA5OEGXZATJHL7OO2HM4V34E.jpeg\" alt=\"Solo ha destacad la detenci\u00f3n de un militar en noviembre de 2020 (Foto: Galo Ca\u00f1as \/ Cuartoscuro)\">Solo ha destacado la detenci\u00f3n de un militar en noviembre de 2020 (Foto: Galo Ca\u00f1as \/ Cuartoscuro)<\/p>\n\n\n\n<p>El titular de la<strong>\u00a0Sedena<\/strong>\u00a0tiene absoluta competencia para comunicar y hacer cumplir una orden de la m\u00e1xima autoridad representada por el presidente de la rep\u00fablica. Dada la estructura vertical, apunt\u00f3 la periodista,\u00a0<strong>el mandamiento tiene que ser acatado sin ninguna queja u obstrucci\u00f3n en el Ej\u00e9rcito<\/strong>. A\u00f1adi\u00f3 que los plazos no pueden estar sujetos a cualquier decisi\u00f3n individual de funcionarios inferiores.<\/p>\n\n\n\n<p>Entonces ser\u00eda posible que&nbsp;<strong>Luis Cresencio Sandoval<\/strong>&nbsp;no ha indicado las instrucciones de su superior por iniciativa propia o a\u00fan no le ha sido encargado que cumpla cabalmente con el decreto de 2018 que cre\u00f3 la<a href=\"http:\/\/www.conavim.gob.mx\/\" target=\"_blank\" rel=\"noreferrer noopener\"><strong>&nbsp;Comisi\u00f3n para la Verdad y Acceso a laJusticia en el Caso Ayotzinapa<\/strong><\/a>. Si L\u00f3pez Obrador ya emiti\u00f3 las \u00f3rdenes, as\u00ed como el general secretario, la desobediencia a mandos directivos tendr\u00eda que juzgarse bajo el grave delito de<strong>&nbsp;traici\u00f3n a la patria<\/strong>.<\/p>\n\n\n\n<figure class=\"wp-block-pullquote\"><blockquote><p>No imagino c\u00f3mo el presidente realmente ha ordenado tan categ\u00f3ricamente y fuertemente que se entreguen los documentos: o n\u00famero uno, o no lo ha hecho y finge, simula que lo ha hecho; o n\u00famero dos, es el Ej\u00e9rcito y la Marina los que mandan en M\u00e9xico y entonces los que hablan de golpe blando, aqu\u00ed ya estamos hablando que es la dictadura militar<\/p><\/blockquote><\/figure>\n\n\n\n<p><strong>Anabel Hern\u00e1ndez<\/strong>\u00a0dud\u00f3 que el jefe del Ejecutivo federal no pudiera dirigir a las Fuerzas Armadas, pues ser\u00eda in\u00e9dito que el mandatario se sometiera a una instituci\u00f3n a su servicio, seg\u00fan la<strong>\u00a0Constituci\u00f3n<\/strong>. Record\u00f3 que los gobiernos emanados de militares se terminaron despu\u00e9s de la<strong>\u00a0Revoluci\u00f3n Mexicana<\/strong>, con\u00a0<strong>L\u00e1zaro C\u00e1rdenas\u00a0<\/strong>y\u00a0<strong>Manuel \u00c1vila Camacho<\/strong>\u00a0hasta 1946.Entrevista con Anabel Hern\u00e1ndez &#8211; \u00bfQui\u00e9nes siguen en el \u00e1mbito del poder y estuvieron en cargos por los que pas\u00f3 el caso Ayotzinapa?<\/p>\n\n\n\n<p>https:\/\/imasdk.googleapis.com\/js\/core\/bridge3.508.0_debug_es.html#goog_2934123050 seconds of 4 minutes, 46 secondsVolume 90%\u00a0Anabel Hern\u00e1ndez se\u00f1ala lo inconcebible de que no se apresure entrega de documentos por orden de AMLO Video: Infobae M\u00e9xico<\/p>\n\n\n\n<figure class=\"wp-block-pullquote\"><blockquote><p>Si no lo escuchan, el presidente \u00bfno tendr\u00eda que estar molesto?; y si est\u00e1 molesto, \u00bfpor qu\u00e9 les dar\u00eda aeropuertos a construir?; si el presidente estuviera indignado, le preocupara la desobediencia militar de no entregar los informes sobre lo que ocurri\u00f3 a los estudiantes, \u00bfpor qu\u00e9 Salvador Cienfuegos fue invitado a inauguraci\u00f3n del aeropuerto? uno de los principales responsables estaba ah\u00ed deambulando con el grupo VIP del Ej\u00e9rcito<\/p><\/blockquote><\/figure>\n\n\n\n<p>Entre los se\u00f1alados por permanecer en cargos tras la desaparici\u00f3n de los estudiantes est\u00e1n&nbsp;<strong>Alejandro Saavedra Hern\u00e1ndez<\/strong>, quien al momento de los hechos era comandante de la 35\/a Zona Militar de<strong>&nbsp;Chilpancingo<\/strong>, desde donde obtuvo informaci\u00f3n completa de lo que pasaba en&nbsp;<strong>Iguala&nbsp;<\/strong>con los normalistas. El general se retir\u00f3 en mayo de 2021 y su \u00faltimo cargo fue en el actual gobierno de L\u00f3pez Obrador al ocupar la direcci\u00f3n del Instituto de Seguridad Social para las Fuerzas Armadas Mexicanas.<\/p>\n\n\n\n<p><strong>Salvador Cienfuegos Zepeda<\/strong>, extitular de la Sedena (2012-2018), tambi\u00e9n lleg\u00f3 al final de sus funciones con<strong>&nbsp;Pe\u00f1a Nieto<\/strong>. Sin embargo, se mantiene como asesor de&nbsp;<strong>Luis Cresencio Sandoval<\/strong>, por un decreto presidencial de 1976. El actual secretario ha reconocido ese estatuto y explic\u00f3 que no significa que se consulte siempre, sino es una posibilidad ante diversos casos.<\/p>\n\n\n\n<p>Ante el Congreso mexicano en 2014,&nbsp;<strong>el general en retiro minti\u00f3 sobre la participaci\u00f3n de militares<\/strong>&nbsp;al asegurar que nadie de ellos estaba enterado sobre lo que pas\u00f3 con los 43 estudiantes. El<strong>&nbsp;GIEI<\/strong>&nbsp;e informes revelados por&nbsp;<strong>Anabel Hern\u00e1ndez<\/strong>&nbsp;dieron cuenta de<strong>&nbsp;responsabilidades detalladas del Ej\u00e9rcito en la noche de Iguala<\/strong>, incluso, con detenciones de algunos y al haberlos infiltrado con informantes por considerarlos grupo de insurgencia, al menos desde 2010.<img loading=\"lazy\" decoding=\"async\" alt=\"Luis Cresencio Sandoval era brazo operativo y cercano a Cienfuegos Zepeda (FOTO: MARIO JASSO \/CUARTOSCURO.COM)\" height=\"853\" width=\"1280\" class=\"\" src=\"https:\/\/cloudfront-us-east-1.images.arcpublishing.com\/infobae\/FJTHE7TJPRGEJPWIVRI7PDDP7E.jpeg\" srcset=\"https:\/\/www.infobae.com\/new-resizer\/kHJ8lX1i-7_TN98ziCJwkva37Kg=\/420x280\/filters:format(webp):quality(85)\/cloudfront-us-east-1.images.arcpublishing.com\/infobae\/FJTHE7TJPRGEJPWIVRI7PDDP7E.jpeg 420w,https:\/\/www.infobae.com\/new-resizer\/8SQZBEEs84RLLIfj8Rird2LR1r0=\/768x512\/filters:format(webp):quality(85)\/cloudfront-us-east-1.images.arcpublishing.com\/infobae\/FJTHE7TJPRGEJPWIVRI7PDDP7E.jpeg 768w,https:\/\/www.infobae.com\/new-resizer\/Y_9kMykjVe4hTvTJh0Z6qVVfx2U=\/992x661\/filters:format(webp):quality(85)\/cloudfront-us-east-1.images.arcpublishing.com\/infobae\/FJTHE7TJPRGEJPWIVRI7PDDP7E.jpeg 992w,https:\/\/www.infobae.com\/new-resizer\/BkpeY4LfhCiAf_3nq4n4wzELq48=\/1200x800\/filters:format(webp):quality(85)\/cloudfront-us-east-1.images.arcpublishing.com\/infobae\/FJTHE7TJPRGEJPWIVRI7PDDP7E.jpeg 1200w,https:\/\/www.infobae.com\/new-resizer\/RYjebrduA_Ded1FxOGti9-jjlx0=\/1440x960\/filters:format(webp):quality(85)\/cloudfront-us-east-1.images.arcpublishing.com\/infobae\/FJTHE7TJPRGEJPWIVRI7PDDP7E.jpeg 1440w\">Luis Cresencio Sandoval era brazo operativo y cercano a Cienfuegos Zepeda (FOTO: MARIO JASSO \/CUARTOSCURO.COM)<\/p>\n\n\n\n<p>Los soldados tambi\u00e9n realizaron el monitoreo en c\u00e1maras de videovigilancia y hasta la fecha ha destacado el arresto de<strong>&nbsp;Jos\u00e9 Mart\u00ednez Crespo<\/strong>, quien pertenec\u00eda al&nbsp;<strong>27 Batall\u00f3n de Infanter\u00eda en Iguala<\/strong>. Pese a que las autoridades federales han presumido cooperaci\u00f3n del Ej\u00e9rcito y \u00f3rdenes de captura contra m\u00e1s castrenses, no se han concretado mayores avances.<\/p>\n\n\n\n<p>Cienfuegos Zepeda fue detenido en octubre de 2020 en Estados Unidos por cargos vinculados al&nbsp;<strong>narcotr\u00e1fico<\/strong>, pero intervenciones del gobierno de L\u00f3pez Obrador permitieron devolverlo para ser investigado en M\u00e9xico. Al final, la&nbsp;<strong>Fiscal\u00eda General de la Rep\u00fablica<\/strong>&nbsp;no encontr\u00f3 evidencias de lo acusado en la corte de&nbsp;<strong>Nueva York<\/strong>. Se ha mantenido con bajo perfil, pero asisti\u00f3 a la inauguraci\u00f3n del&nbsp;<strong>Aeropuerto Internacional Felipe \u00c1ngeles&nbsp;<\/strong>el 18 de marzo pasado, conviviendo con la facci\u00f3n responsable de edificar la obra.<\/p>\n\n\n\n<p>Mientras que<strong>&nbsp;Omar Garc\u00eda Harfuch<\/strong>, quien era cooordinador de la extinta<strong>&nbsp;Polic\u00eda Federal<\/strong>&nbsp;en Guerrero,&nbsp;<a href=\"https:\/\/www.infobae.com\/america\/mexico\/2021\/01\/27\/segun-anabel-hernandez-estas-son-las-seis-pruebas-que-vincularian-a-garcia-harfuch-con-ayotzinapa\/\" target=\"_blank\" rel=\"noreferrer noopener\"><strong>fue vinculado por un testigo protegido por nexos con grupos criminales y sobornos<\/strong><\/a>. \u00c9l ha querido excusarse del caso, porque en las fechas del caso<strong>&nbsp;Ayotzinapa&nbsp;<\/strong>acudi\u00f3 a diligencias a&nbsp;<strong>Michoac\u00e1n<\/strong>.<\/p>\n\n\n\n<p>En 2016 fue designado titular de la&nbsp;<strong>Agencia de Investigaci\u00f3n Criminal<\/strong>&nbsp;(AIC), lleg\u00f3 en sustituci\u00f3n de Tom\u00e1s Zer\u00f3n de Lucio, quien pas\u00f3 a una secretar\u00eda t\u00e9cnica del Consejo de Seguridad Nacional. Pero el nuevo director de la AIC no inici\u00f3 alguna indagatoria sobre las acusaciones de tortura con que se construy\u00f3 el caso de los normalistas, mismo que hab\u00eda maquinado su antecesor. Tras su paso por la PGR lleg\u00f3 en 2019 a la&nbsp;<strong>Secretar\u00eda de Seguridad Ciudadana&nbsp;<\/strong>de la Ciudad de M\u00e9xico, donde permanece en la jefatura de gobierno de&nbsp;<strong>Claudia Sheinbaum<\/strong>.<img loading=\"lazy\" decoding=\"async\" alt=\"Hasta la fecha solo se han identificado restos de tres estudiantes, pero el resto est\u00e1n desaparecidos (Foto: Presidencia)\" height=\"1080\" width=\"1920\" class=\"\" src=\"https:\/\/cloudfront-us-east-1.images.arcpublishing.com\/infobae\/36RX4IZ2RRCYZEDH6HOCIT676E.jpg\" srcset=\"https:\/\/www.infobae.com\/new-resizer\/3pDQlpAOOy8j77tMIvGUPrii6lA=\/420x236\/filters:format(webp):quality(85)\/cloudfront-us-east-1.images.arcpublishing.com\/infobae\/36RX4IZ2RRCYZEDH6HOCIT676E.jpg 420w,https:\/\/www.infobae.com\/new-resizer\/Vht2rUkUBbeMI5iWkKCoJDShwcE=\/768x432\/filters:format(webp):quality(85)\/cloudfront-us-east-1.images.arcpublishing.com\/infobae\/36RX4IZ2RRCYZEDH6HOCIT676E.jpg 768w,https:\/\/www.infobae.com\/new-resizer\/fg8FsWH4RUvRUamWfBHCEqKzcOE=\/992x558\/filters:format(webp):quality(85)\/cloudfront-us-east-1.images.arcpublishing.com\/infobae\/36RX4IZ2RRCYZEDH6HOCIT676E.jpg 992w,https:\/\/www.infobae.com\/new-resizer\/b9p-fxmkaUSh7opmhjNHOh55mRM=\/1200x675\/filters:format(webp):quality(85)\/cloudfront-us-east-1.images.arcpublishing.com\/infobae\/36RX4IZ2RRCYZEDH6HOCIT676E.jpg 1200w,https:\/\/www.infobae.com\/new-resizer\/SMJ9-jS696Pd3_mQElM_sgGVnyQ=\/1440x810\/filters:format(webp):quality(85)\/cloudfront-us-east-1.images.arcpublishing.com\/infobae\/36RX4IZ2RRCYZEDH6HOCIT676E.jpg 1440w\">Hasta la fecha solo se han identificado restos de tres estudiantes, pero el resto est\u00e1n desaparecidos (Foto: Presidencia)<\/p>\n\n\n\n<p>Recientemente, el<strong>&nbsp;GIEI&nbsp;<\/strong>ha difundido que un video entregado por la Semar prueba la manipulaci\u00f3n de agentes navales en el r\u00edo San Juan adjunto al basurero de Cocula, donde la insostenible&nbsp;<em>verdad hist\u00f3rica<\/em>&nbsp;concluy\u00f3 que fueron arrojados restos de los estudiantes tras asesinarlos y quemarlos en el mismo dep\u00f3sito. En aquel entonces, el actual almirante&nbsp;<strong>Jos\u00e9 Rafael Ojeda Dur\u00e1n<\/strong>&nbsp;era comandante de la&nbsp;<strong>Octava Regi\u00f3n Naval de Acapulco<\/strong>, pero el presidente lo ha exculpado de v\u00ednculos directos por esas intervenciones de los marinos.<\/p>\n\n\n\n<p>Padres de los 43 estudiantes acusaron que tras el informe de los especialistas independientes se sintieron enga\u00f1ados durante tres a\u00f1os por el gobierno federal de L\u00f3pez Obrador. Manifestaron su coraje, porque las promesas de colaborar en esclarecer el caso no han sido cumplidas. A m\u00e1s de siete a\u00f1os, el caso se ha desmontado, manipulado y vuelto a investigar, pero hasta la fecha<strong>\u00a0sigue sin haber justicia ni verdad<\/strong>.<\/p>\n\n\n\n<p>Fuente: https:\/\/www.infobae.com\/america\/mexico\/2022\/03\/30\/amlo-es-coparticipe-de-la-tercera-desaparicion-de-normalistas-de-ayotzinapa-anabel-hernandez\/<\/p>\n","protected":false},"excerpt":{"rendered":"<p>Omar Garc\u00eda Harfuch, secretario de seguridad de la CDMX; Rafael Ojeda Dur\u00e1n, titular de la Semar; y el mismo Salvador [&hellip;]<\/p>\n","protected":false},"author":1,"featured_media":24881,"comment_status":"open","ping_status":"open","sticky":false,"template":"","format":"standard","meta":{"site-sidebar-layout":"default","site-content-layout":"","ast-site-content-layout":"default","site-content-style":"default","site-sidebar-style":"default","ast-global-header-display":"","ast-banner-title-visibility":"","ast-main-header-display":"","ast-hfb-above-header-display":"","ast-hfb-below-header-display":"","ast-hfb-mobile-header-display":"","site-post-title":"","ast-breadcrumbs-content":"","ast-featured-img":"","footer-sml-layout":"","theme-transparent-header-meta":"","adv-header-id-meta":"","stick-header-meta":"","header-above-stick-meta":"","header-main-stick-meta":"","header-below-stick-meta":"","astra-migrate-meta-layouts":"default","ast-page-background-enabled":"default","ast-page-background-meta":{"desktop":{"background-color":"var(--ast-global-color-4)","background-image":"","background-repeat":"repeat","background-position":"center center","background-size":"auto","background-attachment":"scroll","background-type":"","background-media":"","overlay-type":"","overlay-color":"","overlay-opacity":"","overlay-gradient":""},"tablet":{"background-color":"","background-image":"","background-repeat":"repeat","background-position":"center center","background-size":"auto","background-attachment":"scroll","background-type":"","background-media":"","overlay-type":"","overlay-color":"","overlay-opacity":"","overlay-gradient":""},"mobile":{"background-color":"","background-image":"","background-repeat":"repeat","background-position":"center center","background-size":"auto","background-attachment":"scroll","background-type":"","background-media":"","overlay-type":"","overlay-color":"","overlay-opacity":"","overlay-gradient":""}},"ast-content-background-meta":{"desktop":{"background-color":"var(--ast-global-color-5)","background-image":"","background-repeat":"repeat","background-position":"center center","background-size":"auto","background-attachment":"scroll","background-type":"","background-media":"","overlay-type":"","overlay-color":"","overlay-opacity":"","overlay-gradient":""},"tablet":{"background-color":"var(--ast-global-color-5)","background-image":"","background-repeat":"repeat","background-position":"center center","background-size":"auto","background-attachment":"scroll","background-type":"","background-media":"","overlay-type":"","overlay-color":"","overlay-opacity":"","overlay-gradient":""},"mobile":{"background-color":"var(--ast-global-color-5)","background-image":"","background-repeat":"repeat","background-position":"center center","background-size":"auto","background-attachment":"scroll","background-type":"","background-media":"","overlay-type":"","overlay-color":"","overlay-opacity":"","overlay-gradient":""}},"footnotes":""},"categories":[8],"tags":[5950,9256,9257,2068],"class_list":["post-24880","post","type-post","status-publish","format-standard","has-post-thumbnail","hentry","category-noticias","tag-anabel-hernandez","tag-giei","tag-la-verdadera-noche-de-iguala","tag-normalistas-ayotzinapa"],"_links":{"self":[{"href":"https:\/\/losperiodistas.com.mx\/portal\/wp-json\/wp\/v2\/posts\/24880","targetHints":{"allow":["GET"]}}],"collection":[{"href":"https:\/\/losperiodistas.com.mx\/portal\/wp-json\/wp\/v2\/posts"}],"about":[{"href":"https:\/\/losperiodistas.com.mx\/portal\/wp-json\/wp\/v2\/types\/post"}],"author":[{"embeddable":true,"href":"https:\/\/losperiodistas.com.mx\/portal\/wp-json\/wp\/v2\/users\/1"}],"replies":[{"embeddable":true,"href":"https:\/\/losperiodistas.com.mx\/portal\/wp-json\/wp\/v2\/comments?post=24880"}],"version-history":[{"count":1,"href":"https:\/\/losperiodistas.com.mx\/portal\/wp-json\/wp\/v2\/posts\/24880\/revisions"}],"predecessor-version":[{"id":24882,"href":"https:\/\/losperiodistas.com.mx\/portal\/wp-json\/wp\/v2\/posts\/24880\/revisions\/24882"}],"wp:featuredmedia":[{"embeddable":true,"href":"https:\/\/losperiodistas.com.mx\/portal\/wp-json\/wp\/v2\/media\/24881"}],"wp:attachment":[{"href":"https:\/\/losperiodistas.com.mx\/portal\/wp-json\/wp\/v2\/media?parent=24880"}],"wp:term":[{"taxonomy":"category","embeddable":true,"href":"https:\/\/losperiodistas.com.mx\/portal\/wp-json\/wp\/v2\/categories?post=24880"},{"taxonomy":"post_tag","embeddable":true,"href":"https:\/\/losperiodistas.com.mx\/portal\/wp-json\/wp\/v2\/tags?post=24880"}],"curies":[{"name":"wp","href":"https:\/\/api.w.org\/{rel}","templated":true}]}}