{"id":24871,"date":"2022-03-31T06:58:01","date_gmt":"2022-03-31T12:58:01","guid":{"rendered":"http:\/\/losperiodistas.com.mx\/portal\/?p=24871"},"modified":"2022-03-31T06:59:44","modified_gmt":"2022-03-31T12:59:44","slug":"rivera-frena-concesion-y-plantea-dialogo-con-barbosa-e-consulta","status":"publish","type":"post","link":"https:\/\/losperiodistas.com.mx\/portal\/rivera-frena-concesion-y-plantea-dialogo-con-barbosa-e-consulta\/","title":{"rendered":"Rivera frena concesi\u00f3n y plantea di\u00e1logo con Barbosa | E-Consulta"},"content":{"rendered":"\n<p><em>El alcalde capitalino se\u00f1ala que su administraci\u00f3n escuchar\u00e1 a todos los interesados en el proceso para tomar la mejor decisi\u00f3n<\/em><\/p>\n\n\n\n<figure class=\"wp-block-image size-full\"><img fetchpriority=\"high\" decoding=\"async\" width=\"640\" height=\"425\" src=\"https:\/\/losperiodistas.com.mx\/portal\/wp-content\/uploads\/2022\/03\/rivera_frena_concesion_y.jpg\" alt=\"\" class=\"wp-image-24875\" srcset=\"https:\/\/losperiodistas.com.mx\/portal\/wp-content\/uploads\/2022\/03\/rivera_frena_concesion_y.jpg 640w, https:\/\/losperiodistas.com.mx\/portal\/wp-content\/uploads\/2022\/03\/rivera_frena_concesion_y-300x199.jpg 300w\" sizes=\"(max-width: 640px) 100vw, 640px\" \/><\/figure>\n\n\n\n<p><\/p>\n\n\n\n<p class=\"has-vivid-cyan-blue-color has-text-color has-medium-font-size\">NANCY CAMACHO \/ E-CONSULTA<\/p>\n\n\n\n<p>El Ayuntamiento de Puebla\u00a0<strong>suspender\u00e1 temporalmente el proceso para concesionar el uso publicitario\u00a0<\/strong>en paraderos, pendones y puentes peatonales, con el objetivo de escuchar las diferentes opiniones de los actores pol\u00edticos, inform\u00f3 el presidente municipal de Puebla, Eduardo Rivera P\u00e9rez.<\/p>\n\n\n\n<figure class=\"wp-block-image size-large\"><img decoding=\"async\" width=\"1022\" height=\"1024\" src=\"https:\/\/losperiodistas.com.mx\/portal\/wp-content\/uploads\/2022\/03\/Captura-de-Pantalla-2022-03-31-a-las-6.53.29-1022x1024.jpg\" alt=\"\" class=\"wp-image-24873\" srcset=\"https:\/\/losperiodistas.com.mx\/portal\/wp-content\/uploads\/2022\/03\/Captura-de-Pantalla-2022-03-31-a-las-6.53.29-1022x1024.jpg 1022w, https:\/\/losperiodistas.com.mx\/portal\/wp-content\/uploads\/2022\/03\/Captura-de-Pantalla-2022-03-31-a-las-6.53.29-300x300.jpg 300w, https:\/\/losperiodistas.com.mx\/portal\/wp-content\/uploads\/2022\/03\/Captura-de-Pantalla-2022-03-31-a-las-6.53.29-150x150.jpg 150w, https:\/\/losperiodistas.com.mx\/portal\/wp-content\/uploads\/2022\/03\/Captura-de-Pantalla-2022-03-31-a-las-6.53.29-768x769.jpg 768w, https:\/\/losperiodistas.com.mx\/portal\/wp-content\/uploads\/2022\/03\/Captura-de-Pantalla-2022-03-31-a-las-6.53.29.jpg 1242w\" sizes=\"(max-width: 1022px) 100vw, 1022px\" \/><\/figure>\n\n\n\n<p><\/p>\n\n\n\n<p>Rivera explic\u00f3 que de acuerdo al procedimiento emitido por el gobierno municipal est\u00e1 la posibilidad de decretar una pausa y despu\u00e9s reiniciar el proceso correspondiente.<\/p>\n\n\n\n<p>Indic\u00f3 que buscar\u00e1\u00a0<strong>dialogar con el gobernador del estado, Luis Miguel Barbosa Huerta y con los diputados locales<\/strong>\u00a0a fin de encontrar puntos de coincidencia jur\u00eddicos pol\u00edticos y se tome una decisi\u00f3n que beneficie a la sociedad.<\/p>\n\n\n\n<figure class=\"wp-block-embed is-type-rich is-provider-twitter wp-block-embed-twitter\"><div class=\"wp-block-embed__wrapper\">\nhttps:\/\/twitter.com\/e_consulta\/status\/1509220062368092160?ref_src=twsrc%5Etfw%7Ctwcamp%5Etweetembed%7Ctwterm%5E1509220062368092160%7Ctwgr%5E%7Ctwcon%5Es1_c10&#038;ref_url=https%3A%2F%2Fwww.e-consulta.com%2Fnota%2F2022-03-30%2Fciudad%2Frivera-frena-concesion-y-plantea-dialogo-con-barbosa\n<\/div><\/figure>\n\n\n\n<p>\u00abHe decidido por el momento ponerle pausa a este proceso que el gobierno de la ciudad ha iniciado,&nbsp;<strong>para escuchar a las partes que estamos interesadas<\/strong>, para que se lleve de la mejor manera posible est\u00e1 decisi\u00f3n. La hago porque a m\u00ed me gusta hacer pol\u00edtica de di\u00e1logo, pol\u00edtica de construcci\u00f3n y me gusta hacer pol\u00edtica que siempre est\u00e9 pensado lo mejor para las y los poblanos\u00bb, dijo.<\/p>\n\n\n\n<p>Reiter\u00f3 que lo que se busca con la concesi\u00f3n es que se le ofrezca al municipio y a la ciudadan\u00eda m\u00e1s mobiliario urbano, m\u00e1s puntos de conexi\u00f3n de wi-fi, m\u00e1s c\u00e1maras de videovigilancia y m\u00e1s puntos de iluminaci\u00f3n<strong>, adem\u00e1s de generar mayores ingresos para la capital.<\/strong><\/p>\n\n\n\n<p>Apunt\u00f3 que se pretende que sean 150 de puntos wi-fi y 150 c\u00e1maras de videovigilancia, pues esa es la base de la cual esperan tener diferentes pujas por parte de los interesados.<\/p>\n\n\n\n<p>\u00abEsta bondad que est\u00e1 proponiendo el gobierno de la ciudad tiene como objetivo beneficiar a los ciudadanos y que tengan la claridad que la decisi\u00f3n que se tome (\u2026) ser\u00e1 siempre por el bien de ellos y de la ciudad. Por el momento daremos est\u00e1 pausa y le&nbsp;<strong>he solicitado al Comit\u00e9 T\u00e9cnico que tengamos la oportunidad de dialogar con el gobernador del estado<\/strong>, dialogar con los diputados y encontrar una soluci\u00f3n que pueda dejar a todos satisfechos\u00bb, expres\u00f3.<\/p>\n\n\n\n<p>En su conferencia matutina,&nbsp;<strong>el gobernador Luis Miguel Barbosa Huerta<\/strong>&nbsp;celebr\u00f3 que el alcalde de Puebla, Eduardo Rivera P\u00e9rez, haya decidido pausar la concesi\u00f3n de publicidad en espacios p\u00fablicos de la ciudad, aunque aclar\u00f3 que falta ver el alcance de dicha decisi\u00f3n<\/p>\n\n\n\n<p>El martes 29 de marzo en rueda de prensa el mandatario estatal arremeti\u00f3 contra la concesi\u00f3n de diez a\u00f1os que pretende otorgar el ayuntamiento de Puebla para el uso publicitario en espacios p\u00fablicos, por considerarla un abuso similar a los de gobiernos pasados de la capital y otros municipios, que concesionaron hasta por 30 a\u00f1os servicios p\u00fablicos como el agua o la recolecci\u00f3n de basura<\/p>\n\n\n\n<p><strong>Permisos para mototaxis dependen del gobierno estatal<\/strong><\/p>\n\n\n\n<p>En otra informaci\u00f3n, el alcalde manifest\u00f3 que no es competencia de su gobierno otorgar permisos para que operen los mototaxis en las juntas auxiliares, pues eso depende de la&nbsp;<strong>Secretar\u00eda de Movilidad y Transporte de Puebla.<\/strong><\/p>\n\n\n\n<p>Explic\u00f3 que Tr\u00e1nsito Municipal s\u00f3lo puede vigilar que las motos no tengan vencidas sus placas, adem\u00e1s de que respeten la normatividad de tr\u00e1nsito.<\/p>\n\n\n\n<p>\u00abQui\u00e9n tiene la facultad de regular, autorizar los mototaxis en el municipio de Puebla, incluyendo nuestras juntas auxiliares, es la Secretar\u00eda de Transporte del gobierno estatal, porque el municipio no puede otorgar placas, el municipio no puede otorgar licencias, no puede definir rutas; esa es una competencia estatal y hay hasta normas oficiales mexicanas para expedir los permisos y expedir las placas\u00bb, declar\u00f3.<\/p>\n\n\n\n<p>Los mototaxistas de la junta La Resurrecci\u00f3n advirtieron este martes que continuar\u00e1n operando a pesar de que el Ayuntamiento de Puebla y el gobierno del estado descartaron que este tipo de transporte fuera necesario en la capital poblana.<\/p>\n\n\n\n<p>Fuente: https:\/\/www.e-consulta.com\/nota\/2022-03-30\/ciudad\/rivera-frena-concesion-y-plantea-dialogo-con-barbosa<\/p>\n","protected":false},"excerpt":{"rendered":"<p>El alcalde capitalino se\u00f1ala que su administraci\u00f3n escuchar\u00e1 a todos los interesados en el proceso para tomar la mejor decisi\u00f3n [&hellip;]<\/p>\n","protected":false},"author":1,"featured_media":24875,"comment_status":"open","ping_status":"open","sticky":false,"template":"","format":"standard","meta":{"site-sidebar-layout":"default","site-content-layout":"","ast-site-content-layout":"default","site-content-style":"default","site-sidebar-style":"default","ast-global-header-display":"","ast-banner-title-visibility":"","ast-main-header-display":"","ast-hfb-above-header-display":"","ast-hfb-below-header-display":"","ast-hfb-mobile-header-display":"","site-post-title":"","ast-breadcrumbs-content":"","ast-featured-img":"","footer-sml-layout":"","theme-transparent-header-meta":"","adv-header-id-meta":"","stick-header-meta":"","header-above-stick-meta":"","header-main-stick-meta":"","header-below-stick-meta":"","astra-migrate-meta-layouts":"default","ast-page-background-enabled":"default","ast-page-background-meta":{"desktop":{"background-color":"var(--ast-global-color-4)","background-image":"","background-repeat":"repeat","background-position":"center center","background-size":"auto","background-attachment":"scroll","background-type":"","background-media":"","overlay-type":"","overlay-color":"","overlay-opacity":"","overlay-gradient":""},"tablet":{"background-color":"","background-image":"","background-repeat":"repeat","background-position":"center center","background-size":"auto","background-attachment":"scroll","background-type":"","background-media":"","overlay-type":"","overlay-color":"","overlay-opacity":"","overlay-gradient":""},"mobile":{"background-color":"","background-image":"","background-repeat":"repeat","background-position":"center center","background-size":"auto","background-attachment":"scroll","background-type":"","background-media":"","overlay-type":"","overlay-color":"","overlay-opacity":"","overlay-gradient":""}},"ast-content-background-meta":{"desktop":{"background-color":"var(--ast-global-color-5)","background-image":"","background-repeat":"repeat","background-position":"center center","background-size":"auto","background-attachment":"scroll","background-type":"","background-media":"","overlay-type":"","overlay-color":"","overlay-opacity":"","overlay-gradient":""},"tablet":{"background-color":"var(--ast-global-color-5)","background-image":"","background-repeat":"repeat","background-position":"center center","background-size":"auto","background-attachment":"scroll","background-type":"","background-media":"","overlay-type":"","overlay-color":"","overlay-opacity":"","overlay-gradient":""},"mobile":{"background-color":"var(--ast-global-color-5)","background-image":"","background-repeat":"repeat","background-position":"center center","background-size":"auto","background-attachment":"scroll","background-type":"","background-media":"","overlay-type":"","overlay-color":"","overlay-opacity":"","overlay-gradient":""}},"footnotes":""},"categories":[8],"tags":[7279,9254,73,3799],"class_list":["post-24871","post","type-post","status-publish","format-standard","has-post-thumbnail","hentry","category-noticias","tag-contigoyconrumbo","tag-concesiones-anuncios-publicos","tag-miguel-barbosa","tag-rivera-perez"],"_links":{"self":[{"href":"https:\/\/losperiodistas.com.mx\/portal\/wp-json\/wp\/v2\/posts\/24871","targetHints":{"allow":["GET"]}}],"collection":[{"href":"https:\/\/losperiodistas.com.mx\/portal\/wp-json\/wp\/v2\/posts"}],"about":[{"href":"https:\/\/losperiodistas.com.mx\/portal\/wp-json\/wp\/v2\/types\/post"}],"author":[{"embeddable":true,"href":"https:\/\/losperiodistas.com.mx\/portal\/wp-json\/wp\/v2\/users\/1"}],"replies":[{"embeddable":true,"href":"https:\/\/losperiodistas.com.mx\/portal\/wp-json\/wp\/v2\/comments?post=24871"}],"version-history":[{"count":2,"href":"https:\/\/losperiodistas.com.mx\/portal\/wp-json\/wp\/v2\/posts\/24871\/revisions"}],"predecessor-version":[{"id":24876,"href":"https:\/\/losperiodistas.com.mx\/portal\/wp-json\/wp\/v2\/posts\/24871\/revisions\/24876"}],"wp:featuredmedia":[{"embeddable":true,"href":"https:\/\/losperiodistas.com.mx\/portal\/wp-json\/wp\/v2\/media\/24875"}],"wp:attachment":[{"href":"https:\/\/losperiodistas.com.mx\/portal\/wp-json\/wp\/v2\/media?parent=24871"}],"wp:term":[{"taxonomy":"category","embeddable":true,"href":"https:\/\/losperiodistas.com.mx\/portal\/wp-json\/wp\/v2\/categories?post=24871"},{"taxonomy":"post_tag","embeddable":true,"href":"https:\/\/losperiodistas.com.mx\/portal\/wp-json\/wp\/v2\/tags?post=24871"}],"curies":[{"name":"wp","href":"https:\/\/api.w.org\/{rel}","templated":true}]}}