{"id":24868,"date":"2022-03-31T06:44:58","date_gmt":"2022-03-31T12:44:58","guid":{"rendered":"http:\/\/losperiodistas.com.mx\/portal\/?p=24868"},"modified":"2022-03-31T06:44:59","modified_gmt":"2022-03-31T12:44:59","slug":"alega-amlo-ahorro-tendria-mas-poder-luces-del-siglo","status":"publish","type":"post","link":"https:\/\/losperiodistas.com.mx\/portal\/alega-amlo-ahorro-tendria-mas-poder-luces-del-siglo\/","title":{"rendered":"Alega AMLO ahorro; tendr\u00eda m\u00e1s poder | Luces del Siglo"},"content":{"rendered":"\n<p><em>AMLO propone la desaparici\u00f3n de diputaciones plurinominales, advierten especialistas un retroceso a los tiempos del partido hegem\u00f3nico.<\/em><\/p>\n\n\n\n<figure class=\"wp-block-image size-large\"><img fetchpriority=\"high\" decoding=\"async\" width=\"1024\" height=\"682\" src=\"https:\/\/losperiodistas.com.mx\/portal\/wp-content\/uploads\/2022\/03\/N1-AMLO-PODER-1024x682.webp\" alt=\"\" class=\"wp-image-24869\" srcset=\"https:\/\/losperiodistas.com.mx\/portal\/wp-content\/uploads\/2022\/03\/N1-AMLO-PODER-1024x682.webp 1024w, https:\/\/losperiodistas.com.mx\/portal\/wp-content\/uploads\/2022\/03\/N1-AMLO-PODER-300x200.webp 300w, https:\/\/losperiodistas.com.mx\/portal\/wp-content\/uploads\/2022\/03\/N1-AMLO-PODER-768x512.webp 768w, https:\/\/losperiodistas.com.mx\/portal\/wp-content\/uploads\/2022\/03\/N1-AMLO-PODER.webp 1280w\" sizes=\"(max-width: 1024px) 100vw, 1024px\" \/><\/figure>\n\n\n\n<p><\/p>\n\n\n\n<p class=\"has-vivid-cyan-blue-color has-text-color has-medium-font-size\">\u00c9RIKA HERN\u00c1NDEZ \/ AGENCIA REFORMA \/ LUCES DEL SIGLO<\/p>\n\n\n\n<p>CIUDAD DE M\u00c9XICO.- Con el pretexto del ahorro, al desaparecer diputados plurinominales, el presidente&nbsp;<a href=\"https:\/\/twitter.com\/lopezobrador_\">Andr\u00e9s Manuel L\u00f3pez Obrador&nbsp;<\/a>lograr\u00eda un mayor poder para su partido Morena y sus aliados, consideraron especialistas.<\/p>\n\n\n\n<p>Advirtieron que sus planteamientos representan al viejo r\u00e9gimen del que \u00e9l se queja y confirman su intenci\u00f3n de tener un sistema electoral centralizado, autoritario, abaratado para que domine un bloque de Morena en perjuicio de las minor\u00edas.<\/p>\n\n\n\n<p>El martes, el presidente dijo que propondr\u00e1 elegir mediante voto popular a consejeros y magistrados electorales. Ayer abund\u00f3. Dijo que cada poder (Ejecutivo, Legislativo y Judicial) propondr\u00edan 20 candidatos, diez mujeres y diez hombres.<a href=\"https:\/\/bit.ly\/3Gl4Cdq\"><\/a><\/p>\n\n\n\n<p>\u201cEl que tenga m\u00e1s votos de todos, presidente (del INE). Y que sea electo, que sea el pueblo, no las cuotas\u201d, ratific\u00f3.<\/p>\n\n\n\n<p>Y ampli\u00f3 su propuesta de disminuir el costo electoral. \u201c\u00bfPor qu\u00e9 va a costar tanto si podemos ahorrar la mitad? \u00bfPor qu\u00e9 20 mil millones y por qu\u00e9 no 10 mil? \u00bfPara qu\u00e9 tantos diputados o tantos senadores?<\/p>\n\n\n\n<p>\u2013 \u00bfPropondr\u00eda eliminar pluris?, le preguntaron.<\/p>\n\n\n\n<p>\u201cS\u00ed, claro, estoy proponiendo eso, la eliminaci\u00f3n\u201d, respondi\u00f3.<\/p>\n\n\n\n<p>Para los expertos consultados, L\u00f3pez Obrador copia a sus antecesores Felipe Calder\u00f3n y Enrique Pe\u00f1a Nieto sobre la desaparici\u00f3n de los diputados plurinominales, afectando a los ciudadanos que no votaron por el partido mayoritario.<\/p>\n\n\n\n<p>\u201cEs un claro retroceso. Los plurinominales nacieron en 1977, estar\u00edamos 45 a\u00f1os atr\u00e1s, y se logr\u00f3 para que el Congreso no estuviera dominado por el partido mayoritario, quiere volver a un r\u00e9gimen hegem\u00f3nico, autoritarismo, al viejo PRI\u201d, advirti\u00f3 el polit\u00f3logo Luis Eduardo Medina.<\/p>\n\n\n\n<p>Jorge Javier Romero, acad\u00e9mico de la UAM-Xochimilco, apunt\u00f3 que se anula la representaci\u00f3n del 70 por ciento de los votantes, lo que es una regresi\u00f3n.<\/p>\n\n\n\n<p>Por ejemplo, en la elecci\u00f3n pasada, Morena obtuvo 34 por ciento de la votaci\u00f3n, y el 66 por ciento de los votos fueron para otros nueve partidos y seis de ellos alcanzaron mayor representaci\u00f3n por la v\u00eda plurinominal.<\/p>\n\n\n\n<p>\u201cLos plurinominales representan a quienes votan por otra opci\u00f3n, contraria al partido mayoritario. Desaparecerlos significa eliminar la representaci\u00f3n de las minor\u00edas. No somos un pa\u00eds con una sola voz, los plurinominales representan la pluralidad en el Pa\u00eds\u201d, agreg\u00f3 la ex consejera Pamela San Mart\u00edn.<\/p>\n\n\n\n<p>\u201cSu propuesta no tienen ni pies ni cabeza, habla de la incomprensi\u00f3n de c\u00f3mo opera el sistema. Las consejer\u00edas y magistraturas son espacios de especializaci\u00f3n porque aplican la ley, organizan y califican elecciones\u201d, aclar\u00f3 Luis Eduardo Medina, acad\u00e9mico de la UAM.<\/p>\n\n\n\n<p>Si aplicara ahora la iniciativa presidencial de desaparecer plurinominales, Morena y sus aliados tendr\u00edan un 75 por ciento de legisladores frente al 55 por ciento que detentan ahora.<\/p>\n\n\n\n<p>Un esquema muy parecido a la composici\u00f3n del Congreso en la \u00e9poca del dominio del PRI como partido mayoritario.<\/p>\n\n\n\n<p>Tras la reforma pol\u00edtica de 1977 se permiti\u00f3 la participaci\u00f3n parlamentaria de partidos de izquierda, muchos de los cuales ahora son funcionarios del actual gobierno federal.<\/p>\n\n\n\n<p><strong>Te puede interesar:\u00a0<a href=\"https:\/\/lucesdelsiglo.com\/2022\/03\/30\/propone-amlo-desmantelar-ine-nacional\/\">Propone AMLO desmantelar INE<\/a><\/strong><\/p>\n\n\n\n<p>Fuente: https:\/\/lucesdelsiglo.com\/2022\/03\/31\/alega-amlo-ahorro-tendria-mas-poder-nacional\/<\/p>\n","protected":false},"excerpt":{"rendered":"<p>AMLO propone la desaparici\u00f3n de diputaciones plurinominales, advierten especialistas un retroceso a los tiempos del partido hegem\u00f3nico. \u00c9RIKA HERN\u00c1NDEZ \/ [&hellip;]<\/p>\n","protected":false},"author":1,"featured_media":24869,"comment_status":"open","ping_status":"open","sticky":false,"template":"","format":"standard","meta":{"site-sidebar-layout":"default","site-content-layout":"","ast-site-content-layout":"default","site-content-style":"default","site-sidebar-style":"default","ast-global-header-display":"","ast-banner-title-visibility":"","ast-main-header-display":"","ast-hfb-above-header-display":"","ast-hfb-below-header-display":"","ast-hfb-mobile-header-display":"","site-post-title":"","ast-breadcrumbs-content":"","ast-featured-img":"","footer-sml-layout":"","theme-transparent-header-meta":"","adv-header-id-meta":"","stick-header-meta":"","header-above-stick-meta":"","header-main-stick-meta":"","header-below-stick-meta":"","astra-migrate-meta-layouts":"default","ast-page-background-enabled":"default","ast-page-background-meta":{"desktop":{"background-color":"var(--ast-global-color-4)","background-image":"","background-repeat":"repeat","background-position":"center center","background-size":"auto","background-attachment":"scroll","background-type":"","background-media":"","overlay-type":"","overlay-color":"","overlay-opacity":"","overlay-gradient":""},"tablet":{"background-color":"","background-image":"","background-repeat":"repeat","background-position":"center center","background-size":"auto","background-attachment":"scroll","background-type":"","background-media":"","overlay-type":"","overlay-color":"","overlay-opacity":"","overlay-gradient":""},"mobile":{"background-color":"","background-image":"","background-repeat":"repeat","background-position":"center center","background-size":"auto","background-attachment":"scroll","background-type":"","background-media":"","overlay-type":"","overlay-color":"","overlay-opacity":"","overlay-gradient":""}},"ast-content-background-meta":{"desktop":{"background-color":"var(--ast-global-color-5)","background-image":"","background-repeat":"repeat","background-position":"center center","background-size":"auto","background-attachment":"scroll","background-type":"","background-media":"","overlay-type":"","overlay-color":"","overlay-opacity":"","overlay-gradient":""},"tablet":{"background-color":"var(--ast-global-color-5)","background-image":"","background-repeat":"repeat","background-position":"center center","background-size":"auto","background-attachment":"scroll","background-type":"","background-media":"","overlay-type":"","overlay-color":"","overlay-opacity":"","overlay-gradient":""},"mobile":{"background-color":"var(--ast-global-color-5)","background-image":"","background-repeat":"repeat","background-position":"center center","background-size":"auto","background-attachment":"scroll","background-type":"","background-media":"","overlay-type":"","overlay-color":"","overlay-opacity":"","overlay-gradient":""}},"footnotes":""},"categories":[8],"tags":[199,9252,9253,9251],"class_list":["post-24868","post","type-post","status-publish","format-standard","has-post-thumbnail","hentry","category-noticias","tag-amlo","tag-costo-elecciones","tag-plurinominales","tag-reforma-electoral"],"_links":{"self":[{"href":"https:\/\/losperiodistas.com.mx\/portal\/wp-json\/wp\/v2\/posts\/24868","targetHints":{"allow":["GET"]}}],"collection":[{"href":"https:\/\/losperiodistas.com.mx\/portal\/wp-json\/wp\/v2\/posts"}],"about":[{"href":"https:\/\/losperiodistas.com.mx\/portal\/wp-json\/wp\/v2\/types\/post"}],"author":[{"embeddable":true,"href":"https:\/\/losperiodistas.com.mx\/portal\/wp-json\/wp\/v2\/users\/1"}],"replies":[{"embeddable":true,"href":"https:\/\/losperiodistas.com.mx\/portal\/wp-json\/wp\/v2\/comments?post=24868"}],"version-history":[{"count":1,"href":"https:\/\/losperiodistas.com.mx\/portal\/wp-json\/wp\/v2\/posts\/24868\/revisions"}],"predecessor-version":[{"id":24870,"href":"https:\/\/losperiodistas.com.mx\/portal\/wp-json\/wp\/v2\/posts\/24868\/revisions\/24870"}],"wp:featuredmedia":[{"embeddable":true,"href":"https:\/\/losperiodistas.com.mx\/portal\/wp-json\/wp\/v2\/media\/24869"}],"wp:attachment":[{"href":"https:\/\/losperiodistas.com.mx\/portal\/wp-json\/wp\/v2\/media?parent=24868"}],"wp:term":[{"taxonomy":"category","embeddable":true,"href":"https:\/\/losperiodistas.com.mx\/portal\/wp-json\/wp\/v2\/categories?post=24868"},{"taxonomy":"post_tag","embeddable":true,"href":"https:\/\/losperiodistas.com.mx\/portal\/wp-json\/wp\/v2\/tags?post=24868"}],"curies":[{"name":"wp","href":"https:\/\/api.w.org\/{rel}","templated":true}]}}