{"id":24865,"date":"2022-03-31T06:34:26","date_gmt":"2022-03-31T12:34:26","guid":{"rendered":"http:\/\/losperiodistas.com.mx\/portal\/?p=24865"},"modified":"2022-03-31T06:34:27","modified_gmt":"2022-03-31T12:34:27","slug":"cuauhtemoc-cardenas-pide-revertir-reforma-energetica-de-pena-nieto-la-jornada","status":"publish","type":"post","link":"https:\/\/losperiodistas.com.mx\/portal\/cuauhtemoc-cardenas-pide-revertir-reforma-energetica-de-pena-nieto-la-jornada\/","title":{"rendered":"Cuauht\u00e9moc C\u00e1rdenas pide revertir reforma energ\u00e9tica de Pe\u00f1a Nieto\u00a0| La Jornada"},"content":{"rendered":"\n<figure class=\"wp-block-image size-full\"><img fetchpriority=\"high\" decoding=\"async\" width=\"680\" height=\"510\" src=\"https:\/\/losperiodistas.com.mx\/portal\/wp-content\/uploads\/2022\/03\/image_largeca\u0301rdenas.jpeg\" alt=\"\" class=\"wp-image-24866\" srcset=\"https:\/\/losperiodistas.com.mx\/portal\/wp-content\/uploads\/2022\/03\/image_largeca\u0301rdenas.jpeg 680w, https:\/\/losperiodistas.com.mx\/portal\/wp-content\/uploads\/2022\/03\/image_largeca\u0301rdenas-300x225.jpeg 300w\" sizes=\"(max-width: 680px) 100vw, 680px\" \/><figcaption>La presentaci\u00f3n del libro ocurri\u00f3 en la Universidad Veracruzana.\u00a0Foto\u00a0<strong>@UrielFA<\/strong><\/figcaption><\/figure>\n\n\n\n<p class=\"has-vivid-cyan-blue-color has-text-color has-medium-font-size\">EIRINET G\u00d3MEZ \/ LA JORNADA<\/p>\n\n\n\n<p><em>Xalapa, Ver<\/em>. Durante la presentaci\u00f3n de su libro \u201cPor una democracia progresista: debatir el presente para un mejor futuro\u201d, el ex candidato presidencial Cuauht\u00e9moc C\u00e1rdenas Sol\u00f3rzano se pronunci\u00f3 por revertir las reformas constitucionales del 2013, a los art\u00edculos 27, 25 y 28, para \u201crecuperar la condici\u00f3n de recurso estrat\u00e9gico para el petr\u00f3leo y el servicio de electricidad, y que sean funciones que corresponde de manera exclusiva al estado, sin que esto signifique que no se abran oportunidades para aprovechar los recursos como fuerza motriz de la econom\u00eda\u201d.<\/p>\n\n\n\n<p>Sobre la Reforma El\u00e9ctrica, se\u00f1al\u00f3 que \u201cmucho de lo que tiene que ver con \u00e9sta debiera ser m\u00e1s una cuesti\u00f3n de ley secundaria y de reglamento, que, de reformas constitucionales; es decir, todo lo t\u00e9cnico, lo que tiene que ver con el manejo de la energ\u00eda el\u00e9ctrica, el despacho, respaldo, la transmisi\u00f3n de la electricidad, en buena parte es discusi\u00f3n de tarifas\u201d.<\/p>\n\n\n\n<p>Destac\u00f3 que lo \u00fanico que tiene que ver con reformas constitucionales es lo de devolver la condici\u00f3n de recurso estrat\u00e9gico a la electricidad; \u201cpero el primer paso es revertir las reformas del 2013, y plantearse la necesidad de impulsar las energ\u00edas limpias, darles la prioridad que corresponde, y tambi\u00e9n entender que por buen tiempo seguiremos usaremos los hidrocarburos como fuente de nuestra energ\u00eda y materia prima fundamental para la industria petroqu\u00edmica\u201d, indic\u00f3.<\/p>\n\n\n\n<p>En materia de seguridad, C\u00e1rdenas Sol\u00f3rzano manifest\u00f3 que una medida que debiera adoptarse es el retirar a las fuerzas armadas de la responsabilidad de combatir a la delincuencia organizada.\u201cMe parece muy grave que est\u00e9 por enviarse una iniciativa presidencial para incorporar la Guardia Nacional a la Secretar\u00eda de Defensa Nacional, de hecho, ya dependen de la Sedena\u201d.<\/p>\n\n\n\n<p>Plante\u00f3 la necesidad de crear un cuerpo de seguridad bien preparado, con buena comunicaci\u00f3n, excelente inteligencia, acompa\u00f1ado de un plan para el desarrollo nacional, \u201cque considerara el combate a la delincuencia mediante objetivos responsables, recursos, rendici\u00f3n de cuentas ante el Congreso y que estuviera acompa\u00f1ado de acciones del estado y de presencia de la sociedad\u201d.<\/p>\n\n\n\n<p>Fuente: https:\/\/www.jornada.com.mx\/notas\/2022\/03\/30\/politica\/presenta-cuauhtemoc-cardenas-por-una-democracia-progresista\/<\/p>\n","protected":false},"excerpt":{"rendered":"<p>EIRINET G\u00d3MEZ \/ LA JORNADA Xalapa, Ver. Durante la presentaci\u00f3n de su libro \u201cPor una democracia progresista: debatir el presente [&hellip;]<\/p>\n","protected":false},"author":1,"featured_media":24866,"comment_status":"open","ping_status":"open","sticky":false,"template":"","format":"standard","meta":{"site-sidebar-layout":"default","site-content-layout":"","ast-site-content-layout":"default","site-content-style":"default","site-sidebar-style":"default","ast-global-header-display":"","ast-banner-title-visibility":"","ast-main-header-display":"","ast-hfb-above-header-display":"","ast-hfb-below-header-display":"","ast-hfb-mobile-header-display":"","site-post-title":"","ast-breadcrumbs-content":"","ast-featured-img":"","footer-sml-layout":"","theme-transparent-header-meta":"","adv-header-id-meta":"","stick-header-meta":"","header-above-stick-meta":"","header-main-stick-meta":"","header-below-stick-meta":"","astra-migrate-meta-layouts":"default","ast-page-background-enabled":"default","ast-page-background-meta":{"desktop":{"background-color":"var(--ast-global-color-4)","background-image":"","background-repeat":"repeat","background-position":"center center","background-size":"auto","background-attachment":"scroll","background-type":"","background-media":"","overlay-type":"","overlay-color":"","overlay-opacity":"","overlay-gradient":""},"tablet":{"background-color":"","background-image":"","background-repeat":"repeat","background-position":"center center","background-size":"auto","background-attachment":"scroll","background-type":"","background-media":"","overlay-type":"","overlay-color":"","overlay-opacity":"","overlay-gradient":""},"mobile":{"background-color":"","background-image":"","background-repeat":"repeat","background-position":"center center","background-size":"auto","background-attachment":"scroll","background-type":"","background-media":"","overlay-type":"","overlay-color":"","overlay-opacity":"","overlay-gradient":""}},"ast-content-background-meta":{"desktop":{"background-color":"var(--ast-global-color-5)","background-image":"","background-repeat":"repeat","background-position":"center center","background-size":"auto","background-attachment":"scroll","background-type":"","background-media":"","overlay-type":"","overlay-color":"","overlay-opacity":"","overlay-gradient":""},"tablet":{"background-color":"var(--ast-global-color-5)","background-image":"","background-repeat":"repeat","background-position":"center center","background-size":"auto","background-attachment":"scroll","background-type":"","background-media":"","overlay-type":"","overlay-color":"","overlay-opacity":"","overlay-gradient":""},"mobile":{"background-color":"var(--ast-global-color-5)","background-image":"","background-repeat":"repeat","background-position":"center center","background-size":"auto","background-attachment":"scroll","background-type":"","background-media":"","overlay-type":"","overlay-color":"","overlay-opacity":"","overlay-gradient":""}},"footnotes":""},"categories":[8],"tags":[5808,4485],"class_list":["post-24865","post","type-post","status-publish","format-standard","has-post-thumbnail","hentry","category-noticias","tag-cuauhtemoc-cardenas-solorzano","tag-reforma-electrica"],"_links":{"self":[{"href":"https:\/\/losperiodistas.com.mx\/portal\/wp-json\/wp\/v2\/posts\/24865","targetHints":{"allow":["GET"]}}],"collection":[{"href":"https:\/\/losperiodistas.com.mx\/portal\/wp-json\/wp\/v2\/posts"}],"about":[{"href":"https:\/\/losperiodistas.com.mx\/portal\/wp-json\/wp\/v2\/types\/post"}],"author":[{"embeddable":true,"href":"https:\/\/losperiodistas.com.mx\/portal\/wp-json\/wp\/v2\/users\/1"}],"replies":[{"embeddable":true,"href":"https:\/\/losperiodistas.com.mx\/portal\/wp-json\/wp\/v2\/comments?post=24865"}],"version-history":[{"count":1,"href":"https:\/\/losperiodistas.com.mx\/portal\/wp-json\/wp\/v2\/posts\/24865\/revisions"}],"predecessor-version":[{"id":24867,"href":"https:\/\/losperiodistas.com.mx\/portal\/wp-json\/wp\/v2\/posts\/24865\/revisions\/24867"}],"wp:featuredmedia":[{"embeddable":true,"href":"https:\/\/losperiodistas.com.mx\/portal\/wp-json\/wp\/v2\/media\/24866"}],"wp:attachment":[{"href":"https:\/\/losperiodistas.com.mx\/portal\/wp-json\/wp\/v2\/media?parent=24865"}],"wp:term":[{"taxonomy":"category","embeddable":true,"href":"https:\/\/losperiodistas.com.mx\/portal\/wp-json\/wp\/v2\/categories?post=24865"},{"taxonomy":"post_tag","embeddable":true,"href":"https:\/\/losperiodistas.com.mx\/portal\/wp-json\/wp\/v2\/tags?post=24865"}],"curies":[{"name":"wp","href":"https:\/\/api.w.org\/{rel}","templated":true}]}}