{"id":24860,"date":"2022-03-31T06:26:09","date_gmt":"2022-03-31T12:26:09","guid":{"rendered":"http:\/\/losperiodistas.com.mx\/portal\/?p=24860"},"modified":"2022-03-31T06:26:11","modified_gmt":"2022-03-31T12:26:11","slug":"aprobacion-de-reforma-electrica-debe-dar-certidumbre-jose-angel-gurria-el-financiero","status":"publish","type":"post","link":"https:\/\/losperiodistas.com.mx\/portal\/aprobacion-de-reforma-electrica-debe-dar-certidumbre-jose-angel-gurria-el-financiero\/","title":{"rendered":"Aprobaci\u00f3n de reforma el\u00e9ctrica debe dar certidumbre: Jos\u00e9 \u00c1ngel Gurr\u00eda | El Financiero"},"content":{"rendered":"\n<p><em>Al no haber certeza, se paran las inversiones, alerta el exsecretario de OCDE.<\/em><\/p>\n\n\n\n<figure class=\"wp-block-image size-full\"><img fetchpriority=\"high\" decoding=\"async\" width=\"800\" height=\"533\" src=\"https:\/\/losperiodistas.com.mx\/portal\/wp-content\/uploads\/2022\/03\/ZNBBBOTN25AJFCUJOJQD2GLKFU.jpeg\" alt=\"\" class=\"wp-image-24861\" srcset=\"https:\/\/losperiodistas.com.mx\/portal\/wp-content\/uploads\/2022\/03\/ZNBBBOTN25AJFCUJOJQD2GLKFU.jpeg 800w, https:\/\/losperiodistas.com.mx\/portal\/wp-content\/uploads\/2022\/03\/ZNBBBOTN25AJFCUJOJQD2GLKFU-300x200.jpeg 300w, https:\/\/losperiodistas.com.mx\/portal\/wp-content\/uploads\/2022\/03\/ZNBBBOTN25AJFCUJOJQD2GLKFU-768x512.jpeg 768w\" sizes=\"(max-width: 800px) 100vw, 800px\" \/><figcaption>Jos\u00e9 \u00c1ngel Gurr\u00eda con Rub\u00e9n Moreira, en San L\u00e1zaro.\u00a0(ESPECIAL)<\/figcaption><\/figure>\n\n\n\n<p><\/p>\n\n\n\n<p class=\"has-vivid-cyan-blue-color has-text-color has-medium-font-size\">V\u00cdCTR CH\u00c1VEZ \/ EL FINANCIERO<\/p>\n\n\n\n<p>La aprobaci\u00f3n de una eventual reforma el\u00e9ctrica debe dar \u201c<strong>certidumbre y confianza<\/strong>\u201d a la inversi\u00f3n nacional y extranjera, recomend\u00f3 en la C\u00e1mara de Diputados Jos\u00e9 \u00c1ngel Gurr\u00eda, exsecretario general de la Organizaci\u00f3n para la Cooperaci\u00f3n y el Desarrollo Econ\u00f3micos (OCDE).<\/p>\n\n\n\n<p>Aunque aclar\u00f3 que no se puede hablar todav\u00eda de la\u00a0<strong>reforma\u00a0<\/strong>en el sector, porque \u201cno sabemos ni cu\u00e1ndo ni cu\u00e1l es el proyecto que se va a discutir\u201d, s\u00ed remarc\u00f3 que \u201cla incertidumbre genera que se paren las inversiones\u201d.<\/p>\n\n\n\n<p>Explic\u00f3 en entrevista que, si bien ahora \u201cestamos aqu\u00ed con todas las fuerzas pol\u00edticas, que ha habido mesas, que se han escuchado los puntos de vista de todos los sectores y, en alg\u00fan momento, en los pr\u00f3ximos meses se traer\u00e1 a votaci\u00f3n por parte del Congreso, es muy dif\u00edcil expresarse sobre un proyecto de ley que est\u00e1 en formaci\u00f3n, que est\u00e1 en construcci\u00f3n, en discusi\u00f3n y en negociaci\u00f3n\u201d.<\/p>\n\n\n\n<p><a href=\"https:\/\/www.elfinanciero.com.mx\/economia\/2022\/03\/29\/recuperacion-de-inversiones-hasta-despues-de-2024-aseguran-expertos\/\"><\/a><a href=\"https:\/\/www.elfinanciero.com.mx\/economia\/2022\/03\/29\/recuperacion-de-inversiones-hasta-despues-de-2024-aseguran-expertos\/\">Inversi\u00f3n del sector privado no repuntar\u00e1 este sexenio, dicen expertos<\/a><\/p>\n\n\n\n<hr class=\"wp-block-separator\"\/>\n\n\n\n<p>No obstante, expuso que \u201csi no tenemos ahorro para financiar las inversiones que son necesarias para crecer al ritmo necesario, necesitamos atraer la inversi\u00f3n extranjera y tomar decisiones que le den tranquilidad y confianza a los inversionistas extranjeros para que puedan invertir en M\u00e9xico, con tranquilidad, no s\u00f3lo el resto del a\u00f1o o el a\u00f1o pr\u00f3ximo, sino en el futuro, a mediano y largo plazo\u201d.about:blank<\/p>\n\n\n\n<p>Antes, al participar en el foro Desaf\u00edos y Oportunidades para el Sector Productivo de M\u00e9xico, que organiz\u00f3 la Comisi\u00f3n de Econom\u00eda de San L\u00e1zaro, el tambi\u00e9n exsecretario de Hacienda y excanciller mexicano durante el gobierno de Ernesto Zedillo alert\u00f3 que en M\u00e9xico \u201cha habido una inversi\u00f3n d\u00e9bil, hemos invertido poco, tanto el sector p\u00fablico como el privado\u201d, aunque aclar\u00f3 que \u201cnos afect\u00f3 la incertidumbre de las negociaciones (del Tratado entre M\u00e9xico, Estados Unidos y Canad\u00e1) y la posici\u00f3n de Donald Trump\u201d.<\/p>\n\n\n\n<p>Resalt\u00f3 que \u201cmientras m\u00e1s educaci\u00f3n tiene una persona, tiene mejor salud, viven vidas m\u00e1s largas, mejores y ganan m\u00e1s\u201d, pero \u2013dijo\u2013 \u201cel problema del gobierno chiquito es porque no le dedica m\u00e1s recursos la educaci\u00f3n, a la salud, a la pandemia, porque resulta que no hay esos recursos\u201d.<\/p>\n\n\n\n<p>Recomend\u00f3 que \u201chay muchas cosas que se pueden hacer, cerrando los escapes que tienen muchos de los m\u00e1s grandes contribuyentes; sin embargo, se requiere una muy urgente reforma fiscal\u201d.<\/p>\n\n\n\n<p>Fuente: https:\/\/www.elfinanciero.com.mx\/nacional\/2022\/03\/31\/certidumbre-y-dar-confianza-pide-gurria-en-ley-electrica\/<\/p>\n","protected":false},"excerpt":{"rendered":"<p>Al no haber certeza, se paran las inversiones, alerta el exsecretario de OCDE. V\u00cdCTR CH\u00c1VEZ \/ EL FINANCIERO La aprobaci\u00f3n [&hellip;]<\/p>\n","protected":false},"author":1,"featured_media":24861,"comment_status":"open","ping_status":"open","sticky":false,"template":"","format":"standard","meta":{"site-sidebar-layout":"default","site-content-layout":"","ast-site-content-layout":"default","site-content-style":"default","site-sidebar-style":"default","ast-global-header-display":"","ast-banner-title-visibility":"","ast-main-header-display":"","ast-hfb-above-header-display":"","ast-hfb-below-header-display":"","ast-hfb-mobile-header-display":"","site-post-title":"","ast-breadcrumbs-content":"","ast-featured-img":"","footer-sml-layout":"","theme-transparent-header-meta":"","adv-header-id-meta":"","stick-header-meta":"","header-above-stick-meta":"","header-main-stick-meta":"","header-below-stick-meta":"","astra-migrate-meta-layouts":"default","ast-page-background-enabled":"default","ast-page-background-meta":{"desktop":{"background-color":"var(--ast-global-color-4)","background-image":"","background-repeat":"repeat","background-position":"center center","background-size":"auto","background-attachment":"scroll","background-type":"","background-media":"","overlay-type":"","overlay-color":"","overlay-opacity":"","overlay-gradient":""},"tablet":{"background-color":"","background-image":"","background-repeat":"repeat","background-position":"center center","background-size":"auto","background-attachment":"scroll","background-type":"","background-media":"","overlay-type":"","overlay-color":"","overlay-opacity":"","overlay-gradient":""},"mobile":{"background-color":"","background-image":"","background-repeat":"repeat","background-position":"center center","background-size":"auto","background-attachment":"scroll","background-type":"","background-media":"","overlay-type":"","overlay-color":"","overlay-opacity":"","overlay-gradient":""}},"ast-content-background-meta":{"desktop":{"background-color":"var(--ast-global-color-5)","background-image":"","background-repeat":"repeat","background-position":"center center","background-size":"auto","background-attachment":"scroll","background-type":"","background-media":"","overlay-type":"","overlay-color":"","overlay-opacity":"","overlay-gradient":""},"tablet":{"background-color":"var(--ast-global-color-5)","background-image":"","background-repeat":"repeat","background-position":"center center","background-size":"auto","background-attachment":"scroll","background-type":"","background-media":"","overlay-type":"","overlay-color":"","overlay-opacity":"","overlay-gradient":""},"mobile":{"background-color":"var(--ast-global-color-5)","background-image":"","background-repeat":"repeat","background-position":"center center","background-size":"auto","background-attachment":"scroll","background-type":"","background-media":"","overlay-type":"","overlay-color":"","overlay-opacity":"","overlay-gradient":""}},"footnotes":""},"categories":[8],"tags":[9250,6298,9249],"class_list":["post-24860","post","type-post","status-publish","format-standard","has-post-thumbnail","hentry","category-noticias","tag-certidumbre","tag-jose-angel-gurria","tag-reforma-electrica-mexico-2"],"_links":{"self":[{"href":"https:\/\/losperiodistas.com.mx\/portal\/wp-json\/wp\/v2\/posts\/24860","targetHints":{"allow":["GET"]}}],"collection":[{"href":"https:\/\/losperiodistas.com.mx\/portal\/wp-json\/wp\/v2\/posts"}],"about":[{"href":"https:\/\/losperiodistas.com.mx\/portal\/wp-json\/wp\/v2\/types\/post"}],"author":[{"embeddable":true,"href":"https:\/\/losperiodistas.com.mx\/portal\/wp-json\/wp\/v2\/users\/1"}],"replies":[{"embeddable":true,"href":"https:\/\/losperiodistas.com.mx\/portal\/wp-json\/wp\/v2\/comments?post=24860"}],"version-history":[{"count":1,"href":"https:\/\/losperiodistas.com.mx\/portal\/wp-json\/wp\/v2\/posts\/24860\/revisions"}],"predecessor-version":[{"id":24864,"href":"https:\/\/losperiodistas.com.mx\/portal\/wp-json\/wp\/v2\/posts\/24860\/revisions\/24864"}],"wp:featuredmedia":[{"embeddable":true,"href":"https:\/\/losperiodistas.com.mx\/portal\/wp-json\/wp\/v2\/media\/24861"}],"wp:attachment":[{"href":"https:\/\/losperiodistas.com.mx\/portal\/wp-json\/wp\/v2\/media?parent=24860"}],"wp:term":[{"taxonomy":"category","embeddable":true,"href":"https:\/\/losperiodistas.com.mx\/portal\/wp-json\/wp\/v2\/categories?post=24860"},{"taxonomy":"post_tag","embeddable":true,"href":"https:\/\/losperiodistas.com.mx\/portal\/wp-json\/wp\/v2\/tags?post=24860"}],"curies":[{"name":"wp","href":"https:\/\/api.w.org\/{rel}","templated":true}]}}