{"id":24857,"date":"2022-03-31T06:19:28","date_gmt":"2022-03-31T12:19:28","guid":{"rendered":"http:\/\/losperiodistas.com.mx\/portal\/?p=24857"},"modified":"2022-03-31T06:19:30","modified_gmt":"2022-03-31T12:19:30","slug":"alejandra-cuevas-agradece-a-la-sociedad-por-su-liberacion-sin-ustedes-seguiria-en-una-celda-proceso","status":"publish","type":"post","link":"https:\/\/losperiodistas.com.mx\/portal\/alejandra-cuevas-agradece-a-la-sociedad-por-su-liberacion-sin-ustedes-seguiria-en-una-celda-proceso\/","title":{"rendered":"Alejandra Cuevas agradece a la sociedad por su liberaci\u00f3n; \u201csin ustedes, seguir\u00eda en una celda\u201d | Proceso"},"content":{"rendered":"\n<p><em>Dos d\u00edas despu\u00e9s de abandonar el penal de Santa Martha Acatitla, Alejandra Cuevas agradeci\u00f3 a la sociedad por la presi\u00f3n que ejerci\u00f3 para que pudiera ser liberada. \u00abEstoy libre por ustedes, que se unieron\u00bb, dijo.<\/em><\/p>\n\n\n\n<figure class=\"wp-block-image size-large\"><img fetchpriority=\"high\" decoding=\"async\" width=\"1024\" height=\"579\" src=\"https:\/\/losperiodistas.com.mx\/portal\/wp-content\/uploads\/2022\/03\/Captura-de-Pantalla-2022-03-31-a-las-6.15.16-1024x579.jpg\" alt=\"\" class=\"wp-image-24858\" srcset=\"https:\/\/losperiodistas.com.mx\/portal\/wp-content\/uploads\/2022\/03\/Captura-de-Pantalla-2022-03-31-a-las-6.15.16-1024x579.jpg 1024w, https:\/\/losperiodistas.com.mx\/portal\/wp-content\/uploads\/2022\/03\/Captura-de-Pantalla-2022-03-31-a-las-6.15.16-300x170.jpg 300w, https:\/\/losperiodistas.com.mx\/portal\/wp-content\/uploads\/2022\/03\/Captura-de-Pantalla-2022-03-31-a-las-6.15.16-768x434.jpg 768w, https:\/\/losperiodistas.com.mx\/portal\/wp-content\/uploads\/2022\/03\/Captura-de-Pantalla-2022-03-31-a-las-6.15.16.jpg 1482w\" sizes=\"(max-width: 1024px) 100vw, 1024px\" \/><\/figure>\n\n\n\n<p><\/p>\n\n\n\n<p class=\"has-vivid-cyan-blue-color has-text-color has-medium-font-size\">REDACCI\u00d3N PROCESO<\/p>\n\n\n\n<p>CIUDAD DE M\u00c9XICO (apro).\u00ad\u2013 Dos d\u00edas despu\u00e9s de abandonar el penal de Santa Martha Acatitla, Alejandra Cuevas agradeci\u00f3 a la sociedad por la presi\u00f3n que ejerci\u00f3 para que pudiera ser liberada.<\/p>\n\n\n\n<p>\u201cUna cosa tengo muy clara, sin ustedes, esto no hubiese sido posible\u201d, dijo la mujer en un video publicado por su hijo, Alonso Castillo Cuevas.<\/p>\n\n\n\n<h5 class=\"wp-block-heading\">NOTICIAS RELACIONADAS<\/h5>\n\n\n\n<ul class=\"wp-block-list\"><li><a href=\"https:\/\/www.proceso.com.mx\/nacional\/2022\/3\/29\/tengo-confianza-en-el-fiscal-si-alejandra-cuevas-tiene-elementos-en-su-contra-que-denuncie-amlo-283304.html\">Tengo confianza en el fiscal, si Alejandra Cuevas tiene elementos en su contra que denuncie: AMLO<\/a><\/li><li><a href=\"https:\/\/www.proceso.com.mx\/nacional\/2022\/3\/29\/amlo-celebra-decision-de-la-corte-en-caso-alejandra-cuevas-ordena-brindarle-medidas-de-proteccion-283302.html\">AMLO celebra decisi\u00f3n de la Corte en caso Alejandra Cuevas y ordena brindarle medidas de protecci\u00f3n<\/a><\/li><li><a href=\"https:\/\/www.proceso.com.mx\/nacional\/2022\/3\/28\/corte-da-reves-gertz-manero-absuelve-laura-moran-ordena-liberar-alejandra-cuevas-283269.html\">Corte da rev\u00e9s a Gertz Manero absuelve a Laura Mor\u00e1n y ordena liberar a Alejandra Cuevas<\/a><\/li><li><a href=\"https:\/\/www.proceso.com.mx\/nacional\/2022\/3\/28\/caso-gertz-alejandra-cuevas-sale-de-prision-anuncia-que-pedira-proteccion-amlo-283283.html\">Caso Gertz: Alejandra Cuevas sale de prisi\u00f3n y anuncia que pedir\u00e1 protecci\u00f3n a AMLO<\/a><\/li><\/ul>\n\n\n\n<p>El lunes, Alejandra Cuevas sali\u00f3 del penal de Santa Martha Acatitla luego de que la Suprema Corte de Justicia de la Naci\u00f3n (SCJN) orden\u00f3 su liberaci\u00f3n inmediata, tras 528 d\u00edas presa como presunta responsable de la muerte de Federico, hermano del fiscal general de la Rep\u00fablica (FGR), Alejandro Gertz Manero.<\/p>\n\n\n\n<p>En su agradecimiento Alejandra Cuevas se\u00f1al\u00f3 que \u201cno estoy libre por las instituciones, no estoy libre por el fiscal. Estoy libre por ustedes, que se unieron, me arroparon sin conocerme y arroparon a mis hijos. Eso es lo m\u00e1s importante\u201d, expres\u00f3.<\/p>\n\n\n\n<p>Remarc\u00f3 la importancia de la sociedad al asegurar que, sin su ayuda, \u201cno estar\u00eda yo aqu\u00ed platicando con ustedes, seguir\u00eda en una celda en Santa Martha\u201d.<\/p>\n\n\n\n<p>E hizo un llamado para que la sigan apoyando \u201ca sacar (de prisi\u00f3n) a personas inocentes como yo\u201d.<\/p>\n\n\n\n<p>Explic\u00f3 que, una vez que est\u00e9 terminado todo el proyecto de su asociaci\u00f3n, pedir\u00e1 la ayuda de la sociedad para su mejor amiga, Mara.<\/p>\n\n\n\n<p>\u201cAhora fue libertad para Alejandra, la pr\u00f3xima ser\u00e1 libertad para mi mejor amiga, libertad para Mara, y as\u00ed me encantar\u00e1 que todos sigamos en esta lucha, porque yo nunca hubiese ayudado a alguien que no conoc\u00eda, me dieron un ejemplo y una lecci\u00f3n de vida en la cual, sin ustedes, estar\u00eda yo nuevamente presa\u201d, agreg\u00f3.<\/p>\n\n\n\n<figure class=\"wp-block-embed is-type-rich is-provider-twitter wp-block-embed-twitter\"><div class=\"wp-block-embed__wrapper\">\n<blockquote class=\"twitter-tweet\" data-width=\"500\" data-dnt=\"true\"><p lang=\"es\" dir=\"ltr\">Mi mam\u00e1 les da las gracias y me uno a su gratitud, todos ustedes forman parte medular de su liberaci\u00f3n y de nuestras vidas.<br><br>Nuestro compromiso con las mujeres invisibles continua y junto a ustedes, lo logr\u00e1remos. <a href=\"https:\/\/twitter.com\/hashtag\/AlejandraCuevasLibre?src=hash&amp;ref_src=twsrc%5Etfw\">#AlejandraCuevasLibre<\/a> <a href=\"https:\/\/t.co\/ec8BaHo9Un\">pic.twitter.com\/ec8BaHo9Un<\/a><\/p>&mdash; Alonso Castillo Cuevas (@acastilloDC) <a href=\"https:\/\/twitter.com\/acastilloDC\/status\/1509247252836982786?ref_src=twsrc%5Etfw\">March 30, 2022<\/a><\/blockquote><script async src=\"https:\/\/platform.twitter.com\/widgets.js\" charset=\"utf-8\"><\/script>\n<\/div><\/figure>\n\n\n\n<p>Fuente: https:\/\/www.proceso.com.mx\/nacional\/2022\/3\/30\/alejandra-cuevas-agradece-la-sociedad-por-su-liberacion-sin-ustedes-seguiria-en-una-celda-283415.html<\/p>\n","protected":false},"excerpt":{"rendered":"<p>Dos d\u00edas despu\u00e9s de abandonar el penal de Santa Martha Acatitla, Alejandra Cuevas agradeci\u00f3 a la sociedad por la presi\u00f3n [&hellip;]<\/p>\n","protected":false},"author":1,"featured_media":24858,"comment_status":"open","ping_status":"open","sticky":false,"template":"","format":"standard","meta":{"site-sidebar-layout":"default","site-content-layout":"","ast-site-content-layout":"default","site-content-style":"default","site-sidebar-style":"default","ast-global-header-display":"","ast-banner-title-visibility":"","ast-main-header-display":"","ast-hfb-above-header-display":"","ast-hfb-below-header-display":"","ast-hfb-mobile-header-display":"","site-post-title":"","ast-breadcrumbs-content":"","ast-featured-img":"","footer-sml-layout":"","theme-transparent-header-meta":"","adv-header-id-meta":"","stick-header-meta":"","header-above-stick-meta":"","header-main-stick-meta":"","header-below-stick-meta":"","astra-migrate-meta-layouts":"default","ast-page-background-enabled":"default","ast-page-background-meta":{"desktop":{"background-color":"var(--ast-global-color-4)","background-image":"","background-repeat":"repeat","background-position":"center center","background-size":"auto","background-attachment":"scroll","background-type":"","background-media":"","overlay-type":"","overlay-color":"","overlay-opacity":"","overlay-gradient":""},"tablet":{"background-color":"","background-image":"","background-repeat":"repeat","background-position":"center center","background-size":"auto","background-attachment":"scroll","background-type":"","background-media":"","overlay-type":"","overlay-color":"","overlay-opacity":"","overlay-gradient":""},"mobile":{"background-color":"","background-image":"","background-repeat":"repeat","background-position":"center center","background-size":"auto","background-attachment":"scroll","background-type":"","background-media":"","overlay-type":"","overlay-color":"","overlay-opacity":"","overlay-gradient":""}},"ast-content-background-meta":{"desktop":{"background-color":"var(--ast-global-color-5)","background-image":"","background-repeat":"repeat","background-position":"center center","background-size":"auto","background-attachment":"scroll","background-type":"","background-media":"","overlay-type":"","overlay-color":"","overlay-opacity":"","overlay-gradient":""},"tablet":{"background-color":"var(--ast-global-color-5)","background-image":"","background-repeat":"repeat","background-position":"center center","background-size":"auto","background-attachment":"scroll","background-type":"","background-media":"","overlay-type":"","overlay-color":"","overlay-opacity":"","overlay-gradient":""},"mobile":{"background-color":"var(--ast-global-color-5)","background-image":"","background-repeat":"repeat","background-position":"center center","background-size":"auto","background-attachment":"scroll","background-type":"","background-media":"","overlay-type":"","overlay-color":"","overlay-opacity":"","overlay-gradient":""}},"footnotes":""},"categories":[8],"tags":[5109,762,9248],"class_list":["post-24857","post","type-post","status-publish","format-standard","has-post-thumbnail","hentry","category-noticias","tag-alejandra-cuevas","tag-alejandro-gertz-manero","tag-laura-moran-2"],"_links":{"self":[{"href":"https:\/\/losperiodistas.com.mx\/portal\/wp-json\/wp\/v2\/posts\/24857","targetHints":{"allow":["GET"]}}],"collection":[{"href":"https:\/\/losperiodistas.com.mx\/portal\/wp-json\/wp\/v2\/posts"}],"about":[{"href":"https:\/\/losperiodistas.com.mx\/portal\/wp-json\/wp\/v2\/types\/post"}],"author":[{"embeddable":true,"href":"https:\/\/losperiodistas.com.mx\/portal\/wp-json\/wp\/v2\/users\/1"}],"replies":[{"embeddable":true,"href":"https:\/\/losperiodistas.com.mx\/portal\/wp-json\/wp\/v2\/comments?post=24857"}],"version-history":[{"count":1,"href":"https:\/\/losperiodistas.com.mx\/portal\/wp-json\/wp\/v2\/posts\/24857\/revisions"}],"predecessor-version":[{"id":24859,"href":"https:\/\/losperiodistas.com.mx\/portal\/wp-json\/wp\/v2\/posts\/24857\/revisions\/24859"}],"wp:featuredmedia":[{"embeddable":true,"href":"https:\/\/losperiodistas.com.mx\/portal\/wp-json\/wp\/v2\/media\/24858"}],"wp:attachment":[{"href":"https:\/\/losperiodistas.com.mx\/portal\/wp-json\/wp\/v2\/media?parent=24857"}],"wp:term":[{"taxonomy":"category","embeddable":true,"href":"https:\/\/losperiodistas.com.mx\/portal\/wp-json\/wp\/v2\/categories?post=24857"},{"taxonomy":"post_tag","embeddable":true,"href":"https:\/\/losperiodistas.com.mx\/portal\/wp-json\/wp\/v2\/tags?post=24857"}],"curies":[{"name":"wp","href":"https:\/\/api.w.org\/{rel}","templated":true}]}}