{"id":24837,"date":"2022-03-30T09:57:51","date_gmt":"2022-03-30T15:57:51","guid":{"rendered":"http:\/\/losperiodistas.com.mx\/portal\/?p=24837"},"modified":"2022-03-30T09:57:53","modified_gmt":"2022-03-30T15:57:53","slug":"dif-municipal-de-puebla-atiende-a-2-mil-personas","status":"publish","type":"post","link":"https:\/\/losperiodistas.com.mx\/portal\/dif-municipal-de-puebla-atiende-a-2-mil-personas\/","title":{"rendered":"DIF Municipal de Puebla atiende a 2 mil personas"},"content":{"rendered":"\n<p>Consultas han beneficiado a adultos mayores en sus domicilios<\/p>\n\n\n\n<figure class=\"wp-block-image size-large\"><img fetchpriority=\"high\" decoding=\"async\" width=\"1024\" height=\"682\" src=\"https:\/\/losperiodistas.com.mx\/portal\/wp-content\/uploads\/2022\/03\/WhatsApp-Image-2022-03-30-at-9.25.30-AM-1024x682.jpeg\" alt=\"\" class=\"wp-image-24838\" srcset=\"https:\/\/losperiodistas.com.mx\/portal\/wp-content\/uploads\/2022\/03\/WhatsApp-Image-2022-03-30-at-9.25.30-AM-1024x682.jpeg 1024w, https:\/\/losperiodistas.com.mx\/portal\/wp-content\/uploads\/2022\/03\/WhatsApp-Image-2022-03-30-at-9.25.30-AM-300x200.jpeg 300w, https:\/\/losperiodistas.com.mx\/portal\/wp-content\/uploads\/2022\/03\/WhatsApp-Image-2022-03-30-at-9.25.30-AM-768x512.jpeg 768w, https:\/\/losperiodistas.com.mx\/portal\/wp-content\/uploads\/2022\/03\/WhatsApp-Image-2022-03-30-at-9.25.30-AM.jpeg 1280w\" sizes=\"(max-width: 1024px) 100vw, 1024px\" \/><figcaption>Ayuntamiento de Puebla<\/figcaption><\/figure>\n\n\n\n<p><\/p>\n\n\n\n<p class=\"has-vivid-cyan-blue-color has-text-color has-medium-font-size\">REDACCI\u00d3N<\/p>\n\n\n\n<p>Para do\u00f1a Justina Cruz, de 72 a\u00f1os de edad, el acceso a medicamentos y a una consulta de salud ya no representa un gasto extra o una preocupaci\u00f3n; hoy, desde su casa en San Andr\u00e9s Azumiatla recibe atenci\u00f3n m\u00e9dica gratuita como un servicio m\u00e1s del Ayuntamiento de Puebla.<\/p>\n\n\n\n<p>La visita a su hogar por parte del equipo de doctores del Sistema Municipal DIF represent\u00f3 la consulta n\u00famero dos mil que el Gobierno Municipal ha acercado a la ciudadan\u00eda; adultos mayores y personas con discapacidad que se afiliaron a este programa para recibir un diagn\u00f3stico y tratar sus enfermedades, como diabetes, hipertensi\u00f3n o artritis, sin la necesidad de salir de su domicilio.<\/p>\n\n\n\n<p>A cinco meses de que esta iniciativa entrara en operaci\u00f3n, se ha dado cobertura m\u00e9dica a las familias poblanas de Juntas Auxiliares y otras 152 colonias de la ciudad. Quien as\u00ed lo requiera, puede registrase para recibir atenci\u00f3n gratuita a trav\u00e9s de los n\u00fameros 22 22 14 00 00, extensi\u00f3n 219 y 222, y v\u00eda WhatsApp en el 22 17 02 11 63.<\/p>\n","protected":false},"excerpt":{"rendered":"<p>Consultas han beneficiado a adultos mayores en sus domicilios REDACCI\u00d3N Para do\u00f1a Justina Cruz, de 72 a\u00f1os de edad, el [&hellip;]<\/p>\n","protected":false},"author":1,"featured_media":24839,"comment_status":"open","ping_status":"open","sticky":false,"template":"","format":"standard","meta":{"site-sidebar-layout":"default","site-content-layout":"","ast-site-content-layout":"default","site-content-style":"default","site-sidebar-style":"default","ast-global-header-display":"","ast-banner-title-visibility":"","ast-main-header-display":"","ast-hfb-above-header-display":"","ast-hfb-below-header-display":"","ast-hfb-mobile-header-display":"","site-post-title":"","ast-breadcrumbs-content":"","ast-featured-img":"","footer-sml-layout":"","theme-transparent-header-meta":"","adv-header-id-meta":"","stick-header-meta":"","header-above-stick-meta":"","header-main-stick-meta":"","header-below-stick-meta":"","astra-migrate-meta-layouts":"default","ast-page-background-enabled":"default","ast-page-background-meta":{"desktop":{"background-color":"var(--ast-global-color-4)","background-image":"","background-repeat":"repeat","background-position":"center center","background-size":"auto","background-attachment":"scroll","background-type":"","background-media":"","overlay-type":"","overlay-color":"","overlay-opacity":"","overlay-gradient":""},"tablet":{"background-color":"","background-image":"","background-repeat":"repeat","background-position":"center center","background-size":"auto","background-attachment":"scroll","background-type":"","background-media":"","overlay-type":"","overlay-color":"","overlay-opacity":"","overlay-gradient":""},"mobile":{"background-color":"","background-image":"","background-repeat":"repeat","background-position":"center center","background-size":"auto","background-attachment":"scroll","background-type":"","background-media":"","overlay-type":"","overlay-color":"","overlay-opacity":"","overlay-gradient":""}},"ast-content-background-meta":{"desktop":{"background-color":"var(--ast-global-color-5)","background-image":"","background-repeat":"repeat","background-position":"center center","background-size":"auto","background-attachment":"scroll","background-type":"","background-media":"","overlay-type":"","overlay-color":"","overlay-opacity":"","overlay-gradient":""},"tablet":{"background-color":"var(--ast-global-color-5)","background-image":"","background-repeat":"repeat","background-position":"center center","background-size":"auto","background-attachment":"scroll","background-type":"","background-media":"","overlay-type":"","overlay-color":"","overlay-opacity":"","overlay-gradient":""},"mobile":{"background-color":"var(--ast-global-color-5)","background-image":"","background-repeat":"repeat","background-position":"center center","background-size":"auto","background-attachment":"scroll","background-type":"","background-media":"","overlay-type":"","overlay-color":"","overlay-opacity":"","overlay-gradient":""}},"footnotes":""},"categories":[8],"tags":[7279,9245],"class_list":["post-24837","post","type-post","status-publish","format-standard","has-post-thumbnail","hentry","category-noticias","tag-contigoyconrumbo","tag-dif-municipal"],"_links":{"self":[{"href":"https:\/\/losperiodistas.com.mx\/portal\/wp-json\/wp\/v2\/posts\/24837","targetHints":{"allow":["GET"]}}],"collection":[{"href":"https:\/\/losperiodistas.com.mx\/portal\/wp-json\/wp\/v2\/posts"}],"about":[{"href":"https:\/\/losperiodistas.com.mx\/portal\/wp-json\/wp\/v2\/types\/post"}],"author":[{"embeddable":true,"href":"https:\/\/losperiodistas.com.mx\/portal\/wp-json\/wp\/v2\/users\/1"}],"replies":[{"embeddable":true,"href":"https:\/\/losperiodistas.com.mx\/portal\/wp-json\/wp\/v2\/comments?post=24837"}],"version-history":[{"count":1,"href":"https:\/\/losperiodistas.com.mx\/portal\/wp-json\/wp\/v2\/posts\/24837\/revisions"}],"predecessor-version":[{"id":24840,"href":"https:\/\/losperiodistas.com.mx\/portal\/wp-json\/wp\/v2\/posts\/24837\/revisions\/24840"}],"wp:featuredmedia":[{"embeddable":true,"href":"https:\/\/losperiodistas.com.mx\/portal\/wp-json\/wp\/v2\/media\/24839"}],"wp:attachment":[{"href":"https:\/\/losperiodistas.com.mx\/portal\/wp-json\/wp\/v2\/media?parent=24837"}],"wp:term":[{"taxonomy":"category","embeddable":true,"href":"https:\/\/losperiodistas.com.mx\/portal\/wp-json\/wp\/v2\/categories?post=24837"},{"taxonomy":"post_tag","embeddable":true,"href":"https:\/\/losperiodistas.com.mx\/portal\/wp-json\/wp\/v2\/tags?post=24837"}],"curies":[{"name":"wp","href":"https:\/\/api.w.org\/{rel}","templated":true}]}}