{"id":24833,"date":"2022-03-30T09:38:11","date_gmt":"2022-03-30T15:38:11","guid":{"rendered":"http:\/\/losperiodistas.com.mx\/portal\/?p=24833"},"modified":"2022-03-30T09:53:51","modified_gmt":"2022-03-30T15:53:51","slug":"la-historia-se-repite-muertes-por-covid-suben-un-40-en-el-mundo","status":"publish","type":"post","link":"https:\/\/losperiodistas.com.mx\/portal\/la-historia-se-repite-muertes-por-covid-suben-un-40-en-el-mundo\/","title":{"rendered":"\u00bfLa historia se repite? Muertes por COVID suben un 40% en el mundo | El Financiero"},"content":{"rendered":"\n<p><em>En la \u00faltima semana se reportaron unos 10 millones de nuevos casos y m\u00e1s de 45 mil muertes por COVID en todo el mundo.<\/em><\/p>\n\n\n\n<figure class=\"wp-block-image size-full\"><img fetchpriority=\"high\" decoding=\"async\" width=\"800\" height=\"533\" src=\"https:\/\/losperiodistas.com.mx\/portal\/wp-content\/uploads\/2022\/03\/DU3VDHLIQNAX5PWKZR4PHXYLIE.jpeg\" alt=\"\" class=\"wp-image-24834\" srcset=\"https:\/\/losperiodistas.com.mx\/portal\/wp-content\/uploads\/2022\/03\/DU3VDHLIQNAX5PWKZR4PHXYLIE.jpeg 800w, https:\/\/losperiodistas.com.mx\/portal\/wp-content\/uploads\/2022\/03\/DU3VDHLIQNAX5PWKZR4PHXYLIE-300x200.jpeg 300w, https:\/\/losperiodistas.com.mx\/portal\/wp-content\/uploads\/2022\/03\/DU3VDHLIQNAX5PWKZR4PHXYLIE-768x512.jpeg 768w\" sizes=\"(max-width: 800px) 100vw, 800px\" \/><figcaption>La OMS ha insistido en que las cifras de casos de COVID-19 probablemente est\u00e1n muy por debajo de la prevalencia real del coronavirus.<\/figcaption><\/figure>\n\n\n\n<p class=\"has-vivid-cyan-blue-color has-text-color has-medium-font-size\">AP \/ EL FINANCIERO<\/p>\n\n\n\n<p>El n\u00famero de&nbsp;<strong>muertos por coronavirus<\/strong>&nbsp;subi\u00f3 la semana pasada en m\u00e1s de un&nbsp;<strong>40 por ciento<\/strong>, probablemente debido a los cambios en c\u00f3mo se reportan los fallecimientos por COVID-19 en el continente americano y por nuevas cifras ajustadas en<strong>&nbsp;India<\/strong>, seg\u00fan el reporte publicado el mi\u00e9rcoles por la Organizaci\u00f3n Mundial de la Salud.<\/p>\n\n\n\n<p>En su nuevo reporte semanal sobre la pandemia, la agencia de salud de Naciones Unidas se\u00f1al\u00f3 que el n\u00famero de contagios&nbsp;<strong>hab\u00eda ca\u00eddo en todo el mundo<\/strong>, incluida la regi\u00f3n del Pac\u00edfico Occidental, donde sub\u00edan desde diciembre.<\/p>\n\n\n\n<p>En la \u00faltima semana se reportaron unos<strong>\u00a010 millones de casos nuevos<\/strong>\u00a0y m\u00e1s de\u00a0<strong>45 mil muertes en todo el mundo<\/strong>, tras el descenso del 23 por ciento en las muertes la semana anterior.<\/p>\n\n\n\n<p><a href=\"https:\/\/www.elfinanciero.com.mx\/salud\/2022\/03\/29\/covid-19-estas-son-las-diferencias-entre-las-variantes-de-omicron-ba1-y-ba2-segun-la-oms\/\"><\/a><a href=\"https:\/\/www.elfinanciero.com.mx\/salud\/2022\/03\/29\/covid-19-estas-son-las-diferencias-entre-las-variantes-de-omicron-ba1-y-ba2-segun-la-oms\/\">COVID-19: Estas son las diferencias entre las variantes de \u00d3micron BA.1 y BA.2 seg\u00fan la OMS<\/a><\/p>\n\n\n\n<hr class=\"wp-block-separator\"\/>\n\n\n\n<p>La OMS ha insistido en que las cifras de casos de COVID-19 probablemente est\u00e1n muy por debajo de la prevalencia real del coronavirus. En las \u00faltimas semanas, la agencia ha pedido a los pa\u00edses que&nbsp;<strong>no abandonen sus campa\u00f1as sistem\u00e1ticas de pruebas y otras medidas de vigilancia<\/strong>, y afirma que hacerlo merma los esfuerzos por seguir con precisi\u00f3n la expansi\u00f3n del virus.https:\/\/8a63f163c414e81181831941bab8e940.safeframe.googlesyndication.com\/safeframe\/1-0-38\/html\/container.html<\/p>\n\n\n\n<p>\u201c<strong>Los datos se vuelven cada vez menos representativos, menos precisos y menos s\u00f3lidos<\/strong>\u201d, dijo la OMS. \u201cEsto merma nuestra capacidad colectiva de identificar d\u00f3nde est\u00e1 el virus, c\u00f3mo se propaga y c\u00f3mo evoluciona, una informaci\u00f3n y unos an\u00e1lisis que siguen siendo cruciales para poner fin de forma eficaz a la fase aguda de la pandemia\u201d.<\/p>\n\n\n\n<p>La agencia a\u00f1adi\u00f3 que reducir la vigilancia afectar\u00eda especialmente a los esfuerzos por detectar&nbsp;<strong>nuevas variantes<\/strong>&nbsp;y socavar\u00eda una posible reacci\u00f3n.<\/p>\n\n\n\n<p>Numerosos pa\u00edses de Europa, Norteam\u00e9rica y otros lugares han levantado hace poco casi todos sus protocolos contra el COVID-19, para basar su prevenci\u00f3n de otro brote en las altas tasas de vacunaci\u00f3n, incluso ante aumentos de los contagios impulsado por la m\u00e1s contagiosa subvariante&nbsp;<a href=\"https:\/\/www.elfinanciero.com.mx\/salud\/2022\/03\/29\/covid-19-estas-son-las-diferencias-entre-las-variantes-de-omicron-ba1-y-ba2-segun-la-oms\/\" target=\"_blank\" rel=\"noreferrer noopener\"><strong>BA.2 de \u00f3micron<\/strong>.<\/a><a href=\"https:\/\/www.elfinanciero.com.mx\/salud\/2022\/03\/29\/los-diagnosticados-con-covid-tienen-mas-de-riesgo-de-morir-6-meses-despues-si-hay-complicaciones-estudio\/\"><\/a><a href=\"https:\/\/www.elfinanciero.com.mx\/salud\/2022\/03\/29\/los-diagnosticados-con-covid-tienen-mas-de-riesgo-de-morir-6-meses-despues-si-hay-complicaciones-estudio\/\">Los diagnosticados con COVID tienen m\u00e1s de riesgo de morir 6 meses despu\u00e9s si hay complicaciones: estudio<\/a><\/p>\n\n\n\n<hr class=\"wp-block-separator\"\/>\n\n\n\n<p>Las autoridades brit\u00e1nicas han dicho que si bien esperan que aumenten los casos, no han registrado un auge equivalente de&nbsp;<strong>hospitalizaciones y muertes<\/strong>.<\/p>\n\n\n\n<p>Pese al declive global en los contagios confirmados,&nbsp;<a href=\"https:\/\/www.elfinanciero.com.mx\/mundo\/2022\/03\/28\/shanghai-inicia-la-mayor-cuarentena-de-china-en-dos-anos-ante-brote-de-covid\/\" target=\"_blank\" rel=\"noreferrer noopener\"><strong>China confin\u00f3 Shangh\u00e1i esta semana para tratar de frenar un brote de \u00f3micron que ha causado la peor ola de casos en el pa\u00eds<\/strong><\/a>&nbsp;desde que el virus se detect\u00f3 por primera vez en la ciudad china de Wuhan en 2019.<\/p>\n\n\n\n<p><a href=\"https:\/\/www.elfinanciero.com.mx\/salud\/2022\/03\/29\/autorizan-segunda-dosis-de-refuerzo-de-vacuna-covid-19\/\" target=\"_blank\" rel=\"noreferrer noopener\">Las autoridades estadounidenses ampliaron el martes el empleo de dosis de refuerzo.&nbsp;<\/a>Los estadounidenses de 50 a\u00f1os o m\u00e1s pueden recibir un segundo refuerzo al menos cuatro meses despu\u00e9s de su \u00faltima vacunaci\u00f3n.<\/p>\n\n\n\n<p>Por otro lado, un sondeo de AP-NORC revel\u00f3 que menos de la mitad de lo estadounidenses lleva mascarillas con regularidad, evita las multitudes y suprime los desplazamientos no esenciales.<\/p>\n\n\n\n<p>Fuente: https:\/\/www.elfinanciero.com.mx\/mundo\/2022\/03\/30\/la-historia-se-repite-muertes-por-covid-suben-un-40-en-el-mundo\/<\/p>\n","protected":false},"excerpt":{"rendered":"<p>En la \u00faltima semana se reportaron unos 10 millones de nuevos casos y m\u00e1s de 45 mil muertes por COVID [&hellip;]<\/p>\n","protected":false},"author":1,"featured_media":24834,"comment_status":"open","ping_status":"open","sticky":false,"template":"","format":"standard","meta":{"site-sidebar-layout":"default","site-content-layout":"","ast-site-content-layout":"default","site-content-style":"default","site-sidebar-style":"default","ast-global-header-display":"","ast-banner-title-visibility":"","ast-main-header-display":"","ast-hfb-above-header-display":"","ast-hfb-below-header-display":"","ast-hfb-mobile-header-display":"","site-post-title":"","ast-breadcrumbs-content":"","ast-featured-img":"","footer-sml-layout":"","theme-transparent-header-meta":"","adv-header-id-meta":"","stick-header-meta":"","header-above-stick-meta":"","header-main-stick-meta":"","header-below-stick-meta":"","astra-migrate-meta-layouts":"default","ast-page-background-enabled":"default","ast-page-background-meta":{"desktop":{"background-color":"var(--ast-global-color-4)","background-image":"","background-repeat":"repeat","background-position":"center center","background-size":"auto","background-attachment":"scroll","background-type":"","background-media":"","overlay-type":"","overlay-color":"","overlay-opacity":"","overlay-gradient":""},"tablet":{"background-color":"","background-image":"","background-repeat":"repeat","background-position":"center center","background-size":"auto","background-attachment":"scroll","background-type":"","background-media":"","overlay-type":"","overlay-color":"","overlay-opacity":"","overlay-gradient":""},"mobile":{"background-color":"","background-image":"","background-repeat":"repeat","background-position":"center center","background-size":"auto","background-attachment":"scroll","background-type":"","background-media":"","overlay-type":"","overlay-color":"","overlay-opacity":"","overlay-gradient":""}},"ast-content-background-meta":{"desktop":{"background-color":"var(--ast-global-color-5)","background-image":"","background-repeat":"repeat","background-position":"center center","background-size":"auto","background-attachment":"scroll","background-type":"","background-media":"","overlay-type":"","overlay-color":"","overlay-opacity":"","overlay-gradient":""},"tablet":{"background-color":"var(--ast-global-color-5)","background-image":"","background-repeat":"repeat","background-position":"center center","background-size":"auto","background-attachment":"scroll","background-type":"","background-media":"","overlay-type":"","overlay-color":"","overlay-opacity":"","overlay-gradient":""},"mobile":{"background-color":"var(--ast-global-color-5)","background-image":"","background-repeat":"repeat","background-position":"center center","background-size":"auto","background-attachment":"scroll","background-type":"","background-media":"","overlay-type":"","overlay-color":"","overlay-opacity":"","overlay-gradient":""}},"footnotes":""},"categories":[8],"tags":[9244,38],"class_list":["post-24833","post","type-post","status-publish","format-standard","has-post-thumbnail","hentry","category-noticias","tag-aumento-muertos-covid","tag-covid-19"],"_links":{"self":[{"href":"https:\/\/losperiodistas.com.mx\/portal\/wp-json\/wp\/v2\/posts\/24833","targetHints":{"allow":["GET"]}}],"collection":[{"href":"https:\/\/losperiodistas.com.mx\/portal\/wp-json\/wp\/v2\/posts"}],"about":[{"href":"https:\/\/losperiodistas.com.mx\/portal\/wp-json\/wp\/v2\/types\/post"}],"author":[{"embeddable":true,"href":"https:\/\/losperiodistas.com.mx\/portal\/wp-json\/wp\/v2\/users\/1"}],"replies":[{"embeddable":true,"href":"https:\/\/losperiodistas.com.mx\/portal\/wp-json\/wp\/v2\/comments?post=24833"}],"version-history":[{"count":2,"href":"https:\/\/losperiodistas.com.mx\/portal\/wp-json\/wp\/v2\/posts\/24833\/revisions"}],"predecessor-version":[{"id":24836,"href":"https:\/\/losperiodistas.com.mx\/portal\/wp-json\/wp\/v2\/posts\/24833\/revisions\/24836"}],"wp:featuredmedia":[{"embeddable":true,"href":"https:\/\/losperiodistas.com.mx\/portal\/wp-json\/wp\/v2\/media\/24834"}],"wp:attachment":[{"href":"https:\/\/losperiodistas.com.mx\/portal\/wp-json\/wp\/v2\/media?parent=24833"}],"wp:term":[{"taxonomy":"category","embeddable":true,"href":"https:\/\/losperiodistas.com.mx\/portal\/wp-json\/wp\/v2\/categories?post=24833"},{"taxonomy":"post_tag","embeddable":true,"href":"https:\/\/losperiodistas.com.mx\/portal\/wp-json\/wp\/v2\/tags?post=24833"}],"curies":[{"name":"wp","href":"https:\/\/api.w.org\/{rel}","templated":true}]}}