{"id":2483,"date":"2020-12-16T07:38:53","date_gmt":"2020-12-16T13:38:53","guid":{"rendered":"http:\/\/losperiodistas.com.mx\/portal\/?p=2483"},"modified":"2020-12-17T07:54:47","modified_gmt":"2020-12-17T13:54:47","slug":"al-congreso-estatal-le-falta-dialogo-y-viola-leyes-upaep","status":"publish","type":"post","link":"https:\/\/losperiodistas.com.mx\/portal\/al-congreso-estatal-le-falta-dialogo-y-viola-leyes-upaep\/","title":{"rendered":"Al Congreso estatal le falta  di\u00e1logo y viola leyes: UPAEP"},"content":{"rendered":"\n<p style=\"font-size:18px\">*La casa de estudios dio a conocer el Reporte Legislativo 2019-2020\u00a0<\/p>\n\n\n\n<p style=\"font-size:26px\"><em>Por Ra\u00fal Torres Salmer\u00f3n\u00a0<\/em><\/p>\n\n\n\n<p>Hace unos d\u00edas, se llev\u00f3 a cabo la presentaci\u00f3n del Reporte Legislativo del Congreso del Estado de Puebla sobre la actividad de la LX Legislatura, que abarc\u00f3 el segundo a\u00f1o de desempe\u00f1o, de septiembre de 2019 a septiembre de 2020, organizado por el Instituto Promotor del Bien Com\u00fan (IPBC) de la Universidad Popular Aut\u00f3noma del Estado de Puebla (UPAEP).&nbsp;<\/p>\n\n\n\n<p>En las conclusiones y recomendaciones, se destaca:&nbsp;<\/p>\n\n\n\n<p>-El Congreso sin duda ha tenido aciertos y fallas, es urgente que diputados y equipos operativos, no pierdan de vista el proceso legislativo y el impacto en la comunidad, que respete los procesos formales democr\u00e1ticos y la \u00e9tica de la discusi\u00f3n democr\u00e1tica.&nbsp;&nbsp;<\/p>\n\n\n\n<p>-Desafortunadamente las violaciones a las leyes o la falta de respeto a los procedimientos democr\u00e1ticos en la instituci\u00f3n ocasionan que sea m\u00e1s dif\u00edcil mantener din\u00e1micas de bien com\u00fan al interior del Congreso.&nbsp;<\/p>\n\n\n\n<p>-Estas fallas que limitan la agencia, la justicia y la gobernanza ponen en entredicho a la propia legitimidad pudiendo llegar a generar un funcionamiento informal, ca\u00f3tico y desvirtuar la instituci\u00f3n.&nbsp;<\/p>\n\n\n\n<p>-Los diputados son los representantes del pueblo que enmarcan la actividad legislativa, no es de extra\u00f1arse que como ciudadanos se cuestione su eficacia, se analice si se paga caro por la generaci\u00f3n de leyes que al final da\u00f1en las din\u00e1micas generadoras de bien com\u00fan.&nbsp;<\/p>\n\n\n\n<p>-El desbalance observado en la aprobaci\u00f3n de los proyectos legislativos abre las puertas a interpretaciones de distorsi\u00f3n democr\u00e1tica con procesos internos ca\u00f3ticos, proyectos surrealistas y bloqueo pol\u00edtico.&nbsp;<\/p>\n\n\n\n<p>-El Reporte Legislativo puede servir y abonar a mejorar la vida y transparencia del Congreso, por ello es necesario se\u00f1alar los diversos errores que ocasionan la falta de certeza jur\u00eddica y de certeza en el trabajo general del Congreso.&nbsp;&nbsp;<\/p>\n\n\n\n<p>-Es un problema constante dentro del r\u00e9gimen democr\u00e1tico del pa\u00eds que el Poder Ejecutivo de alguna manera controle al Poder Legislativo, cuando debiera ser al rev\u00e9s. Puebla no es inmune a ese riesgo.&nbsp;<\/p>\n\n\n\n<p>-M\u00e9xico enfrenta una democracia fr\u00e1gil, donde los ciudadanos cada vez creen y conf\u00edan menos en las instituciones por lo que se hace cada vez m\u00e1s necesaria que la calidad de las propuestas legislativas vaya de acuerdo a la mejora de la realidad de Puebla.&nbsp;<\/p>\n\n\n\n<p>LAS OBSERVACIONES&nbsp;<\/p>\n\n\n\n<p>Las principales observaciones son en materia de transparencia, incongruencias entre actas aprobadas y versiones estenogr\u00e1ficas de las sesiones y dict\u00e1menes con fechas de presentaci\u00f3n de las iniciativas incorrectas.&nbsp;<\/p>\n\n\n\n<p>Asimismo, errores en las versiones estenogr\u00e1ficas de las sesiones y en la Gaceta Legislativa, adem\u00e1s de la falta de actualizaci\u00f3n del sitio de internet e inconsistencias en asistencias y votaciones.&nbsp;<\/p>\n\n\n\n<p>En&nbsp;&nbsp;violaciones de leyes, se encuentran un art\u00edculo de la Constituci\u00f3n del Estado y m\u00faltiples a la Ley Org\u00e1nica del Poder Legislativo.&nbsp;<\/p>\n\n\n\n<p>Respecto al conflicto legislativo por temas de \u00edndole pol\u00edtico, se registra mayoriteo en las votaciones y acusaciones de legisladores por la parcialidad de la Oficina de Comunicaci\u00f3n.&nbsp;&nbsp;<\/p>\n\n\n\n<p>OPINIONES DE COMENTARISTAS&nbsp;<\/p>\n\n\n\n<p>Participaron en la presentaci\u00f3n el Rector de la UPAEP, Emilio Ba\u00f1os Ardav\u00edn, el Presidente y el Director del IPBC, Antonio S\u00e1nchez D\u00edaz de Rivera y Mathias Nebel, respectivamente.&nbsp;<\/p>\n\n\n\n<p>Estuvieron presentes acad\u00e9micos de planteles superiores que fueron invitados. Maribel Flores S\u00e1nchez del ITESM, V\u00edctor Reynoso Angulo de la UDLAP y Carlos Figueroa Ibarra de la BUAP, quienes coincidieron en se\u00f1alar que este an\u00e1lisis mostr\u00f3 de manera clara el ejercicio legislativo del Congreso del Estado y si bien muestra avances en materia de transparencia, a\u00fan preocupan algunas malas praxis que entorpecen el trabajo de los legisladores.&nbsp;<\/p>\n\n\n\n<p>Por parte de la UPAEP, habl\u00f3 el Rector Ba\u00f1os quien en su intervenci\u00f3n, se\u00f1al\u00f3:&nbsp;<\/p>\n\n\n\n<p>-En las \u00faltimas iniciativas que se han discutido en el Congreso, hace falta una buena dosis de di\u00e1logo, En cuanto a la Ley de Educaci\u00f3n del Estado de Puebla, perdimos la oportunidad de enriquecer un andamiaje legislativo fundamental para el desarrollo de la sociedad.&nbsp;<\/p>\n\n\n\n<p>-Se debe construir a partir del intercambio de ideas entre todos los actores. En la l\u00f3gica del di\u00e1logo se puede construir un escenario de desarrollo que genere un equilibrio entre los bienes comunes para la sociedad.&nbsp;<\/p>\n\n\n\n<p>Mathias Nebel, Director Acad\u00e9mico del IPBC, sentenci\u00f3:&nbsp;<\/p>\n\n\n\n<p>-Los legisladores no se enfocaron a conseguir el bien com\u00fan, a pesar de que fue una promesa de campa\u00f1a de MORENA a nivel nacional. En esa mayor\u00eda no se ha observado una conducta apegada a los principios que tej\u00edan durante el proceso de campa\u00f1a.&nbsp;<\/p>\n\n\n\n<p>-El poder pol\u00edtico no debe ser obscuro y debe dar cuenta de sus actividades a los ciudadanos.&nbsp;<\/p>\n\n\n\n<p>-El Reporte Legislativo busc\u00f3 identificar si el trabajo que realizan los legisladores tiene alg\u00fan tipo de calidad desde una perspectiva del bien com\u00fan.&nbsp;<\/p>\n\n\n\n<p>Mar\u00eda del Rosario Andrade Gabi\u00f1o, Coordinadora Acad\u00e9mica del IPB, dio a conocer cifras:&nbsp;<\/p>\n\n\n\n<p>-El Congreso recibi\u00f3 441 iniciativas, de las cuales fueron aprobadas el 24.5 %. De las iniciativas aprobadas, 108 del a\u00f1o legislativo, el 40.7 % de ellas, lleg\u00f3 del Gobierno del Estado.&nbsp;&nbsp;<\/p>\n\n\n\n<p>-Casi la mitad de las iniciativas que se aprobaron durante el 2019-2020, fueron enviadas por el Gobernador Miguel Barbosa Huerta.&nbsp;&nbsp;<\/p>\n\n\n\n<p>-Durante el a\u00f1o legislativo el Congreso sesion\u00f3 67 veces. Desafortunadamente del 100 % de estas sesiones, de los puntos enlistados en las \u00f3rdenes del d\u00eda, s\u00f3lo el 47 % fueron abordados, debido a la pandemia.&nbsp;<\/p>\n\n\n\n<p>-Los partidos que presentaron m\u00e1s iniciativas fueron MORENA con 101, seguido por el PAN y Encuentro Social con 50&nbsp;&nbsp;cada uno. El PRD y CPP fueron los que menos presentaron proyectos.&nbsp;<\/p>\n\n\n\n<p>-En cuanto a la asistencia de los legisladores a las sesiones, quienes m\u00e1s faltas acumularon fueron Gerardo Islas del PANAL y Javier Casique del PRI.&nbsp;<\/p>\n\n\n\n<p>-Finalmente, invit\u00f3 a la ciudadan\u00eda a consultar el reporte completo en la liga:&nbsp;<a href=\"https:\/\/www.upaep.mx\/biencomun\/images\/informe_2020.pdf\" target=\"_blank\" rel=\"noreferrer noopener\">https:\/\/www.upaep.mx\/biencomun\/images\/informe_2020.pdf<\/a>&nbsp;<\/p>\n\n\n\n<p>En fin, como escribi\u00f3 Renato Leduc (M\u00e9xico, 1897-1986), en su poes\u00eda El Diputado:&nbsp;<\/p>\n\n\n\n<p>Con la boca, reseca, reseca&nbsp;<\/p>\n\n\n\n<p>y el cabello erizado, erizado\u2026&nbsp;<\/p>\n\n\n\n<p>corretea de la ceca a la meca&nbsp;<\/p>\n\n\n\n<p>el presunto se\u00f1or diputado.&nbsp;<\/p>\n\n\n\n<p>Ya en la paz del Congreso descansa&nbsp;<\/p>\n\n\n\n<p>triunfador el se\u00f1or diputado,&nbsp;<\/p>\n\n\n\n<p>bien repleto el bolsillo y la panza&nbsp;<\/p>\n\n\n\n<p>y en la boca fruncida, un candado.&nbsp;<\/p>\n\n\n\n<p><a href=\"mailto:raultorress@hotmail.com\" target=\"_blank\" rel=\"noreferrer noopener\">raultorress@hotmail.com<\/a>&nbsp;<\/p>\n","protected":false},"excerpt":{"rendered":"<p>*La casa de estudios dio a conocer el Reporte Legislativo 2019-2020\u00a0 Por Ra\u00fal Torres Salmer\u00f3n\u00a0 Hace unos d\u00edas, se llev\u00f3 [&hellip;]<\/p>\n","protected":false},"author":1,"featured_media":2484,"comment_status":"open","ping_status":"open","sticky":false,"template":"","format":"standard","meta":{"site-sidebar-layout":"default","site-content-layout":"","ast-site-content-layout":"default","site-content-style":"default","site-sidebar-style":"default","ast-global-header-display":"","ast-banner-title-visibility":"","ast-main-header-display":"","ast-hfb-above-header-display":"","ast-hfb-below-header-display":"","ast-hfb-mobile-header-display":"","site-post-title":"","ast-breadcrumbs-content":"","ast-featured-img":"","footer-sml-layout":"","theme-transparent-header-meta":"","adv-header-id-meta":"","stick-header-meta":"","header-above-stick-meta":"","header-main-stick-meta":"","header-below-stick-meta":"","astra-migrate-meta-layouts":"default","ast-page-background-enabled":"default","ast-page-background-meta":{"desktop":{"background-color":"var(--ast-global-color-4)","background-image":"","background-repeat":"repeat","background-position":"center center","background-size":"auto","background-attachment":"scroll","background-type":"","background-media":"","overlay-type":"","overlay-color":"","overlay-opacity":"","overlay-gradient":""},"tablet":{"background-color":"","background-image":"","background-repeat":"repeat","background-position":"center center","background-size":"auto","background-attachment":"scroll","background-type":"","background-media":"","overlay-type":"","overlay-color":"","overlay-opacity":"","overlay-gradient":""},"mobile":{"background-color":"","background-image":"","background-repeat":"repeat","background-position":"center center","background-size":"auto","background-attachment":"scroll","background-type":"","background-media":"","overlay-type":"","overlay-color":"","overlay-opacity":"","overlay-gradient":""}},"ast-content-background-meta":{"desktop":{"background-color":"var(--ast-global-color-5)","background-image":"","background-repeat":"repeat","background-position":"center center","background-size":"auto","background-attachment":"scroll","background-type":"","background-media":"","overlay-type":"","overlay-color":"","overlay-opacity":"","overlay-gradient":""},"tablet":{"background-color":"var(--ast-global-color-5)","background-image":"","background-repeat":"repeat","background-position":"center center","background-size":"auto","background-attachment":"scroll","background-type":"","background-media":"","overlay-type":"","overlay-color":"","overlay-opacity":"","overlay-gradient":""},"mobile":{"background-color":"var(--ast-global-color-5)","background-image":"","background-repeat":"repeat","background-position":"center center","background-size":"auto","background-attachment":"scroll","background-type":"","background-media":"","overlay-type":"","overlay-color":"","overlay-opacity":"","overlay-gradient":""}},"footnotes":""},"categories":[19],"tags":[],"class_list":["post-2483","post","type-post","status-publish","format-standard","has-post-thumbnail","hentry","category-sin-limites-2"],"_links":{"self":[{"href":"https:\/\/losperiodistas.com.mx\/portal\/wp-json\/wp\/v2\/posts\/2483","targetHints":{"allow":["GET"]}}],"collection":[{"href":"https:\/\/losperiodistas.com.mx\/portal\/wp-json\/wp\/v2\/posts"}],"about":[{"href":"https:\/\/losperiodistas.com.mx\/portal\/wp-json\/wp\/v2\/types\/post"}],"author":[{"embeddable":true,"href":"https:\/\/losperiodistas.com.mx\/portal\/wp-json\/wp\/v2\/users\/1"}],"replies":[{"embeddable":true,"href":"https:\/\/losperiodistas.com.mx\/portal\/wp-json\/wp\/v2\/comments?post=2483"}],"version-history":[{"count":1,"href":"https:\/\/losperiodistas.com.mx\/portal\/wp-json\/wp\/v2\/posts\/2483\/revisions"}],"predecessor-version":[{"id":2485,"href":"https:\/\/losperiodistas.com.mx\/portal\/wp-json\/wp\/v2\/posts\/2483\/revisions\/2485"}],"wp:featuredmedia":[{"embeddable":true,"href":"https:\/\/losperiodistas.com.mx\/portal\/wp-json\/wp\/v2\/media\/2484"}],"wp:attachment":[{"href":"https:\/\/losperiodistas.com.mx\/portal\/wp-json\/wp\/v2\/media?parent=2483"}],"wp:term":[{"taxonomy":"category","embeddable":true,"href":"https:\/\/losperiodistas.com.mx\/portal\/wp-json\/wp\/v2\/categories?post=2483"},{"taxonomy":"post_tag","embeddable":true,"href":"https:\/\/losperiodistas.com.mx\/portal\/wp-json\/wp\/v2\/tags?post=2483"}],"curies":[{"name":"wp","href":"https:\/\/api.w.org\/{rel}","templated":true}]}}