{"id":24827,"date":"2022-03-30T08:46:32","date_gmt":"2022-03-30T14:46:32","guid":{"rendered":"http:\/\/losperiodistas.com.mx\/portal\/?p=24827"},"modified":"2022-03-30T08:46:33","modified_gmt":"2022-03-30T14:46:33","slug":"resultados-del-experimento-masivo-adios-home-office-total-bienvenido-trabajo-hibrido-el-economista","status":"publish","type":"post","link":"https:\/\/losperiodistas.com.mx\/portal\/resultados-del-experimento-masivo-adios-home-office-total-bienvenido-trabajo-hibrido-el-economista\/","title":{"rendered":"Resultados del experimento masivo: Adi\u00f3s home office total, bienvenido trabajo h\u00edbrido | El Economista"},"content":{"rendered":"\n<p><em>Despu\u00e9s de 24 meses de emergencia sanitaria por la Covid-19, las empresas han encontrado en el trabajo h\u00edbrido la posibilidad de mantener actividades presenciales, pero sin perder la flexibilidad experimentada gracias a la pandemia.<\/em><\/p>\n\n\n\n<p><\/p>\n\n\n\n<figure class=\"wp-block-image size-large\"><img fetchpriority=\"high\" decoding=\"async\" width=\"1024\" height=\"576\" src=\"https:\/\/losperiodistas.com.mx\/portal\/wp-content\/uploads\/2022\/03\/regreso_corporativos_medidas_prevencion_nayelly_tenorio_ilustracion.png_423392900-1024x576.jpg\" alt=\"\" class=\"wp-image-24828\" srcset=\"https:\/\/losperiodistas.com.mx\/portal\/wp-content\/uploads\/2022\/03\/regreso_corporativos_medidas_prevencion_nayelly_tenorio_ilustracion.png_423392900-1024x576.jpg 1024w, https:\/\/losperiodistas.com.mx\/portal\/wp-content\/uploads\/2022\/03\/regreso_corporativos_medidas_prevencion_nayelly_tenorio_ilustracion.png_423392900-300x169.jpg 300w, https:\/\/losperiodistas.com.mx\/portal\/wp-content\/uploads\/2022\/03\/regreso_corporativos_medidas_prevencion_nayelly_tenorio_ilustracion.png_423392900-768x432.jpg 768w, https:\/\/losperiodistas.com.mx\/portal\/wp-content\/uploads\/2022\/03\/regreso_corporativos_medidas_prevencion_nayelly_tenorio_ilustracion.png_423392900.jpg 1120w\" sizes=\"(max-width: 1024px) 100vw, 1024px\" \/><figcaption>Ilustraci\u00f3n: Nayelly Tenorio<\/figcaption><\/figure>\n\n\n\n<p><\/p>\n\n\n\n<p class=\"has-vivid-cyan-blue-color has-text-color has-medium-font-size\">GERARDO HERN\u00c1NDEZ \/ EL ECONOMISTA<\/p>\n\n\n\n<p>A dos a\u00f1os de declarada la emergencia sanitaria por la Covid-19 en M\u00e9xico y un experimento masivo de\u00a0<em>home office<\/em>\u00a0despu\u00e9s, empresas y colaboradores han encontrado un punto medio para mantener actividades presenciales y teletrabajo:\u00a0<strong>el trabajo h\u00edbrido<\/strong>, un modelo que se observa con m\u00e1s normalidad a medida que se ha acelerado el retorno a las oficinas.<\/p>\n\n\n\n<p>De acuerdo con Manpower, al cierre del 2021 el&nbsp;<strong>23% de las grandes empresas&nbsp;<\/strong>en nuestro pa\u00eds ya contaba con un esquema h\u00edbrido y para este a\u00f1o, un 33% planea implementar este modelo. Especialistas coinciden que esta modalidad de trabajo es parte de la nueva realidad en el mercado laboral, aunque a\u00fan quedan desaf\u00edos para que sea sostenible a largo plazo.<\/p>\n\n\n\n<p>\u201cDefinitivamente no vamos a regresar a lo mismo.&nbsp;<a href=\"https:\/\/www.eleconomista.com.mx\/capitalhumano\/Dos-anos-en-pandemia-Como-evaluan-las-personas-el-retorno-a-las-oficinas-20220323-0093.html\">Volver a una oficina de lunes a viernes<\/a>&nbsp;de nueve de la ma\u00f1ana a seis de la tarde, eso no est\u00e1 pasando. Creo que estamos viendo desde la parte m\u00e1s b\u00e1sica de c\u00f3mo adaptarnos a esa nueva realidad y aplicar lo que aprendimos de la flexibilidad, hasta una parte m\u00e1s disruptiva que viene desde antes de la pandemia, como trabajar sin puestos de trabajo\u201d, afirma en entrevista Andr\u00e9 Maxnuk, presidente de Mercer para Am\u00e9rica Latina.<\/p>\n\n\n\n<p>Desde la perspectiva de Olivia Segura, socia de Asesor\u00eda en Capital Humano de KPMG M\u00e9xico, el mayor inter\u00e9s de las organizaciones por conservar<strong>&nbsp;trabajos flexibles<\/strong>&nbsp;es una respuesta a la propia demanda del talento. \u201cAntes el&nbsp;<em>home office<\/em>&nbsp;se ve\u00eda como un lujo o un beneficio, ahorita ya se vuelve algo obligatorio cuando quieres atraer o retener al talento, darle esta flexibilidad porque la gente ya no est\u00e1 dispuesta a perder estos espacios que ha ganado en su vida personal, con su familia, etc\u00e9tera\u201d.<\/p>\n\n\n\n<p>Esta nueva realidad no es exclusiva de M\u00e9xico, con base en el estudio&nbsp;<em>Perspectivas LATAM 2022<\/em>&nbsp;de PageGroup, al menos 4 de cada 10 organizaciones en la regi\u00f3n mantendr\u00e1 el&nbsp;<strong>trabajo h\u00edbrido<\/strong>&nbsp;este a\u00f1o. Los principales motivos para adoptar esta modalidad son:<\/p>\n\n\n\n<ul class=\"wp-block-list\"><li>Interacci\u00f3n entre equipos de trabajo<\/li><li>Productividad laboral<\/li><li>Posibilidad de trabajar a distancia desde cualquier parte<\/li><\/ul>\n\n\n\n<p>\u201cDesde antes de la pandemia se observaba como una buena pr\u00e1ctica en la oferta de valor que las empresas daban a sus colaboradores, el tener esta opci\u00f3n de&nbsp;<strong>flexibilizar la jornada de trabajo<\/strong>\u201d, apunta Martha Hern\u00e1ndez, directora de Consultor\u00eda en Capital Humano de AON.<\/p>\n\n\n\n<p>En ese sentido, la especialista asegura que en el mercado algunas empresas est\u00e1n retornando con<a href=\"https:\/\/www.eleconomista.com.mx\/capitalhumano\/Modelo-de-trabajo-3-2-2-la-tendencia-para-darle-la-vuelta-a-la-reforma-del-home-office-20220111-0068.html\">&nbsp;tres d\u00edas de oficina y dos en casa<\/a>, otras&nbsp;con una semana en oficina y una semana en trabajo remoto;&nbsp;tambi\u00e9n hay compa\u00f1\u00edas que est\u00e1n migrando al trabajo h\u00edbrido con la opci\u00f3n de que las personas decidan los d\u00edas que quieren acudir al centro de trabajo. Pero sin importar la mezcla, es un hecho que est\u00e1 modalidad se encuentra con mayor frecuencia.<\/p>\n\n\n\n<p>Para Andr\u00e9 Maxnuk, la pandemia mostr\u00f3 que no se requiere asistir todos los d\u00edas a la oficina para ser productivo. Despu\u00e9s de un<strong>&nbsp;trabajo remoto forzado<\/strong>&nbsp;por las medidas contra la Covid-19, la flexibilidad se aceler\u00f3 y es una de las herencias que dejar\u00e1 la emergencia sanitaria.<\/p>\n\n\n\n<p>\u201cQuiz\u00e1 muchos de nosotros nos sentimos m\u00e1s c\u00f3modos y mucho m\u00e1s productivos trabajando de manera h\u00edbrida. Adem\u00e1s. Esa flexibilidad y ese&nbsp;<strong>esquema h\u00edbrido<\/strong>&nbsp;permite que las empresas lleguen al talento con el que antes no lograban conectar porque se necesitaba\u201d, se\u00f1ala el presidente de Mercer para Am\u00e9rica Latina.<\/p>\n\n\n\n<h2 class=\"wp-block-heading\"><strong>\u00bfPara qu\u00e9 regresar a la oficina?<\/strong><\/h2>\n\n\n\n<p>Desde la \u00f3ptica de Olivia Segura, el trabajo h\u00edbrido por encima de un&nbsp;<em>home office<\/em>&nbsp;total&nbsp;tambi\u00e9n responde a los desaf\u00edos por mantener el&nbsp;<strong>sentido de pertenencia<\/strong>&nbsp;de los colaboradores y la convivencia entre equipos de trabajo.<\/p>\n\n\n\n<p>\u201cTrabajar de manera colaborativa y tener ciertas&nbsp;<strong>reuniones presenciales<\/strong>&nbsp;para que las personas sigan manteniendo ese contacto, porque una realidad es que en los \u00faltimos dos a\u00f1os en los equipos se han presentado salidas y entradas de personas y todos estos movimientos son importantes para que la gente se conozca y puedan interactuar, en algunos casos para que se puedan ver por primera vez. Eso es parte de lo que estamos viendo\u201d, expone la socia de Asesor\u00eda en Capital Humano de KPMG M\u00e9xico.<\/p>\n\n\n\n<p>El&nbsp;<em>\u00cdndice de Tendencia Laboral<\/em>&nbsp;de Microsoft WorkLab advierte que&nbsp;<a href=\"https:\/\/www.eleconomista.com.mx\/capitalhumano\/Falta-de-comunicacion-un-problema-para-65-de-los-trabajadores-en-la-pandemia-20220113-0100.html\">el aislamiento de los equipos de trabajo<\/a>&nbsp;es un fen\u00f3meno observado a ra\u00edz del teletrabajo a tiempo completo, lo que representa un riesgo para la innovaci\u00f3n de las empresas, pues a menor interacci\u00f3n entre compa\u00f1eros de trabajo hay menos posibilidades de que surjan nuevas ideas.<\/p>\n\n\n\n<p>\u201c\u00bfCu\u00e1ntas personas fueron contratadas durante la pandemia? \u00bfC\u00f3mo fue el proceso para integrar a esas personas a su nuevo equipo?\u201d, reflexiona Andr\u00e9 Maxnuk. En los \u00faltimos dos a\u00f1os, mantener la&nbsp;<strong>cultura organizacional&nbsp;<\/strong>en un ambiente virtual ha representado un gran desaf\u00edo para las organizaciones.<\/p>\n\n\n\n<h2 class=\"wp-block-heading\"><strong>Desaf\u00edos del trabajo h\u00edbrido<\/strong><\/h2>\n\n\n\n<p>Si bien nuestro pa\u00eds est\u00e1 avanzando en la implementaci\u00f3n del<strong>&nbsp;trabajo h\u00edbrido<\/strong>, Martha Hern\u00e1ndez opina que quedan desaf\u00edos importantes para que la modalidad sea sostenible a largo plazo.<\/p>\n\n\n\n<p>\u201cTenemos muchas cosas que trabajar, como el respeto a las<strong>&nbsp;jornadas de trabajo<\/strong>. El hecho de que el colaborador est\u00e9 trabajando fuera de la oficina, no quiere decir que va a estar disponible las 24 horas del d\u00eda. Tambi\u00e9n tenemos mucho que trabajar en estructurar las agendas de trabajo\u201d, expone la directora de Consultor\u00eda en Capital Humano de AON.<\/p>\n\n\n\n<p>Para Olivia Segura, una de las claves en el \u00e9xito del modelo h\u00edbrido ser\u00e1&nbsp;<a href=\"https:\/\/www.eleconomista.com.mx\/capitalhumano\/Tenemos-que-democratizar-la-flexibilidad-laboral-que-no-se-limite-a-los-corporativos-20211212-0014.html\">la definici\u00f3n de lineamientos de trabajo<\/a>&nbsp;al interior de las organizaciones que establezcan con claridad las nuevas reglas. \u201cDejar muy claro cu\u00e1ndo se requiere la asistencia a la oficina, por qu\u00e9 motivos y en qu\u00e9 horarios, por ejemplo\u201d.<\/p>\n\n\n\n<p>En ese sentido, Andr\u00e9 Maxnuk considera que uno de los principales desaf\u00edos para la continuidad del trabajo h\u00edbrido es el&nbsp;<strong>empoderamiento de los colaboradores<\/strong>, lo que implica de un nuevo estilo de liderazgo. \u201cEse estilo de liderazgo que delega y con estructuras m\u00e1s horizontales siguen siendo un desaf\u00edo importante. Ya no necesitamos que la gente espere que le digan qu\u00e9 hacer, necesitamos empoderar a las personas a buscar las respuestas\u201d.<\/p>\n\n\n\n<p>De acuerdo con un estudio del Instituto de Investigaci\u00f3n de Capgemini, a nivel global s\u00f3lo\u00a0<strong>34% de las empresas<\/strong>\u00a0est\u00e1 capacitando a su liderazgo para construir una cultura de confianza de cara al trabajo h\u00edbrido y s\u00f3lo 34% de los colaboradores considera que su organizaci\u00f3n los faculta para tomar sus propias decisiones.<\/p>\n\n\n\n<p>Fuente: https:\/\/www.eleconomista.com.mx\/capitalhumano\/Resultados-del-experimento-masivo-Adios-home-office-total-bienvenido-trabajo-hibrido-20220329-0105.html<\/p>\n","protected":false},"excerpt":{"rendered":"<p>Despu\u00e9s de 24 meses de emergencia sanitaria por la Covid-19, las empresas han encontrado en el trabajo h\u00edbrido la posibilidad [&hellip;]<\/p>\n","protected":false},"author":1,"featured_media":24828,"comment_status":"open","ping_status":"open","sticky":false,"template":"","format":"standard","meta":{"site-sidebar-layout":"default","site-content-layout":"","ast-site-content-layout":"default","site-content-style":"default","site-sidebar-style":"default","ast-global-header-display":"","ast-banner-title-visibility":"","ast-main-header-display":"","ast-hfb-above-header-display":"","ast-hfb-below-header-display":"","ast-hfb-mobile-header-display":"","site-post-title":"","ast-breadcrumbs-content":"","ast-featured-img":"","footer-sml-layout":"","theme-transparent-header-meta":"","adv-header-id-meta":"","stick-header-meta":"","header-above-stick-meta":"","header-main-stick-meta":"","header-below-stick-meta":"","astra-migrate-meta-layouts":"default","ast-page-background-enabled":"default","ast-page-background-meta":{"desktop":{"background-color":"var(--ast-global-color-4)","background-image":"","background-repeat":"repeat","background-position":"center center","background-size":"auto","background-attachment":"scroll","background-type":"","background-media":"","overlay-type":"","overlay-color":"","overlay-opacity":"","overlay-gradient":""},"tablet":{"background-color":"","background-image":"","background-repeat":"repeat","background-position":"center center","background-size":"auto","background-attachment":"scroll","background-type":"","background-media":"","overlay-type":"","overlay-color":"","overlay-opacity":"","overlay-gradient":""},"mobile":{"background-color":"","background-image":"","background-repeat":"repeat","background-position":"center center","background-size":"auto","background-attachment":"scroll","background-type":"","background-media":"","overlay-type":"","overlay-color":"","overlay-opacity":"","overlay-gradient":""}},"ast-content-background-meta":{"desktop":{"background-color":"var(--ast-global-color-5)","background-image":"","background-repeat":"repeat","background-position":"center center","background-size":"auto","background-attachment":"scroll","background-type":"","background-media":"","overlay-type":"","overlay-color":"","overlay-opacity":"","overlay-gradient":""},"tablet":{"background-color":"var(--ast-global-color-5)","background-image":"","background-repeat":"repeat","background-position":"center center","background-size":"auto","background-attachment":"scroll","background-type":"","background-media":"","overlay-type":"","overlay-color":"","overlay-opacity":"","overlay-gradient":""},"mobile":{"background-color":"var(--ast-global-color-5)","background-image":"","background-repeat":"repeat","background-position":"center center","background-size":"auto","background-attachment":"scroll","background-type":"","background-media":"","overlay-type":"","overlay-color":"","overlay-opacity":"","overlay-gradient":""}},"footnotes":""},"categories":[8],"tags":[9243,9242,9241],"class_list":["post-24827","post","type-post","status-publish","format-standard","has-post-thumbnail","hentry","category-noticias","tag-home-office","tag-telettabajo","tag-trabajo-hibrido"],"_links":{"self":[{"href":"https:\/\/losperiodistas.com.mx\/portal\/wp-json\/wp\/v2\/posts\/24827","targetHints":{"allow":["GET"]}}],"collection":[{"href":"https:\/\/losperiodistas.com.mx\/portal\/wp-json\/wp\/v2\/posts"}],"about":[{"href":"https:\/\/losperiodistas.com.mx\/portal\/wp-json\/wp\/v2\/types\/post"}],"author":[{"embeddable":true,"href":"https:\/\/losperiodistas.com.mx\/portal\/wp-json\/wp\/v2\/users\/1"}],"replies":[{"embeddable":true,"href":"https:\/\/losperiodistas.com.mx\/portal\/wp-json\/wp\/v2\/comments?post=24827"}],"version-history":[{"count":1,"href":"https:\/\/losperiodistas.com.mx\/portal\/wp-json\/wp\/v2\/posts\/24827\/revisions"}],"predecessor-version":[{"id":24829,"href":"https:\/\/losperiodistas.com.mx\/portal\/wp-json\/wp\/v2\/posts\/24827\/revisions\/24829"}],"wp:featuredmedia":[{"embeddable":true,"href":"https:\/\/losperiodistas.com.mx\/portal\/wp-json\/wp\/v2\/media\/24828"}],"wp:attachment":[{"href":"https:\/\/losperiodistas.com.mx\/portal\/wp-json\/wp\/v2\/media?parent=24827"}],"wp:term":[{"taxonomy":"category","embeddable":true,"href":"https:\/\/losperiodistas.com.mx\/portal\/wp-json\/wp\/v2\/categories?post=24827"},{"taxonomy":"post_tag","embeddable":true,"href":"https:\/\/losperiodistas.com.mx\/portal\/wp-json\/wp\/v2\/tags?post=24827"}],"curies":[{"name":"wp","href":"https:\/\/api.w.org\/{rel}","templated":true}]}}