{"id":2477,"date":"2020-12-17T07:29:57","date_gmt":"2020-12-17T13:29:57","guid":{"rendered":"http:\/\/losperiodistas.com.mx\/portal\/?p=2477"},"modified":"2020-12-17T07:29:57","modified_gmt":"2020-12-17T13:29:57","slug":"las-10-personas-mas-relevantes-para-la-ciencia-de-2020-segun-la-revista-nature-publico","status":"publish","type":"post","link":"https:\/\/losperiodistas.com.mx\/portal\/las-10-personas-mas-relevantes-para-la-ciencia-de-2020-segun-la-revista-nature-publico\/","title":{"rendered":"Las 10 personas m\u00e1s relevantes para la ciencia de 2020 seg\u00fan la revista &#8216;Nature&#8217; | P\u00fablico"},"content":{"rendered":"\n<p style=\"font-size:18px\"><em>En la selecci\u00f3n anual de personajes imprescindibles de la revista cient\u00edfica brit\u00e1nica hay hombres y mujeres que han desarrollado vacunas, test de detecci\u00f3n y medidas epidemiol\u00f3gicas para combatir al coronavirus; pero tambi\u00e9n otros perfiles dedicados al estudio del cambio clim\u00e1tico y al avance contra el dengue. Los editores destacan que ning\u00fan avance es obra de una sola persona: \u00abQue la ciencia es un trabajo en equipo queda especialmente claro este a\u00f1o\u00bb.<\/em><\/p>\n\n\n\n<p class=\"has-vivid-cyan-blue-color has-text-color has-medium-font-size\">SINC\/ Londres\/ P\u00daBLICO<\/p>\n\n\n\n<p id=\"m6-5-7\">Como cada a\u00f1o, la revista&nbsp;<strong>Nature<\/strong>&nbsp;ha publicado el listado con las&nbsp;<strong>diez personas m\u00e1s importantes en la ciencia<\/strong>. La mayor\u00eda de historias seleccionadas tienen conexi\u00f3n con la pandemia que ya ha matado a m\u00e1s de&nbsp;<a href=\"https:\/\/www.publico.es\/luzes\/pandemia-desnudo-capitalismo-espanol.html\" target=\"_blank\" rel=\"noreferrer noopener\">1,6 millones de personas<\/a>, pero tambi\u00e9n hay sitio para quienes han contribuido en la erradicaci\u00f3n de otras enfermedades, en el estudio sobre el&nbsp;<strong>cambio clim\u00e1tico<\/strong>&nbsp;o en la lucha contra la&nbsp;<strong>xenofobia<\/strong>.<\/p>\n\n\n\n<p id=\"m280-1-281\">\u00abLas historias destacan las contribuciones de muchos investigadores, acentuando que ning\u00fan avance es obra de una sola persona. Que la ciencia es un trabajo en equipo queda especialmente claro este a\u00f1o\u00bb, recalca la revista en el editorial que acompa\u00f1a a la lista de seleccionados.<\/p>\n\n\n\n<h2 class=\"wp-block-heading\" id=\"m293-2-294\">Tedros Adhanom Ghebreyesus (Director general de la Organizaci\u00f3n Mundial de la Salud)<\/h2>\n\n\n\n<figure class=\"wp-block-image size-large\"><img fetchpriority=\"high\" decoding=\"async\" width=\"660\" height=\"990\" src=\"https:\/\/losperiodistas.com.mx\/portal\/wp-content\/uploads\/2020\/12\/201030201659_2020031619382714085.jpg\" alt=\"\" class=\"wp-image-2478\" srcset=\"https:\/\/losperiodistas.com.mx\/portal\/wp-content\/uploads\/2020\/12\/201030201659_2020031619382714085.jpg 660w, https:\/\/losperiodistas.com.mx\/portal\/wp-content\/uploads\/2020\/12\/201030201659_2020031619382714085-200x300.jpg 200w\" sizes=\"(max-width: 660px) 100vw, 660px\" \/><\/figure>\n\n\n\n<p id=\"m302-3-303\">Probablemente uno de los rostros m\u00e1s reconocibles en todo el planeta a lo largo de este 2020.&nbsp;<a href=\"https:\/\/twitter.com\/DrTedros\">Tedros Adhanom<\/a>&nbsp;ha sido el encargado de liderar la instituci\u00f3n que ha reunido a todos los pa\u00edses para tratar de dar una respuesta com\u00fan a la covid-19.<\/p>\n\n\n\n<p id=\"m313-4-314\">Peri\u00f3dicamente ha informado sobre los retos, los avances, los riesgos y las amenazas que se iban destapando sobre el coronavirus. Bi\u00f3logo de formaci\u00f3n, Adhanom fue elegido director general de la OMS en 2017, siendo el primer africano (de nacionalidad et\u00edope) en acceder a este cargo.<\/p>\n\n\n\n<h2 class=\"wp-block-heading\" id=\"m353-5-354\">Li Lanjuan (Epidemi\u00f3loga)<\/h2>\n\n\n\n<figure class=\"wp-block-image\" id=\"m972-7-973\"><a href=\"https:\/\/www.publico.es\/uploads\/2020\/12\/16\/5fd9def81e21d.jpeg\"><img decoding=\"async\" src=\"https:\/\/www.publico.es\/files\/article_main_vertical\/\/files\/crop\/uploads\/2020\/12\/16\/5fd9def81e21d.r_1608116044802.68-200-1134-1800.jpeg\" alt=\"La vir\u00f3loga china Li Lanjuan.\"\/><\/a><figcaption>La vir\u00f3loga china Li Lanjuan.&nbsp;<em>\u2014<\/em>&nbsp;<em>Wikipedia<\/em><\/figcaption><\/figure>\n\n\n\n<p id=\"m378-6-379\">La insistencia de esta epidemi\u00f3loga y hepat\u00f3loga ante las autoridades chinas propici\u00f3 que se cerrase la ciudad de Wuhan justo antes de la celebraci\u00f3n del a\u00f1o nuevo chino, al ver el peligro que corr\u00edan sus habitantes.<\/p>\n\n\n\n<p id=\"m389-7-390\">Su actuaci\u00f3n contribuy\u00f3 a frenar y a evitar la propagaci\u00f3n del virus en sus comienzos.<\/p>\n\n\n\n<ul class=\"wp-block-list\"><li><\/li><\/ul>\n\n\n\n<p id=\"m398-8-399\">Ella y su equipo advirtieron tambi\u00e9n de la capacidad del SARS-CoV-2 para mutar y en el peligroso efecto de estas transformaciones sobre las personas.<\/p>\n\n\n\n<p id=\"m407-9-408\">\u00abProporcionamos evidencia directa de que las mutaciones que ocurren naturalmente en el SARS-CoV-2 pueden cambiar sustancialmente su din\u00e1mica de replicaci\u00f3n e infectividad en diversas l\u00edneas celulares humanas, con implicaciones cl\u00ednicas in vivo\u00bb, explicaron en su estudio.<\/p>\n\n\n\n<h2 class=\"wp-block-heading\" id=\"m416-10-417\">Zhang Yongzhen (Vir\u00f3logo)<\/h2>\n\n\n\n<p id=\"m425-11-426\">Antes de desarrollar medicamentos, tratamientos, test o vacunas, tocaba conocer c\u00f3mo era un virus hasta la fecha desconocido. La labor de Yongzhen y su equipo fue fundamental para el resto de investigadores de todo el mundo, determinando r\u00e1pidamente la secuencia de ARN del virus y dando a conocer la informaci\u00f3n.<\/p>\n\n\n\n<ul class=\"wp-block-list\"><li><\/li><\/ul>\n\n\n\n<p id=\"m441-12-442\">\u00abLa secuenciaci\u00f3n del ARN metagen\u00f3mico de una muestra de l\u00edquido de lavado broncoalveolar del paciente identific\u00f3 una nueva cepa de virus ARN de la familia Coronaviridae, que se designa aqu\u00ed como coronavirus &#8216;WH-Human 1&#8217; (y tambi\u00e9n se le conoce como &#8216;2019-nCoV&#8217;)\u00bb, se indicaba en su estudio.<\/p>\n\n\n\n<p id=\"m450-13-451\">No solo envi\u00f3 de inmediato los datos del genoma del SARS-CoV-2 el 5 de enero a la base de datos internacional, GenBank, sino que al ver que hab\u00eda un retraso en el procesamiento de la presentaci\u00f3n de su laboratorio aceler\u00f3 su publicaci\u00f3n al p\u00fablico al publicar los datos a trav\u00e9s del foro de discusi\u00f3n virological.org.<\/p>\n\n\n\n<figure class=\"wp-block-image\" id=\"m1043-17-1044\"><a href=\"https:\/\/www.publico.es\/uploads\/2020\/12\/16\/5fd9dfceacebd.jpeg\"><img decoding=\"async\" src=\"https:\/\/www.publico.es\/files\/article_main_vertical\/\/files\/crop\/uploads\/2020\/12\/16\/5fd9dfceacebd.r_1608116055654.22-0-241-329.jpeg\" alt=\"Gonzalo Moratorio y su perro Omar.\"\/><\/a><figcaption>Gonzalo Moratorio y su perro Omar.&nbsp;<em>\u2014<\/em>&nbsp;<em>Twitter<\/em><\/figcaption><\/figure>\n\n\n\n<h2 class=\"wp-block-heading\" id=\"m469-14-470\">Gonzalo Moratorio (Vir\u00f3logo)<\/h2>\n\n\n\n<p id=\"m482-15-483\">En fase de expansi\u00f3n, tocaba controlar el virus. Ah\u00ed, el papel tanto de Gonzalo Moratorio, vir\u00f3logo uruguayo, como de sus colegas fue primordial.<\/p>\n\n\n\n<p id=\"m493-16-494\">Su equipo de investigadores del Laboratorio de Virolog\u00eda Molecular de la Facultad de Ciencias de UdelaR y el Laboratorio de Evoluci\u00f3n y Experimentaci\u00f3n de Virus del Institut Pasteur obtuvo una f\u00f3rmula para desarrollar test de serolog\u00eda con los que detectar anticuerpos del coronavirus en poco tiempo.<\/p>\n\n\n\n<p id=\"m502-17-503\">En concreto, y gracias a su labor, Uruguay logr\u00f3 fabricar 1.000 kits al d\u00eda para ampliar la capacidad de diagn\u00f3stico a nivel local. Para Nature, su contribuci\u00f3n \u00abayud\u00f3 a su pa\u00eds [Uruguay] a eludir una avalancha de infecciones y muertes\u00bb.<\/p>\n\n\n\n<h2 class=\"wp-block-heading\" id=\"m511-18-512\">Kathrin Jansen (Jefa de Investigaci\u00f3n y Desarrollo de Vacunas en Pfizer)<\/h2>\n\n\n\n<figure class=\"wp-block-image\" id=\"m1105-22-1106\"><a href=\"https:\/\/www.publico.es\/uploads\/2020\/12\/16\/5fd9e056be28b.png\"><img decoding=\"async\" src=\"https:\/\/www.publico.es\/files\/article_main_vertical\/\/files\/crop\/uploads\/2020\/12\/16\/5fd9e056be28b.r_1608116062554.252-0-439-278.png\" alt=\"Kathrin Jansen.\"\/><\/a><figcaption>Kathrin Jansen.&nbsp;<em>\u2014<\/em>&nbsp;<em>Pfizer<\/em><\/figcaption><\/figure>\n\n\n\n<p id=\"m523-19-524\">Desde una fase muy temprana, la ciudadan\u00eda deposit\u00f3 sus esperanzas en el desarrollo de una vacuna eficaz. Precisamente, Kathrin Jansen es responsable directa de que durante estos d\u00edas estemos asistiendo a las primeras vacunaciones a nivel internacional contra el coronavirus.<\/p>\n\n\n\n<p id=\"m534-20-535\">Para Nature, Jansen dirigi\u00f3 un equipo que trajo esperanza al mundo al crear una vacuna cl\u00ednicamente exitosa en un r\u00e9cord de tan solo 210 d\u00edas.<\/p>\n\n\n\n<p id=\"m543-21-544\">\u00abNadie est\u00e1 a salvo de esta enfermedad. Ha quedado muy claro, especialmente ahora con el aumento de casos en todo el mundo, y tambi\u00e9n en EE UU, que necesitamos una vacuna para acabar con esta devastadora pandemia\u00bb, manifest\u00f3 recientemente, tras obtener la aprobaci\u00f3n de la Administraci\u00f3n de Alimentos y Medicamentos de EE UU (FDA, en ingl\u00e9s).<\/p>\n\n\n\n<h2 class=\"wp-block-heading\" id=\"m552-22-553\">Anthony Fauci (Director del Instituto Nacional de Alergias y Enfermedades Infecciosas de EE UU)<\/h2>\n\n\n\n<figure class=\"wp-block-image\" id=\"m1139-27-1140\"><a href=\"https:\/\/www.publico.es\/uploads\/2020\/07\/01\/5efc539e1b3b2.jpeg\"><img decoding=\"async\" src=\"https:\/\/www.publico.es\/files\/article_main_vertical\/\/files\/crop\/uploads\/2020\/07\/01\/5efc539e1b3b2.r_1608116068702.676-0-1278-907.jpeg\" alt=\"El epidemi\u00f3logo jefe de la Casa Blanca, Anthony Fauci. EFE\/Al Drago\"\/><\/a><figcaption>El epidemi\u00f3logo jefe de la Casa Blanca, Anthony Fauci. \u2014 EFE<\/figcaption><\/figure>\n\n\n\n<p id=\"m564-23-565\">Experto en enfermedades infecciosas, Fauci se vio obligado en 2020 a adoptar un rol que nunca hubiera imaginado. Al igual que ocurriera en Espa\u00f1a con Fernando Sim\u00f3n, este inmun\u00f3logo se convirti\u00f3 en la cara p\u00fablica de la respuesta al coronavirus del gobierno de EE UU.<\/p>\n\n\n\n<p id=\"m575-24-576\">La revista ha galardonado al doctor en Medicina por \u00abproporcionar informaci\u00f3n fiable a una poblaci\u00f3n preocupada y desafiar la informaci\u00f3n err\u00f3nea difundida por el presidente Donald Trump\u00bb. Como portavoz, Fauci ha aconsejado al pa\u00eds tomar precauciones frente al virus, como la utilizaci\u00f3n de mascarillas o evitar riesgos innecesarios.<\/p>\n\n\n\n<p id=\"m584-25-585\">A pesar del cambio de mandatario en la Casa Blanca, el equipo de comunicaci\u00f3n de Joe Biden anunci\u00f3 que Fauci ser\u00e1 la \u00abvoz esencial\u00bb de la futura administraci\u00f3n de todo lo que concierne al coronavirus.<\/p>\n\n\n\n<h2 class=\"wp-block-heading\" id=\"m593-26-594\">Jacinda Ardern (Primera Ministra de Nueva Zelanda)<\/h2>\n\n\n\n<figure class=\"wp-block-image\" id=\"m1349-32-1350\"><a href=\"https:\/\/www.publico.es\/files\/article_main\/uploads\/2020\/11\/02\/201102095621_2020110209533148450.jpg\"><img decoding=\"async\" src=\"https:\/\/www.publico.es\/files\/article_main\/uploads\/2020\/11\/02\/201102095621_2020110209533148450.jpg\" alt=\"Jacinda Ardern gobernar\u00e1 con los Verdes en Nueva Zelanda\"\/><\/a><figcaption>La Primera Ministra de Nueva Zelanda, Jacinda Ardern.&nbsp;\u2014 ARCHIVO&nbsp;<\/figcaption><\/figure>\n\n\n\n<p id=\"m605-27-606\">Con tan solo poco m\u00e1s de un a\u00f1o ocupando el cargo de primera Ministra de Nueva Zelanda, Jacinda Ardern se ha consagrado como una de las pol\u00edticas m\u00e1s eficaces del panorama internacional.<\/p>\n\n\n\n<p id=\"m616-28-617\">Su r\u00e1pida y decisiva gesti\u00f3n del pa\u00eds, cerrando fronteras mucho antes que otras naciones, mantuvo a Nueva Zelanda relativamente a salvo del virus. Todo ello sin perder la confianza de los ciudadanos.<\/p>\n\n\n\n<p id=\"m625-29-626\">Seg\u00fan datos del Centro de ciencia e ingenier\u00eda de sistemas (CSSE) de la Universidad Johns Hopkins, en Nueva Zelanda se han producido un total de 2.096 contagios por coronavirus a lo largo de toda la pandemia, de los cuales 25 personas han perdido la vida.<\/p>\n\n\n\n<h2 class=\"wp-block-heading\" id=\"m634-30-635\">Chanda Prescod-Weinstein (Cosm\u00f3loga)<\/h2>\n\n\n\n<p id=\"m646-31-647\">Al margen del coronavirus, una de las noticias que m\u00e1s impact\u00f3 al mundo fue la violenta muerte de George Floyd, un hombre negro y desarmado, a manos de la polic\u00eda estadounidense.<\/p>\n\n\n\n<p id=\"m657-32-658\">Chanda Prescod-Weinstein, investigadora de la Universidad de New Hampshire, fue una de las voces m\u00e1s que m\u00e1s resonaron entre la comunidad cient\u00edfica. Junto a otros, consigui\u00f3 paralizar la ciencia durante un d\u00eda en se\u00f1al de protesta contra el racismo sist\u00e9mico en las instituciones cient\u00edficas.<\/p>\n\n\n\n<p id=\"m666-33-667\">En uno de sus actos m\u00e1s medi\u00e1ticos, lograron que miles de cient\u00edficos e instituciones relacionadas con la ciencia en todo el mundo participasen el pasado 10 de junio en un par\u00f3n de las actividades cient\u00edficas como protesta contra el racismo y las desigualdades, en lo que bautizaron como Huelga por la Vidas Negras.<\/p>\n\n\n\n<h2 class=\"wp-block-heading\" id=\"m676-34-677\">Adi Utarini (Investigadora de salud p\u00fablica)<\/h2>\n\n\n\n<p id=\"m690-35-691\">La liberaci\u00f3n de mosquitos modificados para transportar una bacteria llamada Wolbachia, la cual evita que los insectos transmitan algunos virus, provoc\u00f3 una fuerte ca\u00edda de los casos de dengue en la ciudad de Yogyakarta, Indonesia.<\/p>\n\n\n\n<p id=\"m701-36-702\">Esta fue la principal conclusi\u00f3n de un gran estudio publicado en Nature codirigido por Adi Utarini, investigadora de salud p\u00fablica incluida en este listado de la revista Nature. Para obtener los datos, Utarini y su equipo comprobaron que las zonas de la ciudad en las que soltaron ejemplares de sus mosquitos (de la especie Aedes aegypti) hab\u00edan reducido las tasas de dengue un 77 %.<\/p>\n\n\n\n<p id=\"m710-37-711\">\u00abEste es un gran avance, una nueva esperanza para nosotros y, con suerte, para el programa [World Mosquito Program]\u00bb, coment\u00f3 a la revista en agosto.<\/p>\n\n\n\n<h2 class=\"wp-block-heading\" id=\"m719-38-720\">Verena Mohaupt (Jefa de log\u00edstica en una expedici\u00f3n polar)<\/h2>\n\n\n\n<figure class=\"wp-block-image\" id=\"m1505-45-1506\"><a href=\"https:\/\/www.publico.es\/uploads\/2020\/12\/16\/5fd9e3bf3d3c9.jpeg\"><img decoding=\"async\" src=\"https:\/\/www.publico.es\/files\/article_main_vertical\/uploads\/2020\/12\/16\/5fd9e3bf3d3c9.jpeg\" alt=\"Verena Mohaupt.\"\/><\/a><figcaption>Verena Mohaupt.&nbsp;<em>\u2014<\/em>&nbsp;<em>MOSAiC Expedition<\/em><\/figcaption><\/figure>\n\n\n\n<p id=\"m734-39-735\">El pasado 20 de septiembre, la expedici\u00f3n MOSAiC part\u00eda en un rompehielos hacia el \u00c1rtico Central, donde permaneci\u00f3 m\u00e1s de un a\u00f1o atrapado en el hielo para estudiar el cambio clim\u00e1tico.<\/p>\n\n\n\n<p id=\"m745-40-746\">Si ni el fr\u00edo extremo, ni los osos polares ni el propio coronavirus pusieron en peligro la investigaci\u00f3n ni a los m\u00e1s de 400 expertos que participaron fue gracias a la pericia de Verena Mohaupt, la jefa de log\u00edstica de nacionalidad alemana que logr\u00f3 mantenerlos a salvo. En su perfil dentro de la web de la expedici\u00f3n ella misma define su misi\u00f3n con esta frase: \u00abMe aseguro de que todo el resto del equipo puede hacer ciencia\u00bb.<\/p>\n\n\n\n<p>Fuente: https:\/\/www.publico.es\/sociedad\/ciencia-e-investigacion-10-personas-relevantes-ciencia-2020-revista-nature.html<\/p>\n","protected":false},"excerpt":{"rendered":"<p>En la selecci\u00f3n anual de personajes imprescindibles de la revista cient\u00edfica brit\u00e1nica hay hombres y mujeres que han desarrollado vacunas, [&hellip;]<\/p>\n","protected":false},"author":1,"featured_media":2479,"comment_status":"open","ping_status":"open","sticky":false,"template":"","format":"standard","meta":{"site-sidebar-layout":"default","site-content-layout":"","ast-site-content-layout":"default","site-content-style":"default","site-sidebar-style":"default","ast-global-header-display":"","ast-banner-title-visibility":"","ast-main-header-display":"","ast-hfb-above-header-display":"","ast-hfb-below-header-display":"","ast-hfb-mobile-header-display":"","site-post-title":"","ast-breadcrumbs-content":"","ast-featured-img":"","footer-sml-layout":"","theme-transparent-header-meta":"","adv-header-id-meta":"","stick-header-meta":"","header-above-stick-meta":"","header-main-stick-meta":"","header-below-stick-meta":"","astra-migrate-meta-layouts":"default","ast-page-background-enabled":"default","ast-page-background-meta":{"desktop":{"background-color":"var(--ast-global-color-4)","background-image":"","background-repeat":"repeat","background-position":"center center","background-size":"auto","background-attachment":"scroll","background-type":"","background-media":"","overlay-type":"","overlay-color":"","overlay-opacity":"","overlay-gradient":""},"tablet":{"background-color":"","background-image":"","background-repeat":"repeat","background-position":"center center","background-size":"auto","background-attachment":"scroll","background-type":"","background-media":"","overlay-type":"","overlay-color":"","overlay-opacity":"","overlay-gradient":""},"mobile":{"background-color":"","background-image":"","background-repeat":"repeat","background-position":"center center","background-size":"auto","background-attachment":"scroll","background-type":"","background-media":"","overlay-type":"","overlay-color":"","overlay-opacity":"","overlay-gradient":""}},"ast-content-background-meta":{"desktop":{"background-color":"var(--ast-global-color-5)","background-image":"","background-repeat":"repeat","background-position":"center center","background-size":"auto","background-attachment":"scroll","background-type":"","background-media":"","overlay-type":"","overlay-color":"","overlay-opacity":"","overlay-gradient":""},"tablet":{"background-color":"var(--ast-global-color-5)","background-image":"","background-repeat":"repeat","background-position":"center center","background-size":"auto","background-attachment":"scroll","background-type":"","background-media":"","overlay-type":"","overlay-color":"","overlay-opacity":"","overlay-gradient":""},"mobile":{"background-color":"var(--ast-global-color-5)","background-image":"","background-repeat":"repeat","background-position":"center center","background-size":"auto","background-attachment":"scroll","background-type":"","background-media":"","overlay-type":"","overlay-color":"","overlay-opacity":"","overlay-gradient":""}},"footnotes":""},"categories":[8],"tags":[],"class_list":["post-2477","post","type-post","status-publish","format-standard","has-post-thumbnail","hentry","category-noticias"],"_links":{"self":[{"href":"https:\/\/losperiodistas.com.mx\/portal\/wp-json\/wp\/v2\/posts\/2477","targetHints":{"allow":["GET"]}}],"collection":[{"href":"https:\/\/losperiodistas.com.mx\/portal\/wp-json\/wp\/v2\/posts"}],"about":[{"href":"https:\/\/losperiodistas.com.mx\/portal\/wp-json\/wp\/v2\/types\/post"}],"author":[{"embeddable":true,"href":"https:\/\/losperiodistas.com.mx\/portal\/wp-json\/wp\/v2\/users\/1"}],"replies":[{"embeddable":true,"href":"https:\/\/losperiodistas.com.mx\/portal\/wp-json\/wp\/v2\/comments?post=2477"}],"version-history":[{"count":1,"href":"https:\/\/losperiodistas.com.mx\/portal\/wp-json\/wp\/v2\/posts\/2477\/revisions"}],"predecessor-version":[{"id":2480,"href":"https:\/\/losperiodistas.com.mx\/portal\/wp-json\/wp\/v2\/posts\/2477\/revisions\/2480"}],"wp:featuredmedia":[{"embeddable":true,"href":"https:\/\/losperiodistas.com.mx\/portal\/wp-json\/wp\/v2\/media\/2479"}],"wp:attachment":[{"href":"https:\/\/losperiodistas.com.mx\/portal\/wp-json\/wp\/v2\/media?parent=2477"}],"wp:term":[{"taxonomy":"category","embeddable":true,"href":"https:\/\/losperiodistas.com.mx\/portal\/wp-json\/wp\/v2\/categories?post=2477"},{"taxonomy":"post_tag","embeddable":true,"href":"https:\/\/losperiodistas.com.mx\/portal\/wp-json\/wp\/v2\/tags?post=2477"}],"curies":[{"name":"wp","href":"https:\/\/api.w.org\/{rel}","templated":true}]}}