{"id":24480,"date":"2022-03-24T19:18:36","date_gmt":"2022-03-25T01:18:36","guid":{"rendered":"http:\/\/losperiodistas.com.mx\/portal\/?p=24480"},"modified":"2022-03-24T19:22:07","modified_gmt":"2022-03-25T01:22:07","slug":"amlo-se-disculpo-con-banxico-tras-filtracion-de-la-tasa-de-interes-pense-que-se-habia-hecho-publico","status":"publish","type":"post","link":"https:\/\/losperiodistas.com.mx\/portal\/amlo-se-disculpo-con-banxico-tras-filtracion-de-la-tasa-de-interes-pense-que-se-habia-hecho-publico\/","title":{"rendered":"AMLO se disculp\u00f3 con Banxico tras filtraci\u00f3n de la tasa de inter\u00e9s: \u201cPens\u00e9 que se hab\u00eda hecho p\u00fablico\u201d | Infobae"},"content":{"rendered":"\n<p><em>Durante la conferencia ma\u00f1anera, el mandatario federal adelant\u00f3 que el Banco de M\u00e9xico decidi\u00f3 aumentar la tasa de inter\u00e9s de manera un\u00e1nime, por lo que se ubicar\u00e1 en 6.5%<\/em><\/p>\n\n\n\n<p><\/p>\n\n\n\n<figure class=\"wp-block-image size-large\"><img fetchpriority=\"high\" decoding=\"async\" width=\"1024\" height=\"578\" src=\"https:\/\/losperiodistas.com.mx\/portal\/wp-content\/uploads\/2022\/03\/Captura-de-Pantalla-2022-03-24-a-las-19.14.19-1024x578.png\" alt=\"\" class=\"wp-image-24481\" srcset=\"https:\/\/losperiodistas.com.mx\/portal\/wp-content\/uploads\/2022\/03\/Captura-de-Pantalla-2022-03-24-a-las-19.14.19-1024x578.png 1024w, https:\/\/losperiodistas.com.mx\/portal\/wp-content\/uploads\/2022\/03\/Captura-de-Pantalla-2022-03-24-a-las-19.14.19-300x169.png 300w, https:\/\/losperiodistas.com.mx\/portal\/wp-content\/uploads\/2022\/03\/Captura-de-Pantalla-2022-03-24-a-las-19.14.19-768x433.png 768w, https:\/\/losperiodistas.com.mx\/portal\/wp-content\/uploads\/2022\/03\/Captura-de-Pantalla-2022-03-24-a-las-19.14.19.png 1510w\" sizes=\"(max-width: 1024px) 100vw, 1024px\" \/><figcaption>https:\/\/wEl presidente acudi\u00f3 a la 85\u00ba conferencia bancaria en Acapulco, Guerrero (Foto: Presidencia de la Rep\u00fablica)<\/figcaption><\/figure>\n\n\n\n<p><a href=\"https:\/\/www.infobae.com\/america\/mexico\/2022\/03\/25\/amlo-se-disculpo-con-banxico-tras-filtracion-de-la-tasa-de-interes-pense-que-se-habia-hecho-publico\/\">https:\/\/www.infobae.com\/america\/mexico\/2022\/03\/25\/amlo-se-disculpo-con-banxico-tras-filtracion-de-la-tasa-de-interes-pense-que-se-habia-hecho-publico\/<\/a><\/p>\n\n\n\n<p><\/p>\n\n\n\n<p class=\"has-vivid-cyan-blue-color has-text-color has-medium-font-size\">INFOBAE<\/p>\n\n\n\n<p>El presidente&nbsp;<strong>Andr\u00e9s Manuel L\u00f3pez Obrador (AMLO)<\/strong>&nbsp;ofreci\u00f3 una disculpa a la gobernadora del&nbsp;<strong>Banco de M\u00e9xico<\/strong>&nbsp;(Banxico),&nbsp;<strong>Victoria Rodr\u00edguez Ceja<\/strong>, as\u00ed como a los vicegobernadores e integrantes de la Junta de Gobierno por haber dado a conocer el aumento en la tasa de inter\u00e9s del pa\u00eds antes que la entidad financiera durante la conferencia ma\u00f1anera de este jueves.<\/p>\n\n\n\n<p>En su intervenci\u00f3n en la 85\u00ba conferencia bancaria, celebrada en Acapulco, Guerrero, el mandatario mexicano indic\u00f3 que recibi\u00f3 la noticia durante la noche del mi\u00e9rcoles 23 de marzo, por lo que&nbsp;<strong>pens\u00f3 que \u00e9sta ya era p\u00fablica<\/strong>&nbsp;y asever\u00f3 que su intenci\u00f3n nunca fue pasar por encima de la autonom\u00eda de Banxico.<\/p>\n\n\n\n<blockquote class=\"wp-block-quote is-layout-flow wp-block-quote-is-layout-flow\"><p>\u201cPens\u00e9 que ya se hab\u00eda hecho p\u00fablico y hoy por la ma\u00f1ana habl\u00e9 del tema, pero quiero reafirmar mi compromiso de respetar la autonom\u00eda del Banco de M\u00e9xico\u201d<\/p><\/blockquote>\n\n\n\n<p><img decoding=\"async\" alt=\"El presidente acudi\u00f3 a la 85\u00ba conferencia bancaria en Acapulco, Guerrero (Foto: Presidencia de la Rep\u00fablica)\" height=\"683\" width=\"1024\" class=\"\" src=\"https:\/\/cloudfront-us-east-1.images.arcpublishing.com\/infobae\/TK5P6MGEJBBV5KZEH2SZENGSTA.jpeg\" srcset=\"https:\/\/www.infobae.com\/new-resizer\/LK0pRvHrTeVIHnwhj16O_4bU2_Q=\/420x280\/filters:format(webp):quality(85)\/cloudfront-us-east-1.images.arcpublishing.com\/infobae\/TK5P6MGEJBBV5KZEH2SZENGSTA.jpeg 420w,https:\/\/www.infobae.com\/new-resizer\/QA5aTilW_3M6RuKfK3L_GXmcEFA=\/768x512\/filters:format(webp):quality(85)\/cloudfront-us-east-1.images.arcpublishing.com\/infobae\/TK5P6MGEJBBV5KZEH2SZENGSTA.jpeg 768w,https:\/\/www.infobae.com\/new-resizer\/Fxv8oitnQyQwxB27qwmhPZyNPto=\/992x661\/filters:format(webp):quality(85)\/cloudfront-us-east-1.images.arcpublishing.com\/infobae\/TK5P6MGEJBBV5KZEH2SZENGSTA.jpeg 992w,https:\/\/www.infobae.com\/new-resizer\/xgomeoc217-XadQ6dTKRk3jl-XA=\/1200x800\/filters:format(webp):quality(85)\/cloudfront-us-east-1.images.arcpublishing.com\/infobae\/TK5P6MGEJBBV5KZEH2SZENGSTA.jpeg 1200w,https:\/\/www.infobae.com\/new-resizer\/89f1cv01yxcrkFnhyq0HMwXg2ro=\/1440x960\/filters:format(webp):quality(85)\/cloudfront-us-east-1.images.arcpublishing.com\/infobae\/TK5P6MGEJBBV5KZEH2SZENGSTA.jpeg 1440w\">El presidente acudi\u00f3 a la 85\u00ba conferencia bancaria en Acapulco, Guerrero (Foto: Presidencia de la Rep\u00fablica)<\/p>\n\n\n\n<p>Y es que durante su tradicional pl\u00e1tica con los medios de comunicaci\u00f3n en Palacio Nacional,&nbsp;<strong>el mandatario mexicano \u201c<\/strong><a href=\"https:\/\/www.infobae.com\/america\/mexico\/2022\/03\/24\/banxico-aumentara-en-05-la-tasa-de-interes-para-controlar-el-aumento-de-precios-amlo\/\" target=\"_blank\" rel=\"noreferrer noopener\"><strong>adelant\u00f3<\/strong><\/a><strong>\u201d al Banco de M\u00e9xico<\/strong>&nbsp;y puntualiz\u00f3 que, de forma un\u00e1nime, se decidi\u00f3 aumenta la tasa de inter\u00e9s en 50 puntos base, lo que la coloca en 6.5%.<\/p>\n\n\n\n<p>\u201cAyer, aqu\u00ed en M\u00e9xico, el Banco de M\u00e9xico aument\u00f3 la tasa de inter\u00e9s .50 (por ciento). Vamos a tener una tasa de inter\u00e9s de 6.5%, porque&nbsp;<strong>cuando aumentan las tasas de inter\u00e9s hay menos inversi\u00f3n y se supone que baja la inflaci\u00f3<\/strong>n. Es un mecanismo de control\u201d, se\u00f1al\u00f3 en el Sal\u00f3n Tesorer\u00eda.<\/p>\n\n\n\n<p>Adem\u00e1s, agreg\u00f3 que cuando \u00e9l asumi\u00f3 su cargo como titular de la presidencia de la Rep\u00fablica&nbsp;<strong>la tasa de inter\u00e9s era de 8% e hizo que bajara hasta el 4%.<\/strong><img decoding=\"async\" alt=\"En el evento de la Asociaci\u00f3n de Bancos de M\u00e9xico (ABM) tambi\u00e9n se reconoci\u00f3 a todo el personal de la banca por su compromiso y entrega para mantener en funcionamiento los servicios bancarios durante la pandemia de COVID-19 (Foto: Presidencia de la Rep\u00fablica)\" height=\"683\" width=\"1024\" class=\"\" src=\"https:\/\/cloudfront-us-east-1.images.arcpublishing.com\/infobae\/HRYHILBYFZBWJMSU7UJWPIT4EY.jpeg\" srcset=\"https:\/\/www.infobae.com\/new-resizer\/n9MkH1s3ZINYXu9l08XeHXquZ7s=\/420x280\/filters:format(webp):quality(85)\/cloudfront-us-east-1.images.arcpublishing.com\/infobae\/HRYHILBYFZBWJMSU7UJWPIT4EY.jpeg 420w,https:\/\/www.infobae.com\/new-resizer\/-4QZDzsjqGhA_EjdLsOdSkJQns4=\/768x512\/filters:format(webp):quality(85)\/cloudfront-us-east-1.images.arcpublishing.com\/infobae\/HRYHILBYFZBWJMSU7UJWPIT4EY.jpeg 768w,https:\/\/www.infobae.com\/new-resizer\/CIv4816BKcw1z05lnHV61wbWLB4=\/992x661\/filters:format(webp):quality(85)\/cloudfront-us-east-1.images.arcpublishing.com\/infobae\/HRYHILBYFZBWJMSU7UJWPIT4EY.jpeg 992w,https:\/\/www.infobae.com\/new-resizer\/xZvof-mfEfEbOpV4lsaH_1fF-sQ=\/1200x800\/filters:format(webp):quality(85)\/cloudfront-us-east-1.images.arcpublishing.com\/infobae\/HRYHILBYFZBWJMSU7UJWPIT4EY.jpeg 1200w,https:\/\/www.infobae.com\/new-resizer\/nqdo1NqWS49ivtRhKirUfho1-go=\/1440x960\/filters:format(webp):quality(85)\/cloudfront-us-east-1.images.arcpublishing.com\/infobae\/HRYHILBYFZBWJMSU7UJWPIT4EY.jpeg 1440w\">En el evento de la Asociaci\u00f3n de Bancos de M\u00e9xico (ABM) tambi\u00e9n se reconoci\u00f3 a todo el personal de la banca por su compromiso y entrega para mantener en funcionamiento los servicios bancarios durante la pandemia de COVID-19 (Foto: Presidencia de la Rep\u00fablica)<\/p>\n\n\n\n<p><em>Informaci\u00f3n en desarrollo\u2026<\/em><\/p>\n\n\n\n<p>Fuente: https:\/\/www.infobae.com\/america\/mexico\/2022\/03\/25\/amlo-se-disculpo-con-banxico-tras-filtracion-de-la-tasa-de-interes-pense-que-se-habia-hecho-publico\/<\/p>\n","protected":false},"excerpt":{"rendered":"<p>Durante la conferencia ma\u00f1anera, el mandatario federal adelant\u00f3 que el Banco de M\u00e9xico decidi\u00f3 aumentar la tasa de inter\u00e9s de [&hellip;]<\/p>\n","protected":false},"author":1,"featured_media":24481,"comment_status":"open","ping_status":"open","sticky":false,"template":"","format":"standard","meta":{"site-sidebar-layout":"default","site-content-layout":"","ast-site-content-layout":"default","site-content-style":"default","site-sidebar-style":"default","ast-global-header-display":"","ast-banner-title-visibility":"","ast-main-header-display":"","ast-hfb-above-header-display":"","ast-hfb-below-header-display":"","ast-hfb-mobile-header-display":"","site-post-title":"","ast-breadcrumbs-content":"","ast-featured-img":"","footer-sml-layout":"","theme-transparent-header-meta":"","adv-header-id-meta":"","stick-header-meta":"","header-above-stick-meta":"","header-main-stick-meta":"","header-below-stick-meta":"","astra-migrate-meta-layouts":"default","ast-page-background-enabled":"default","ast-page-background-meta":{"desktop":{"background-color":"var(--ast-global-color-4)","background-image":"","background-repeat":"repeat","background-position":"center center","background-size":"auto","background-attachment":"scroll","background-type":"","background-media":"","overlay-type":"","overlay-color":"","overlay-opacity":"","overlay-gradient":""},"tablet":{"background-color":"","background-image":"","background-repeat":"repeat","background-position":"center center","background-size":"auto","background-attachment":"scroll","background-type":"","background-media":"","overlay-type":"","overlay-color":"","overlay-opacity":"","overlay-gradient":""},"mobile":{"background-color":"","background-image":"","background-repeat":"repeat","background-position":"center center","background-size":"auto","background-attachment":"scroll","background-type":"","background-media":"","overlay-type":"","overlay-color":"","overlay-opacity":"","overlay-gradient":""}},"ast-content-background-meta":{"desktop":{"background-color":"var(--ast-global-color-5)","background-image":"","background-repeat":"repeat","background-position":"center center","background-size":"auto","background-attachment":"scroll","background-type":"","background-media":"","overlay-type":"","overlay-color":"","overlay-opacity":"","overlay-gradient":""},"tablet":{"background-color":"var(--ast-global-color-5)","background-image":"","background-repeat":"repeat","background-position":"center center","background-size":"auto","background-attachment":"scroll","background-type":"","background-media":"","overlay-type":"","overlay-color":"","overlay-opacity":"","overlay-gradient":""},"mobile":{"background-color":"var(--ast-global-color-5)","background-image":"","background-repeat":"repeat","background-position":"center center","background-size":"auto","background-attachment":"scroll","background-type":"","background-media":"","overlay-type":"","overlay-color":"","overlay-opacity":"","overlay-gradient":""}},"footnotes":""},"categories":[8],"tags":[199,9117],"class_list":["post-24480","post","type-post","status-publish","format-standard","has-post-thumbnail","hentry","category-noticias","tag-amlo","tag-autonomia-banxico"],"_links":{"self":[{"href":"https:\/\/losperiodistas.com.mx\/portal\/wp-json\/wp\/v2\/posts\/24480","targetHints":{"allow":["GET"]}}],"collection":[{"href":"https:\/\/losperiodistas.com.mx\/portal\/wp-json\/wp\/v2\/posts"}],"about":[{"href":"https:\/\/losperiodistas.com.mx\/portal\/wp-json\/wp\/v2\/types\/post"}],"author":[{"embeddable":true,"href":"https:\/\/losperiodistas.com.mx\/portal\/wp-json\/wp\/v2\/users\/1"}],"replies":[{"embeddable":true,"href":"https:\/\/losperiodistas.com.mx\/portal\/wp-json\/wp\/v2\/comments?post=24480"}],"version-history":[{"count":2,"href":"https:\/\/losperiodistas.com.mx\/portal\/wp-json\/wp\/v2\/posts\/24480\/revisions"}],"predecessor-version":[{"id":24483,"href":"https:\/\/losperiodistas.com.mx\/portal\/wp-json\/wp\/v2\/posts\/24480\/revisions\/24483"}],"wp:featuredmedia":[{"embeddable":true,"href":"https:\/\/losperiodistas.com.mx\/portal\/wp-json\/wp\/v2\/media\/24481"}],"wp:attachment":[{"href":"https:\/\/losperiodistas.com.mx\/portal\/wp-json\/wp\/v2\/media?parent=24480"}],"wp:term":[{"taxonomy":"category","embeddable":true,"href":"https:\/\/losperiodistas.com.mx\/portal\/wp-json\/wp\/v2\/categories?post=24480"},{"taxonomy":"post_tag","embeddable":true,"href":"https:\/\/losperiodistas.com.mx\/portal\/wp-json\/wp\/v2\/tags?post=24480"}],"curies":[{"name":"wp","href":"https:\/\/api.w.org\/{rel}","templated":true}]}}