{"id":24440,"date":"2022-03-24T10:01:31","date_gmt":"2022-03-24T16:01:31","guid":{"rendered":"http:\/\/losperiodistas.com.mx\/portal\/?p=24440"},"modified":"2022-03-24T10:01:33","modified_gmt":"2022-03-24T16:01:33","slug":"eduardo-rivera-anuncia-aumento-de-salarios-a-empleados-sindicalizados","status":"publish","type":"post","link":"https:\/\/losperiodistas.com.mx\/portal\/eduardo-rivera-anuncia-aumento-de-salarios-a-empleados-sindicalizados\/","title":{"rendered":"Eduardo Rivera anuncia aumento de salarios a empleados sindicalizados"},"content":{"rendered":"\n<p><em>4.5 por ciento a su sueldo base y del 6 por ciento a su aportaci\u00f3n de seguro social<\/em><\/p>\n\n\n\n<figure class=\"wp-block-image size-large\"><img fetchpriority=\"high\" decoding=\"async\" width=\"1024\" height=\"682\" src=\"https:\/\/losperiodistas.com.mx\/portal\/wp-content\/uploads\/2022\/03\/WhatsApp-Image-2022-03-24-at-9.40.39-AM-1024x682.jpeg\" alt=\"\" class=\"wp-image-24441\" srcset=\"https:\/\/losperiodistas.com.mx\/portal\/wp-content\/uploads\/2022\/03\/WhatsApp-Image-2022-03-24-at-9.40.39-AM-1024x682.jpeg 1024w, https:\/\/losperiodistas.com.mx\/portal\/wp-content\/uploads\/2022\/03\/WhatsApp-Image-2022-03-24-at-9.40.39-AM-300x200.jpeg 300w, https:\/\/losperiodistas.com.mx\/portal\/wp-content\/uploads\/2022\/03\/WhatsApp-Image-2022-03-24-at-9.40.39-AM-768x512.jpeg 768w, https:\/\/losperiodistas.com.mx\/portal\/wp-content\/uploads\/2022\/03\/WhatsApp-Image-2022-03-24-at-9.40.39-AM.jpeg 1280w\" sizes=\"(max-width: 1024px) 100vw, 1024px\" \/><figcaption>Ayuntamiento de Puebla<\/figcaption><\/figure>\n\n\n\n<p><\/p>\n\n\n\n<p class=\"has-vivid-cyan-blue-color has-text-color has-medium-font-size\">REDACCI\u00d3N<\/p>\n\n\n\n<p>El Ayuntamiento de Puebla y el Sindicato \u00danico de Empleados y Trabajadores \u00abBenito Ju\u00e1rez Garc\u00eda\u00bb (SUETHAPIPOPD) alcanzaron un acuerdo para mejorar las condiciones laborales del cuerpo institucional agremiado, el cual considera un incremento del 4.5 por ciento a su sueldo base y del 6 por ciento a su aportaci\u00f3n de seguro social.<\/p>\n\n\n\n<p>Otras prestaciones y beneficios ser\u00e1n otorgados como parte de este nuevo convenio contractual; bonos en los meses de febrero, abril y noviembre, vales de despensa, d\u00edas extra de prima vacacional y de permiso en caso de maternidad o paternidad, apoyos para el transporte, \u00fatiles escolares, anteojos y canasta b\u00e1sica, as\u00ed como el aumento de incentivos por fechas especiales como el D\u00eda de la Madre o del Padre, se otorgar\u00e1n al colectivo sindical en reconocimiento a la entrega, compromiso y responsabilidad que han ejercido como servidores de la ciudadan\u00eda.<\/p>\n\n\n\n<p>Tal es el caso de Blanca Hern\u00e1ndez Vel\u00e1zquez, quien lleva trabajando 60 a\u00f1os en el Ayuntamiento y, al ser la persona agremiada con m\u00e1s antig\u00fcedad, fue distinguida junto con otros 24 trabajadores por su trayectoria al interior de la Administraci\u00f3n.<\/p>\n","protected":false},"excerpt":{"rendered":"<p>4.5 por ciento a su sueldo base y del 6 por ciento a su aportaci\u00f3n de seguro social REDACCI\u00d3N El [&hellip;]<\/p>\n","protected":false},"author":1,"featured_media":24442,"comment_status":"open","ping_status":"open","sticky":false,"template":"","format":"standard","meta":{"site-sidebar-layout":"default","site-content-layout":"","ast-site-content-layout":"default","site-content-style":"default","site-sidebar-style":"default","ast-global-header-display":"","ast-banner-title-visibility":"","ast-main-header-display":"","ast-hfb-above-header-display":"","ast-hfb-below-header-display":"","ast-hfb-mobile-header-display":"","site-post-title":"","ast-breadcrumbs-content":"","ast-featured-img":"","footer-sml-layout":"","theme-transparent-header-meta":"","adv-header-id-meta":"","stick-header-meta":"","header-above-stick-meta":"","header-main-stick-meta":"","header-below-stick-meta":"","astra-migrate-meta-layouts":"default","ast-page-background-enabled":"default","ast-page-background-meta":{"desktop":{"background-color":"var(--ast-global-color-4)","background-image":"","background-repeat":"repeat","background-position":"center center","background-size":"auto","background-attachment":"scroll","background-type":"","background-media":"","overlay-type":"","overlay-color":"","overlay-opacity":"","overlay-gradient":""},"tablet":{"background-color":"","background-image":"","background-repeat":"repeat","background-position":"center center","background-size":"auto","background-attachment":"scroll","background-type":"","background-media":"","overlay-type":"","overlay-color":"","overlay-opacity":"","overlay-gradient":""},"mobile":{"background-color":"","background-image":"","background-repeat":"repeat","background-position":"center center","background-size":"auto","background-attachment":"scroll","background-type":"","background-media":"","overlay-type":"","overlay-color":"","overlay-opacity":"","overlay-gradient":""}},"ast-content-background-meta":{"desktop":{"background-color":"var(--ast-global-color-5)","background-image":"","background-repeat":"repeat","background-position":"center center","background-size":"auto","background-attachment":"scroll","background-type":"","background-media":"","overlay-type":"","overlay-color":"","overlay-opacity":"","overlay-gradient":""},"tablet":{"background-color":"var(--ast-global-color-5)","background-image":"","background-repeat":"repeat","background-position":"center center","background-size":"auto","background-attachment":"scroll","background-type":"","background-media":"","overlay-type":"","overlay-color":"","overlay-opacity":"","overlay-gradient":""},"mobile":{"background-color":"var(--ast-global-color-5)","background-image":"","background-repeat":"repeat","background-position":"center center","background-size":"auto","background-attachment":"scroll","background-type":"","background-media":"","overlay-type":"","overlay-color":"","overlay-opacity":"","overlay-gradient":""}},"footnotes":""},"categories":[8],"tags":[7279,9108,191,9109],"class_list":["post-24440","post","type-post","status-publish","format-standard","has-post-thumbnail","hentry","category-noticias","tag-contigoyconrumbo","tag-aumento-salarial","tag-ayuntamiento-de-puebla","tag-suethapipopd"],"_links":{"self":[{"href":"https:\/\/losperiodistas.com.mx\/portal\/wp-json\/wp\/v2\/posts\/24440","targetHints":{"allow":["GET"]}}],"collection":[{"href":"https:\/\/losperiodistas.com.mx\/portal\/wp-json\/wp\/v2\/posts"}],"about":[{"href":"https:\/\/losperiodistas.com.mx\/portal\/wp-json\/wp\/v2\/types\/post"}],"author":[{"embeddable":true,"href":"https:\/\/losperiodistas.com.mx\/portal\/wp-json\/wp\/v2\/users\/1"}],"replies":[{"embeddable":true,"href":"https:\/\/losperiodistas.com.mx\/portal\/wp-json\/wp\/v2\/comments?post=24440"}],"version-history":[{"count":1,"href":"https:\/\/losperiodistas.com.mx\/portal\/wp-json\/wp\/v2\/posts\/24440\/revisions"}],"predecessor-version":[{"id":24443,"href":"https:\/\/losperiodistas.com.mx\/portal\/wp-json\/wp\/v2\/posts\/24440\/revisions\/24443"}],"wp:featuredmedia":[{"embeddable":true,"href":"https:\/\/losperiodistas.com.mx\/portal\/wp-json\/wp\/v2\/media\/24442"}],"wp:attachment":[{"href":"https:\/\/losperiodistas.com.mx\/portal\/wp-json\/wp\/v2\/media?parent=24440"}],"wp:term":[{"taxonomy":"category","embeddable":true,"href":"https:\/\/losperiodistas.com.mx\/portal\/wp-json\/wp\/v2\/categories?post=24440"},{"taxonomy":"post_tag","embeddable":true,"href":"https:\/\/losperiodistas.com.mx\/portal\/wp-json\/wp\/v2\/tags?post=24440"}],"curies":[{"name":"wp","href":"https:\/\/api.w.org\/{rel}","templated":true}]}}