{"id":24433,"date":"2022-03-24T10:40:00","date_gmt":"2022-03-24T16:40:00","guid":{"rendered":"http:\/\/losperiodistas.com.mx\/portal\/?p=24433"},"modified":"2022-03-24T10:44:25","modified_gmt":"2022-03-24T16:44:25","slug":"drones-cascos-y-camaras-de-narices-los-otros-cambios-que-no-has-visto-o-si-de-la-nueva-f1-el-confidencial","status":"publish","type":"post","link":"https:\/\/losperiodistas.com.mx\/portal\/drones-cascos-y-camaras-de-narices-los-otros-cambios-que-no-has-visto-o-si-de-la-nueva-f1-el-confidencial\/","title":{"rendered":"Drones, cascos y c\u00e1maras de &#8216;narices&#8217;: los otros cambios que no has visto (o s\u00ed) de la nueva F1 | El Confidencial"},"content":{"rendered":"\n<p><em>La F1 ha entrado en una nueva era: adem\u00e1s de sus cambios en el reglamento y su enfoque juvenil en las redes sociales, han decidido dar una vuelta de tuerca a las retransmisiones<\/em><\/p>\n\n\n\n<figure class=\"wp-block-image size-large\"><img fetchpriority=\"high\" decoding=\"async\" width=\"1024\" height=\"768\" src=\"https:\/\/losperiodistas.com.mx\/portal\/wp-content\/uploads\/2022\/03\/f.elconfidencial.com_original_b10_7b0_f4a_b107b0f4ae2a180a7b16aa66fce0b680-1024x768.jpg\" alt=\"\" class=\"wp-image-24434\" srcset=\"https:\/\/losperiodistas.com.mx\/portal\/wp-content\/uploads\/2022\/03\/f.elconfidencial.com_original_b10_7b0_f4a_b107b0f4ae2a180a7b16aa66fce0b680-1024x768.jpg 1024w, https:\/\/losperiodistas.com.mx\/portal\/wp-content\/uploads\/2022\/03\/f.elconfidencial.com_original_b10_7b0_f4a_b107b0f4ae2a180a7b16aa66fce0b680-300x225.jpg 300w, https:\/\/losperiodistas.com.mx\/portal\/wp-content\/uploads\/2022\/03\/f.elconfidencial.com_original_b10_7b0_f4a_b107b0f4ae2a180a7b16aa66fce0b680-768x576.jpg 768w, https:\/\/losperiodistas.com.mx\/portal\/wp-content\/uploads\/2022\/03\/f.elconfidencial.com_original_b10_7b0_f4a_b107b0f4ae2a180a7b16aa66fce0b680.jpg 1200w\" sizes=\"(max-width: 1024px) 100vw, 1024px\" \/><figcaption>Nuevos cambios en las retransmisiones de la F1. (Reuters\/Thomas Peter)<\/figcaption><\/figure>\n\n\n\n<p><\/p>\n\n\n\n<p class=\"has-vivid-cyan-blue-color has-text-color has-medium-font-size\">RUB\u00c9N RODR\u00cdGUEZ \/ EL CONFIDENCIAL<\/p>\n\n\n\n<p>Acaba de comenzar el&nbsp;<strong>Mundial de F1&nbsp;<\/strong>y lo ha hecho a lo grande. El&nbsp;<strong>Gran Premio de Bar\u00e9in<\/strong>&nbsp;dej\u00f3 muchas im\u00e1genes para el espectador: el dominio de Ferrari -segundo puesto de&nbsp;<strong>Carlos Sainz incluido<\/strong>-, el batacazo de Red Bull, el fracaso de<strong>&nbsp;Fernando Alonso&nbsp;<\/strong>o la suerte de&nbsp;<strong>Lewis Hamilton&nbsp;<\/strong>marcaron una prueba realmente emocionante. Muchos fueron los momentos de carrera que confirmaron la nueva era de la mejor competici\u00f3n del motor&#8230; y otros menos evidentes, pero igual de importantes.<\/p>\n\n\n\n<p>Hab\u00eda mucha expectaci\u00f3n por ver&nbsp;<strong>qu\u00e9 nos deparaba el nuevo Mundial<\/strong>, especialmente despu\u00e9s de la entrada en vigor del&nbsp;<strong>nuevo reglamento<\/strong>&nbsp;de la competici\u00f3n. Veh\u00edculos diferentes -no solo con respecto al pasado curso, sino tambi\u00e9n entre escuder\u00edas- y prestaciones muy diversas para tratar de dar un golpe en la mesa centraron buena parte de las miradas del espectador. Pero la F1, fiel a su pol\u00edtica de los \u00faltimos a\u00f1os,&nbsp;<strong>quiso ir m\u00e1s all\u00e1<\/strong>. Y lo consigui\u00f3 con creces.<\/p>\n\n\n\n<p>De sobra es conocido que la F1&nbsp;<strong>ha dado un paso adelante crucial para &#8216;vender&#8217; mejor el campeonato<\/strong>. En los \u00faltimos meses, se ve c\u00f3mo la competici\u00f3n se ha hecho un nombre a nivel mundial m\u00e1s all\u00e1 de las televisiones y los circuitos, con una clara estrategia centrada en la comunicaci\u00f3n y&nbsp;<strong>pensada hacia un p\u00fablico m\u00e1s joven<\/strong>. Solo hay que observar c\u00f3mo han centrado buena parte de sus esfuerzos en&nbsp;<strong>crear contenidos para las redes sociales<\/strong>, con el v\u00eddeo como gran protagonista.<\/p>\n\n\n\n<figure class=\"wp-block-image\"><img decoding=\"async\" src=\"https:\/\/images.ecestaticos.com\/ENXPjjNN6xbWHpkxJwC590dMoLg=\/0x0:2272x1515\/1200x900\/filters:fill(white):format(jpg)\/f.elconfidencial.com%2Foriginal%2Fbdb%2F48a%2Fa64%2Fbdb48aa647b96603816cf45cc8eb78e8.jpg\" alt=\"Foto: Binotto, Sainz y Leclerc, en el podio de Bar\u00e9in. (EFE\/EPA\/Ali Haider)\"\/><\/figure>\n\n\n\n<p><a href=\"https:\/\/www.elconfidencial.com\/deportes\/formula-1\/2022-03-22\/ferrari-mattia-binotto-formula-1-carlos-sainz_3395639\/\">El renacer de Ferrari o cuando se hacen las cosas &#8216;a la suiza&#8217; y no a base del genio italiano<\/a>Pablo de Villota<\/p>\n\n\n\n<p>Por eso, la FOM no quiso perder la ocasi\u00f3n que daba el nuevo reglamento para intentar dar tambi\u00e9n un<strong>&nbsp;giro de tuerca a las retransmisiones<\/strong>. \u00bfC\u00f3mo? Introduciendo una serie de innovaciones t\u00e9cnicas cuyo objetivo no es otro que&nbsp;<strong>ser una referencia en lo visual<\/strong>. A nivel deportivo, han conseguido un importante impulso tras el final del Mundial del pasado curso y, este a\u00f1o, con los cambios introducidos en los monoplazas han igualado la parrilla. Ahora, tambi\u00e9n quieren&nbsp;<strong>ganar la partida en la televisi\u00f3n<\/strong>.<\/p>\n\n\n\n<p>Posiblemente, muchos espectadores no se hayan dado cuenta de alguna de las novedades introducidas, pero no por ello son menos importantes. As\u00ed, uno de los grandes cambios tiene que ver con los&nbsp;<strong>nuevos \u00e1ngulos de c\u00e1mara en pista<\/strong>, especialmente en la&nbsp;<strong>parrilla de salida<\/strong>. Los cambios est\u00e9ticos de los monoplazas han provocado esta nueva situaci\u00f3n, donde los morros m\u00e1s bajos restan sensaci\u00f3n de velocidad a los monoplazas. Por ello, se ha buscado una soluci\u00f3n: las c\u00e1maras de &#8216;narices&#8217;.<\/p>\n\n\n\n<p>\u00abTenemos\u00a0<strong>una nueva nariz realmente agradable<\/strong>, pero en la c\u00e1mara de a bordo no se ve demasiado.\u00a0<strong>Eso resta la sensaci\u00f3n de velocidad<\/strong>, algo que siempre estamos tratando de tener, por lo que hemos introducido nuevos \u00e1ngulos. Tambi\u00e9n hemos cambiado ligeramente algunas de las posiciones de nuestras c\u00e1maras de pista, pero la cuesti\u00f3n principal es<strong>\u00a0intentar tener c\u00e1maras en todas partes<\/strong>\u00ab,\u00a0<a href=\"https:\/\/www.autosport.com\/f1\/news\/drones-helmet-cam-hdr-whats-new-for-f1-on-tv-in-2022\/9162847\/\" target=\"_blank\" rel=\"noreferrer noopener\">explica\u00a0<strong>Dean Locke<\/strong>, director de retransmisiones de F1, a &#8216;Autosport&#8217;<\/a>.<\/p>\n\n\n\n<figure class=\"wp-block-image size-large\"><img decoding=\"async\" width=\"1024\" height=\"628\" src=\"https:\/\/losperiodistas.com.mx\/portal\/wp-content\/uploads\/2022\/03\/Captura-de-Pantalla-2022-03-24-a-las-9.05.59-1024x628.jpg\" alt=\"\" class=\"wp-image-24435\" srcset=\"https:\/\/losperiodistas.com.mx\/portal\/wp-content\/uploads\/2022\/03\/Captura-de-Pantalla-2022-03-24-a-las-9.05.59-1024x628.jpg 1024w, https:\/\/losperiodistas.com.mx\/portal\/wp-content\/uploads\/2022\/03\/Captura-de-Pantalla-2022-03-24-a-las-9.05.59-300x184.jpg 300w, https:\/\/losperiodistas.com.mx\/portal\/wp-content\/uploads\/2022\/03\/Captura-de-Pantalla-2022-03-24-a-las-9.05.59-768x471.jpg 768w, https:\/\/losperiodistas.com.mx\/portal\/wp-content\/uploads\/2022\/03\/Captura-de-Pantalla-2022-03-24-a-las-9.05.59.jpg 1288w\" sizes=\"(max-width: 1024px) 100vw, 1024px\" \/><\/figure>\n\n\n\n<h2 class=\"wp-block-heading\">Los drones, los m\u00e1s espectaculares<\/h2>\n\n\n\n<p>Adem\u00e1s,&nbsp;<strong>se han aumentado las c\u00e1maras en el &#8216;pitwall&#8217;<\/strong>, para captar las reacciones de los equipos en los momentos cumbre de las carreras. Y, por si fuera poco, se han incluido&nbsp;<strong>dos c\u00e1maras itinerantes<\/strong>&nbsp;en cada circuito. \u00bfPara qu\u00e9 sirven? El objetivo es que&nbsp;<strong>puedan moverse por toda la pista<\/strong>&nbsp;para poder captar alguna de las situaciones inesperadas de carrera, como puede ser un coche averiado o una salida de pista. La idea es contar con&nbsp;<strong>dos equipos m\u00f3viles<\/strong>&nbsp;que puedan moverse durante la carrera.<\/p>\n\n\n\n<p>Otra de las grandes novedades esta temporada son los&nbsp;<strong>drones<\/strong>. Este tipo de tecnolog\u00eda permite unas<strong>&nbsp;tomas a\u00e9reas mucho m\u00e1s espectaculares&nbsp;<\/strong>que las que se sacan con el helic\u00f3ptero, pero tambi\u00e9n es cierto que son&nbsp;<strong>algo m\u00e1s peligrosas<\/strong>, ante el riesgo de que el aparato pueda caer y provocar un accidente. Por ello, se trata de una tecnolog\u00eda que<strong>&nbsp;est\u00e1 en pruebas<\/strong>, pero de la que se ha podido ver ya alguna toma en Bar\u00e9in. Es de esperar que en los pr\u00f3ximos meses su presencia sea ya lo habitual.<\/p>\n\n\n\n<blockquote class=\"wp-block-quote is-layout-flow wp-block-quote-is-layout-flow\"><p><strong><em>\u00abTenemos una nueva nariz realmente agradable, pero en la c\u00e1mara de a bordo no se ve demasiado y es resta la sensaci\u00f3n de velocidad a los coches\u00bb<\/em><\/strong><\/p><\/blockquote>\n\n\n\n<p>Otra de las grandes novedades en las retransmisiones est\u00e1 relacionada con las&nbsp;<strong>c\u00e1maras de los cascos de los pilotos<\/strong>. El a\u00f1o pasado se estren\u00f3 esta tecnolog\u00eda, pero solo era usada durante las&nbsp;<strong>calificaciones<\/strong>. Ahora, tambi\u00e9n se est\u00e1 utilizando<strong>&nbsp;durante las carreras y ofrecen im\u00e1genes impresionantes<\/strong>. Poder sentir lo mismo que un piloto a bordo de su monoplaza es una de las experiencias m\u00e1s incre\u00edbles que se pueden vivir en una retransmisi\u00f3n deportiva.<\/p>\n\n\n\n<p>Por \u00faltimo, otro de los cambios significativos tiene que ver con los\u00a0<strong>gr\u00e1ficos de televisi\u00f3n<\/strong>. No solo ha cambiado su apariencia, sino que son m\u00e1s completos y se utilizan un mayor n\u00famero de veces durante las carreras. Una vez m\u00e1s, est\u00e1 pensado para el p\u00fablico m\u00e1s joven, al que le gusta disfrutar de datos que complementan la experiencia visual. Por esta raz\u00f3n, la F\u00f3rmula 1 se ha convertido en l\u00edder de las retransmisiones deportivas: han sabido\u00a0<strong>empastar a la perfecci\u00f3n la tradici\u00f3n y la novedad\u00a0<\/strong>para ofrecer una experiencia completa que muy pocos deportes son capaces de dar al espectador.<strong>\u00a0Un verdadero placer para los sentidos<\/strong>.<\/p>\n\n\n\n<p>Fuente: https:\/\/www.elconfidencial.com\/deportes\/formula-1\/2022-03-24\/f1-cambios-retransmisiones-television-camaras-cascos-drones-narices_3395239\/<\/p>\n","protected":false},"excerpt":{"rendered":"<p>La F1 ha entrado en una nueva era: adem\u00e1s de sus cambios en el reglamento y su enfoque juvenil en [&hellip;]<\/p>\n","protected":false},"author":1,"featured_media":24434,"comment_status":"open","ping_status":"open","sticky":false,"template":"","format":"standard","meta":{"site-sidebar-layout":"default","site-content-layout":"","ast-site-content-layout":"default","site-content-style":"default","site-sidebar-style":"default","ast-global-header-display":"","ast-banner-title-visibility":"","ast-main-header-display":"","ast-hfb-above-header-display":"","ast-hfb-below-header-display":"","ast-hfb-mobile-header-display":"","site-post-title":"","ast-breadcrumbs-content":"","ast-featured-img":"","footer-sml-layout":"","theme-transparent-header-meta":"","adv-header-id-meta":"","stick-header-meta":"","header-above-stick-meta":"","header-main-stick-meta":"","header-below-stick-meta":"","astra-migrate-meta-layouts":"default","ast-page-background-enabled":"default","ast-page-background-meta":{"desktop":{"background-color":"var(--ast-global-color-4)","background-image":"","background-repeat":"repeat","background-position":"center center","background-size":"auto","background-attachment":"scroll","background-type":"","background-media":"","overlay-type":"","overlay-color":"","overlay-opacity":"","overlay-gradient":""},"tablet":{"background-color":"","background-image":"","background-repeat":"repeat","background-position":"center center","background-size":"auto","background-attachment":"scroll","background-type":"","background-media":"","overlay-type":"","overlay-color":"","overlay-opacity":"","overlay-gradient":""},"mobile":{"background-color":"","background-image":"","background-repeat":"repeat","background-position":"center center","background-size":"auto","background-attachment":"scroll","background-type":"","background-media":"","overlay-type":"","overlay-color":"","overlay-opacity":"","overlay-gradient":""}},"ast-content-background-meta":{"desktop":{"background-color":"var(--ast-global-color-5)","background-image":"","background-repeat":"repeat","background-position":"center center","background-size":"auto","background-attachment":"scroll","background-type":"","background-media":"","overlay-type":"","overlay-color":"","overlay-opacity":"","overlay-gradient":""},"tablet":{"background-color":"var(--ast-global-color-5)","background-image":"","background-repeat":"repeat","background-position":"center center","background-size":"auto","background-attachment":"scroll","background-type":"","background-media":"","overlay-type":"","overlay-color":"","overlay-opacity":"","overlay-gradient":""},"mobile":{"background-color":"var(--ast-global-color-5)","background-image":"","background-repeat":"repeat","background-position":"center center","background-size":"auto","background-attachment":"scroll","background-type":"","background-media":"","overlay-type":"","overlay-color":"","overlay-opacity":"","overlay-gradient":""}},"footnotes":""},"categories":[8],"tags":[9105,6855,8874],"class_list":["post-24433","post","type-post","status-publish","format-standard","has-post-thumbnail","hentry","category-noticias","tag-camaras-de-narices","tag-drones","tag-formula-1-2022"],"_links":{"self":[{"href":"https:\/\/losperiodistas.com.mx\/portal\/wp-json\/wp\/v2\/posts\/24433","targetHints":{"allow":["GET"]}}],"collection":[{"href":"https:\/\/losperiodistas.com.mx\/portal\/wp-json\/wp\/v2\/posts"}],"about":[{"href":"https:\/\/losperiodistas.com.mx\/portal\/wp-json\/wp\/v2\/types\/post"}],"author":[{"embeddable":true,"href":"https:\/\/losperiodistas.com.mx\/portal\/wp-json\/wp\/v2\/users\/1"}],"replies":[{"embeddable":true,"href":"https:\/\/losperiodistas.com.mx\/portal\/wp-json\/wp\/v2\/comments?post=24433"}],"version-history":[{"count":1,"href":"https:\/\/losperiodistas.com.mx\/portal\/wp-json\/wp\/v2\/posts\/24433\/revisions"}],"predecessor-version":[{"id":24436,"href":"https:\/\/losperiodistas.com.mx\/portal\/wp-json\/wp\/v2\/posts\/24433\/revisions\/24436"}],"wp:featuredmedia":[{"embeddable":true,"href":"https:\/\/losperiodistas.com.mx\/portal\/wp-json\/wp\/v2\/media\/24434"}],"wp:attachment":[{"href":"https:\/\/losperiodistas.com.mx\/portal\/wp-json\/wp\/v2\/media?parent=24433"}],"wp:term":[{"taxonomy":"category","embeddable":true,"href":"https:\/\/losperiodistas.com.mx\/portal\/wp-json\/wp\/v2\/categories?post=24433"},{"taxonomy":"post_tag","embeddable":true,"href":"https:\/\/losperiodistas.com.mx\/portal\/wp-json\/wp\/v2\/tags?post=24433"}],"curies":[{"name":"wp","href":"https:\/\/api.w.org\/{rel}","templated":true}]}}