{"id":24301,"date":"2022-03-22T11:01:25","date_gmt":"2022-03-22T17:01:25","guid":{"rendered":"http:\/\/losperiodistas.com.mx\/portal\/?p=24301"},"modified":"2022-03-22T11:01:27","modified_gmt":"2022-03-22T17:01:27","slug":"motopatrullas-para-central-de-abasto","status":"publish","type":"post","link":"https:\/\/losperiodistas.com.mx\/portal\/motopatrullas-para-central-de-abasto\/","title":{"rendered":"Motopatrullas para Central de Abasto"},"content":{"rendered":"\n<p><em>Ayuntamiento de Puebla continua con decisiones en favor de reforzar la seguridad en la zona<\/em><\/p>\n\n\n\n<p><\/p>\n\n\n\n<figure class=\"wp-block-image size-large\"><img fetchpriority=\"high\" decoding=\"async\" width=\"1024\" height=\"682\" src=\"https:\/\/losperiodistas.com.mx\/portal\/wp-content\/uploads\/2022\/03\/WhatsApp-Image-2022-03-22-at-9.35.03-AM-1024x682.jpeg\" alt=\"\" class=\"wp-image-24302\" srcset=\"https:\/\/losperiodistas.com.mx\/portal\/wp-content\/uploads\/2022\/03\/WhatsApp-Image-2022-03-22-at-9.35.03-AM-1024x682.jpeg 1024w, https:\/\/losperiodistas.com.mx\/portal\/wp-content\/uploads\/2022\/03\/WhatsApp-Image-2022-03-22-at-9.35.03-AM-300x200.jpeg 300w, https:\/\/losperiodistas.com.mx\/portal\/wp-content\/uploads\/2022\/03\/WhatsApp-Image-2022-03-22-at-9.35.03-AM-768x512.jpeg 768w, https:\/\/losperiodistas.com.mx\/portal\/wp-content\/uploads\/2022\/03\/WhatsApp-Image-2022-03-22-at-9.35.03-AM.jpeg 1280w\" sizes=\"(max-width: 1024px) 100vw, 1024px\" \/><figcaption>Ayuntamiento de Puebla<\/figcaption><\/figure>\n\n\n\n<p><\/p>\n\n\n\n<p class=\"has-vivid-cyan-blue-color has-text-color has-medium-font-size\">REDACCI\u00d3N<\/p>\n\n\n\n<p>Con la firma de un convenio de comodato entre el Ayuntamiento de Puebla y el Consejo Empresarial de la Central de Abasto, la Secretar\u00eda de Seguridad Ciudadana contar\u00e1 con seis nuevas motopatrullas para reforzar la vigilancia en las inmediaciones de este mega complejo comercial.<\/p>\n\n\n\n<p>Dicho contrato no s\u00f3lo contempla la concesi\u00f3n por parte del Consejo de las unidades para su uso gratuito, sino tambi\u00e9n la realizaci\u00f3n del mantenimiento correspondiente, los servicios preventivos o correctivos, el equipamiento y balizaje.<\/p>\n\n\n\n<p>En correspondencia, el Ayuntamiento designar\u00e1 a seis polic\u00edas municipales para que operen las motocicletas en dos turnos de 12 por 36 horas, y abastecer\u00e1 el combustible necesario para el despliegue de estos veh\u00edculos. Asimismo, garantizar\u00e1 la conectividad directa de la zona con la Direcci\u00f3n de Emergencias y Respuesta Inmediata (DERI).<\/p>\n\n\n\n<p>Es as\u00ed, como la suma de esfuerzos y la confianza entre sociedad y gobierno permiten ejecutar acciones coordinadas a favor de la proximidad policial y la prevenci\u00f3n del delito en la Central de Abasto.<\/p>\n","protected":false},"excerpt":{"rendered":"<p>Ayuntamiento de Puebla continua con decisiones en favor de reforzar la seguridad en la zona REDACCI\u00d3N Con la firma de [&hellip;]<\/p>\n","protected":false},"author":1,"featured_media":24303,"comment_status":"open","ping_status":"open","sticky":false,"template":"","format":"standard","meta":{"site-sidebar-layout":"default","site-content-layout":"","ast-site-content-layout":"default","site-content-style":"default","site-sidebar-style":"default","ast-global-header-display":"","ast-banner-title-visibility":"","ast-main-header-display":"","ast-hfb-above-header-display":"","ast-hfb-below-header-display":"","ast-hfb-mobile-header-display":"","site-post-title":"","ast-breadcrumbs-content":"","ast-featured-img":"","footer-sml-layout":"","theme-transparent-header-meta":"","adv-header-id-meta":"","stick-header-meta":"","header-above-stick-meta":"","header-main-stick-meta":"","header-below-stick-meta":"","astra-migrate-meta-layouts":"default","ast-page-background-enabled":"default","ast-page-background-meta":{"desktop":{"background-color":"var(--ast-global-color-4)","background-image":"","background-repeat":"repeat","background-position":"center center","background-size":"auto","background-attachment":"scroll","background-type":"","background-media":"","overlay-type":"","overlay-color":"","overlay-opacity":"","overlay-gradient":""},"tablet":{"background-color":"","background-image":"","background-repeat":"repeat","background-position":"center center","background-size":"auto","background-attachment":"scroll","background-type":"","background-media":"","overlay-type":"","overlay-color":"","overlay-opacity":"","overlay-gradient":""},"mobile":{"background-color":"","background-image":"","background-repeat":"repeat","background-position":"center center","background-size":"auto","background-attachment":"scroll","background-type":"","background-media":"","overlay-type":"","overlay-color":"","overlay-opacity":"","overlay-gradient":""}},"ast-content-background-meta":{"desktop":{"background-color":"var(--ast-global-color-5)","background-image":"","background-repeat":"repeat","background-position":"center center","background-size":"auto","background-attachment":"scroll","background-type":"","background-media":"","overlay-type":"","overlay-color":"","overlay-opacity":"","overlay-gradient":""},"tablet":{"background-color":"var(--ast-global-color-5)","background-image":"","background-repeat":"repeat","background-position":"center center","background-size":"auto","background-attachment":"scroll","background-type":"","background-media":"","overlay-type":"","overlay-color":"","overlay-opacity":"","overlay-gradient":""},"mobile":{"background-color":"var(--ast-global-color-5)","background-image":"","background-repeat":"repeat","background-position":"center center","background-size":"auto","background-attachment":"scroll","background-type":"","background-media":"","overlay-type":"","overlay-color":"","overlay-opacity":"","overlay-gradient":""}},"footnotes":""},"categories":[8],"tags":[7279,8590,9056,9055,9054],"class_list":["post-24301","post","type-post","status-publish","format-standard","has-post-thumbnail","hentry","category-noticias","tag-contigoyconrumbo","tag-central-de-abasto-puebla","tag-deri","tag-motopatrullas","tag-seguridad-municipal"],"_links":{"self":[{"href":"https:\/\/losperiodistas.com.mx\/portal\/wp-json\/wp\/v2\/posts\/24301","targetHints":{"allow":["GET"]}}],"collection":[{"href":"https:\/\/losperiodistas.com.mx\/portal\/wp-json\/wp\/v2\/posts"}],"about":[{"href":"https:\/\/losperiodistas.com.mx\/portal\/wp-json\/wp\/v2\/types\/post"}],"author":[{"embeddable":true,"href":"https:\/\/losperiodistas.com.mx\/portal\/wp-json\/wp\/v2\/users\/1"}],"replies":[{"embeddable":true,"href":"https:\/\/losperiodistas.com.mx\/portal\/wp-json\/wp\/v2\/comments?post=24301"}],"version-history":[{"count":1,"href":"https:\/\/losperiodistas.com.mx\/portal\/wp-json\/wp\/v2\/posts\/24301\/revisions"}],"predecessor-version":[{"id":24304,"href":"https:\/\/losperiodistas.com.mx\/portal\/wp-json\/wp\/v2\/posts\/24301\/revisions\/24304"}],"wp:featuredmedia":[{"embeddable":true,"href":"https:\/\/losperiodistas.com.mx\/portal\/wp-json\/wp\/v2\/media\/24303"}],"wp:attachment":[{"href":"https:\/\/losperiodistas.com.mx\/portal\/wp-json\/wp\/v2\/media?parent=24301"}],"wp:term":[{"taxonomy":"category","embeddable":true,"href":"https:\/\/losperiodistas.com.mx\/portal\/wp-json\/wp\/v2\/categories?post=24301"},{"taxonomy":"post_tag","embeddable":true,"href":"https:\/\/losperiodistas.com.mx\/portal\/wp-json\/wp\/v2\/tags?post=24301"}],"curies":[{"name":"wp","href":"https:\/\/api.w.org\/{rel}","templated":true}]}}