{"id":24229,"date":"2022-03-22T05:32:16","date_gmt":"2022-03-22T11:32:16","guid":{"rendered":"http:\/\/losperiodistas.com.mx\/portal\/?p=24229"},"modified":"2022-03-22T05:32:17","modified_gmt":"2022-03-22T11:32:17","slug":"en-20-anos-se-duplico-el-numero-de-suicidios","status":"publish","type":"post","link":"https:\/\/losperiodistas.com.mx\/portal\/en-20-anos-se-duplico-el-numero-de-suicidios\/","title":{"rendered":"En 20 a\u00f1os se duplic\u00f3 el n\u00famero de suicidios"},"content":{"rendered":"\n<p><\/p>\n\n\n\n<p><\/p>\n\n\n\n<figure class=\"wp-block-image size-large\"><img fetchpriority=\"high\" decoding=\"async\" width=\"1024\" height=\"683\" src=\"https:\/\/losperiodistas.com.mx\/portal\/wp-content\/uploads\/2022\/03\/MARIA-ELENA-MEDINA-MORA-1024x683.jpeg\" alt=\"\" class=\"wp-image-24248\" srcset=\"https:\/\/losperiodistas.com.mx\/portal\/wp-content\/uploads\/2022\/03\/MARIA-ELENA-MEDINA-MORA-1024x683.jpeg 1024w, https:\/\/losperiodistas.com.mx\/portal\/wp-content\/uploads\/2022\/03\/MARIA-ELENA-MEDINA-MORA-300x200.jpeg 300w, https:\/\/losperiodistas.com.mx\/portal\/wp-content\/uploads\/2022\/03\/MARIA-ELENA-MEDINA-MORA-768x512.jpeg 768w, https:\/\/losperiodistas.com.mx\/portal\/wp-content\/uploads\/2022\/03\/MARIA-ELENA-MEDINA-MORA.jpeg 1200w\" sizes=\"(max-width: 1024px) 100vw, 1024px\" \/><\/figure>\n\n\n\n<p><\/p>\n\n\n\n<p><\/p>\n\n\n\n<p class=\"has-vivid-cyan-blue-color has-text-color\" style=\"font-size:26px\"><strong><em>Por Ra\u00fal Torres Salmer\u00f3n<\/em><\/strong><\/p>\n\n\n\n<p>En M\u00e9xico la tasa de suicidio casi se duplic\u00f3 en 20 a\u00f1os, al pasar de 3.5 personas por cada 100 mil habitantes en el a\u00f1o 2000 a 6.3 personas por cada 100 mil habitantes en el a\u00f1o 2020. Adem\u00e1s, se increment\u00f3 el n\u00famero de menores de edad que requirieron hospitalizaci\u00f3n por depresi\u00f3n y neurosis y existe una tendencia clara de aumento en el abuso de sustancias en todos los grupos de edad.<\/p>\n\n\n\n<p>Los datos anteriores los expuso la Doctora Mar\u00eda Elena Medina-Mora Icaza, Directora de la Facultad de Psicolog\u00eda de la Universidad Nacional Aut\u00f3noma de M\u00e9xico (UNAM) e investigadora del Instituto Nacional de Psiquiatr\u00eda.<\/p>\n\n\n\n<p>El trabajo de la doctora Medina-Mora lleva por nombre Sistema de Monitoreo para la Atenci\u00f3n a los Trastornos Mentales y del Comportamiento Debidos al Consumo de Sustancias. Fue dirigido en colaboraci\u00f3n con la Doctora Martha Cordero Oropeza y tambi\u00e9n participaron los investigadores Claudia Rafful Loera, Alberto Mendoza Pablo y Melissa Mendoza Negrete, as\u00ed como los desarrolladores Rogelio Barrera Delgado, Carlos Olvera Aguirre, Ana Laura Mej\u00eda Pichardo y Antonio Fink.<\/p>\n\n\n\n<p>Tambi\u00e9n dio a conocer los siguientes datos:<\/p>\n\n\n\n<p>-Por la falta de datos confiables, durante d\u00e9cadas la poblaci\u00f3n ha sufrido subdiagn\u00f3stico y desequilibrio en el gasto p\u00fablico destinado para atenci\u00f3n a enfermedades mentales y abuso en el consumo de sustancias.<\/p>\n\n\n\n<p>-Los trastornos por abuso de sustancias est\u00e1n incluidos en el tema de los trastornos mentales. Ambos pueden iniciar en edades tempranas y est\u00e1n asociados a costos adversos significativos. Ambos est\u00e1n entre las 10 principales causas de p\u00e9rdida de a\u00f1os de vida con salud, ya sea por muerte prematura o por generar condiciones de vida sin salud.<\/p>\n\n\n\n<p>-Desafortunadamente, a nivel mundial se considera que hay un registro insuficiente de los trastornos mentales y abuso de sustancias, porque muchos no son reportados a los m\u00e9dicos, porque no llegan a los hospitales, porque los llaman con otros nombres o identifican con otros problemas de salud.<\/p>\n\n\n\n<p>-Se considera que las enfermedades mentales son responsables del 16 por ciento de todos los d\u00edas vividos sin salud, pero la distribuci\u00f3n del gasto de salud para atenderlas no corresponde; es ocho veces inferior, pues llega solamente el 2 por ciento del gasto en salud. Esto ha generado muchas y muy importantes brechas de tratamiento.<\/p>\n\n\n\n<p>-Uno de los problemas para hacer visibles estos problemas es la dificultad para tener los datos a la mano cuando se deben tomar decisiones, pero ya hay un avance s\u00f3lido que es el hecho de que el sistema mexicano de salud ha estado construyendo bases de datos desde hace m\u00e1s de 20 a\u00f1os.<\/p>\n\n\n\n<p>-Existen bases de datos sobre trastornos mentales y uso de sustancias en casos de suicidios, homicidios y accidentes de tr\u00e1nsito. Esto comienza a mostrar que s\u00ed existen los datos, pero es dif\u00edcil el acceso r\u00e1pido y claro a ellos.<\/p>\n\n\n\n<p>-Ya se construy\u00f3 un primer prototipo llamado Plataforma de An\u00e1lisis Geoestad\u00edstico en Salud Mental. Con este esfuerzo ya se pueden ver algunos datos \u00fatiles para la toma de decisiones.<\/p>\n\n\n\n<p>-Uno de los primeros temas en los que enfocaron sus esfuerzos los investigadores fue el tema del suicidio, en el cual trabaja la Secretar\u00eda de Salud actualmente, para poder prevenir este problema.<\/p>\n\n\n\n<p>-M\u00e9xico y otros pa\u00edses de Am\u00e9rica Latina inician con tasas bajas, pero tienen un crecimiento din\u00e1mico. Los pa\u00edses que ten\u00edan tasas m\u00e1s altas tienen un decremento din\u00e1mico y por la informaci\u00f3n de los pa\u00edses desarrollados, que la tasa de suicidio no hab\u00eda aumentado durante la pandemia.<\/p>\n\n\n\n<p>-Pero en M\u00e9xico aument\u00f3 y en otros pa\u00edses de Am\u00e9rica Latina en una proporci\u00f3n mayor a la que se esperar\u00eda, debido al crecimiento que ven\u00eda presentando en las \u00faltimas d\u00e9cadas.<\/p>\n\n\n\n<p>-Ahora se cuenta con acceso a datos sobre la atenci\u00f3n hospitalaria a personas por intento de suicidio, que entre 2003 y 2019 creci\u00f3 47 por ciento, al aumentar de mil 621 a 2 mil 384 personas atendidas anualmente en hospitales por intento de suicidio.<\/p>\n\n\n\n<p>-En poblaci\u00f3n las hospitalizaciones por trastornos mentales se han duplicado, pero en menores el aumento proporcional es mucho mayor porque creci\u00f3 de 1.3 por ciento a 5.4 por ciento. En M\u00e9xico todav\u00eda hay poca capacidad instalada para atender a esta poblaci\u00f3n.<\/p>\n\n\n\n<p>En fin, como escribi\u00f3 Le\u00f3n Felipe (Espa\u00f1a, 1884-1968) en una de sus poes\u00edas:<\/p>\n\n\n\n<p>De aqu\u00ed no se va nadie. Nadie.<\/p>\n\n\n\n<p>Ni el m\u00edstico ni el suicida.<\/p>\n\n\n\n<p>Y es in\u00fatil,<\/p>\n\n\n\n<p>in\u00fatil toda huida<\/p>\n\n\n\n<p>(ni por abajo<\/p>\n\n\n\n<p>ni por arriba).<\/p>\n\n\n\n<p>raultorress@hotmail.com<\/p>\n","protected":false},"excerpt":{"rendered":"<p>Por Ra\u00fal Torres Salmer\u00f3n En M\u00e9xico la tasa de suicidio casi se duplic\u00f3 en 20 a\u00f1os, al pasar de 3.5 [&hellip;]<\/p>\n","protected":false},"author":1,"featured_media":24248,"comment_status":"open","ping_status":"open","sticky":false,"template":"","format":"standard","meta":{"site-sidebar-layout":"default","site-content-layout":"","ast-site-content-layout":"default","site-content-style":"default","site-sidebar-style":"default","ast-global-header-display":"","ast-banner-title-visibility":"","ast-main-header-display":"","ast-hfb-above-header-display":"","ast-hfb-below-header-display":"","ast-hfb-mobile-header-display":"","site-post-title":"","ast-breadcrumbs-content":"","ast-featured-img":"","footer-sml-layout":"","theme-transparent-header-meta":"","adv-header-id-meta":"","stick-header-meta":"","header-above-stick-meta":"","header-main-stick-meta":"","header-below-stick-meta":"","astra-migrate-meta-layouts":"default","ast-page-background-enabled":"default","ast-page-background-meta":{"desktop":{"background-color":"var(--ast-global-color-4)","background-image":"","background-repeat":"repeat","background-position":"center center","background-size":"auto","background-attachment":"scroll","background-type":"","background-media":"","overlay-type":"","overlay-color":"","overlay-opacity":"","overlay-gradient":""},"tablet":{"background-color":"","background-image":"","background-repeat":"repeat","background-position":"center center","background-size":"auto","background-attachment":"scroll","background-type":"","background-media":"","overlay-type":"","overlay-color":"","overlay-opacity":"","overlay-gradient":""},"mobile":{"background-color":"","background-image":"","background-repeat":"repeat","background-position":"center center","background-size":"auto","background-attachment":"scroll","background-type":"","background-media":"","overlay-type":"","overlay-color":"","overlay-opacity":"","overlay-gradient":""}},"ast-content-background-meta":{"desktop":{"background-color":"var(--ast-global-color-5)","background-image":"","background-repeat":"repeat","background-position":"center center","background-size":"auto","background-attachment":"scroll","background-type":"","background-media":"","overlay-type":"","overlay-color":"","overlay-opacity":"","overlay-gradient":""},"tablet":{"background-color":"var(--ast-global-color-5)","background-image":"","background-repeat":"repeat","background-position":"center center","background-size":"auto","background-attachment":"scroll","background-type":"","background-media":"","overlay-type":"","overlay-color":"","overlay-opacity":"","overlay-gradient":""},"mobile":{"background-color":"var(--ast-global-color-5)","background-image":"","background-repeat":"repeat","background-position":"center center","background-size":"auto","background-attachment":"scroll","background-type":"","background-media":"","overlay-type":"","overlay-color":"","overlay-opacity":"","overlay-gradient":""}},"footnotes":""},"categories":[8,19],"tags":[9012,9011],"class_list":["post-24229","post","type-post","status-publish","format-standard","has-post-thumbnail","hentry","category-noticias","category-sin-limites-2","tag-dra-maria-elena-medina-mora-icaza","tag-suicidios-mexico"],"_links":{"self":[{"href":"https:\/\/losperiodistas.com.mx\/portal\/wp-json\/wp\/v2\/posts\/24229","targetHints":{"allow":["GET"]}}],"collection":[{"href":"https:\/\/losperiodistas.com.mx\/portal\/wp-json\/wp\/v2\/posts"}],"about":[{"href":"https:\/\/losperiodistas.com.mx\/portal\/wp-json\/wp\/v2\/types\/post"}],"author":[{"embeddable":true,"href":"https:\/\/losperiodistas.com.mx\/portal\/wp-json\/wp\/v2\/users\/1"}],"replies":[{"embeddable":true,"href":"https:\/\/losperiodistas.com.mx\/portal\/wp-json\/wp\/v2\/comments?post=24229"}],"version-history":[{"count":1,"href":"https:\/\/losperiodistas.com.mx\/portal\/wp-json\/wp\/v2\/posts\/24229\/revisions"}],"predecessor-version":[{"id":24249,"href":"https:\/\/losperiodistas.com.mx\/portal\/wp-json\/wp\/v2\/posts\/24229\/revisions\/24249"}],"wp:featuredmedia":[{"embeddable":true,"href":"https:\/\/losperiodistas.com.mx\/portal\/wp-json\/wp\/v2\/media\/24248"}],"wp:attachment":[{"href":"https:\/\/losperiodistas.com.mx\/portal\/wp-json\/wp\/v2\/media?parent=24229"}],"wp:term":[{"taxonomy":"category","embeddable":true,"href":"https:\/\/losperiodistas.com.mx\/portal\/wp-json\/wp\/v2\/categories?post=24229"},{"taxonomy":"post_tag","embeddable":true,"href":"https:\/\/losperiodistas.com.mx\/portal\/wp-json\/wp\/v2\/tags?post=24229"}],"curies":[{"name":"wp","href":"https:\/\/api.w.org\/{rel}","templated":true}]}}