{"id":24226,"date":"2022-03-21T17:41:00","date_gmt":"2022-03-21T23:41:00","guid":{"rendered":"http:\/\/losperiodistas.com.mx\/portal\/?p=24226"},"modified":"2022-03-21T17:41:01","modified_gmt":"2022-03-21T23:41:01","slug":"gestion-en-favor-del-centro-historico-de-puebla","status":"publish","type":"post","link":"https:\/\/losperiodistas.com.mx\/portal\/gestion-en-favor-del-centro-historico-de-puebla\/","title":{"rendered":"Gesti\u00f3n en favor del Centro Hist\u00f3rico de Puebla"},"content":{"rendered":"\n<p><em>Ayuntamiento y Upaep firman convenio de colaboraci\u00f3n<\/em><\/p>\n\n\n\n<p><\/p>\n\n\n\n<figure class=\"wp-block-image size-large\"><img fetchpriority=\"high\" decoding=\"async\" width=\"1024\" height=\"625\" src=\"https:\/\/losperiodistas.com.mx\/portal\/wp-content\/uploads\/2022\/03\/WhatsApp-Image-2022-03-21-at-11.05.37-AM-1024x625.jpeg\" alt=\"\" class=\"wp-image-24227\" srcset=\"https:\/\/losperiodistas.com.mx\/portal\/wp-content\/uploads\/2022\/03\/WhatsApp-Image-2022-03-21-at-11.05.37-AM-1024x625.jpeg 1024w, https:\/\/losperiodistas.com.mx\/portal\/wp-content\/uploads\/2022\/03\/WhatsApp-Image-2022-03-21-at-11.05.37-AM-300x183.jpeg 300w, https:\/\/losperiodistas.com.mx\/portal\/wp-content\/uploads\/2022\/03\/WhatsApp-Image-2022-03-21-at-11.05.37-AM-768x469.jpeg 768w, https:\/\/losperiodistas.com.mx\/portal\/wp-content\/uploads\/2022\/03\/WhatsApp-Image-2022-03-21-at-11.05.37-AM.jpeg 1330w\" sizes=\"(max-width: 1024px) 100vw, 1024px\" \/><figcaption>Ayuntamiento de Puebla<\/figcaption><\/figure>\n\n\n\n<p class=\"has-vivid-cyan-blue-color has-text-color has-medium-font-size\">REDACCI\u00d3N<\/p>\n\n\n\n<p>Luego de firmar un convenio de colaboraci\u00f3n, el Gobierno Municipal contar\u00e1 con el apoyo institucional de la Universidad Popular Aut\u00f3noma de Puebla (UPAEP) para trabajar en la gesti\u00f3n de proyectos de conservaci\u00f3n y salvaguarda del patrimonio cultural de la capital, as\u00ed como en el dise\u00f1o de intervenciones que contribuyan a mejorar la habitabilidad en el Centro Hist\u00f3rico.<\/p>\n\n\n\n<p>Con base en estos objetivos en com\u00fan, se impulsar\u00e1 el desarrollo de acciones como:<\/p>\n\n\n\n<ol class=\"wp-block-list\"><li>Organizaci\u00f3n de cursos, talleres, foros, seminarios, congresos e intercambio de experiencias.<\/li><li>Elaboraci\u00f3n de estudios para la protecci\u00f3n de la Zona de Monumentos y de las \u00c1reas Patrimoniales del Municipio de Puebla.<\/li><li>Generaci\u00f3n de proyectos de difusi\u00f3n y promoci\u00f3n del Patrimonio Cultural.<\/li><\/ol>\n\n\n\n<p>Esta sinergia se formaliz\u00f3 desde la Gerencia del Centro Hist\u00f3rico y Patrimonio Cultural para sumar agentes acad\u00e9micos a los esfuerzos de investigaci\u00f3n, vinculaci\u00f3n, inversi\u00f3n y preservaci\u00f3n que fomenta el Ayuntamiento.<\/p>\n\n\n\n<p><\/p>\n","protected":false},"excerpt":{"rendered":"<p>Ayuntamiento y Upaep firman convenio de colaboraci\u00f3n REDACCI\u00d3N Luego de firmar un convenio de colaboraci\u00f3n, el Gobierno Municipal contar\u00e1 con [&hellip;]<\/p>\n","protected":false},"author":1,"featured_media":24227,"comment_status":"open","ping_status":"open","sticky":false,"template":"","format":"standard","meta":{"site-sidebar-layout":"default","site-content-layout":"","ast-site-content-layout":"default","site-content-style":"default","site-sidebar-style":"default","ast-global-header-display":"","ast-banner-title-visibility":"","ast-main-header-display":"","ast-hfb-above-header-display":"","ast-hfb-below-header-display":"","ast-hfb-mobile-header-display":"","site-post-title":"","ast-breadcrumbs-content":"","ast-featured-img":"","footer-sml-layout":"","theme-transparent-header-meta":"","adv-header-id-meta":"","stick-header-meta":"","header-above-stick-meta":"","header-main-stick-meta":"","header-below-stick-meta":"","astra-migrate-meta-layouts":"default","ast-page-background-enabled":"default","ast-page-background-meta":{"desktop":{"background-color":"var(--ast-global-color-4)","background-image":"","background-repeat":"repeat","background-position":"center center","background-size":"auto","background-attachment":"scroll","background-type":"","background-media":"","overlay-type":"","overlay-color":"","overlay-opacity":"","overlay-gradient":""},"tablet":{"background-color":"","background-image":"","background-repeat":"repeat","background-position":"center center","background-size":"auto","background-attachment":"scroll","background-type":"","background-media":"","overlay-type":"","overlay-color":"","overlay-opacity":"","overlay-gradient":""},"mobile":{"background-color":"","background-image":"","background-repeat":"repeat","background-position":"center center","background-size":"auto","background-attachment":"scroll","background-type":"","background-media":"","overlay-type":"","overlay-color":"","overlay-opacity":"","overlay-gradient":""}},"ast-content-background-meta":{"desktop":{"background-color":"var(--ast-global-color-5)","background-image":"","background-repeat":"repeat","background-position":"center center","background-size":"auto","background-attachment":"scroll","background-type":"","background-media":"","overlay-type":"","overlay-color":"","overlay-opacity":"","overlay-gradient":""},"tablet":{"background-color":"var(--ast-global-color-5)","background-image":"","background-repeat":"repeat","background-position":"center center","background-size":"auto","background-attachment":"scroll","background-type":"","background-media":"","overlay-type":"","overlay-color":"","overlay-opacity":"","overlay-gradient":""},"mobile":{"background-color":"var(--ast-global-color-5)","background-image":"","background-repeat":"repeat","background-position":"center center","background-size":"auto","background-attachment":"scroll","background-type":"","background-media":"","overlay-type":"","overlay-color":"","overlay-opacity":"","overlay-gradient":""}},"footnotes":""},"categories":[8],"tags":[7279,191,3879],"class_list":["post-24226","post","type-post","status-publish","format-standard","has-post-thumbnail","hentry","category-noticias","tag-contigoyconrumbo","tag-ayuntamiento-de-puebla","tag-upaep"],"_links":{"self":[{"href":"https:\/\/losperiodistas.com.mx\/portal\/wp-json\/wp\/v2\/posts\/24226","targetHints":{"allow":["GET"]}}],"collection":[{"href":"https:\/\/losperiodistas.com.mx\/portal\/wp-json\/wp\/v2\/posts"}],"about":[{"href":"https:\/\/losperiodistas.com.mx\/portal\/wp-json\/wp\/v2\/types\/post"}],"author":[{"embeddable":true,"href":"https:\/\/losperiodistas.com.mx\/portal\/wp-json\/wp\/v2\/users\/1"}],"replies":[{"embeddable":true,"href":"https:\/\/losperiodistas.com.mx\/portal\/wp-json\/wp\/v2\/comments?post=24226"}],"version-history":[{"count":1,"href":"https:\/\/losperiodistas.com.mx\/portal\/wp-json\/wp\/v2\/posts\/24226\/revisions"}],"predecessor-version":[{"id":24228,"href":"https:\/\/losperiodistas.com.mx\/portal\/wp-json\/wp\/v2\/posts\/24226\/revisions\/24228"}],"wp:featuredmedia":[{"embeddable":true,"href":"https:\/\/losperiodistas.com.mx\/portal\/wp-json\/wp\/v2\/media\/24227"}],"wp:attachment":[{"href":"https:\/\/losperiodistas.com.mx\/portal\/wp-json\/wp\/v2\/media?parent=24226"}],"wp:term":[{"taxonomy":"category","embeddable":true,"href":"https:\/\/losperiodistas.com.mx\/portal\/wp-json\/wp\/v2\/categories?post=24226"},{"taxonomy":"post_tag","embeddable":true,"href":"https:\/\/losperiodistas.com.mx\/portal\/wp-json\/wp\/v2\/tags?post=24226"}],"curies":[{"name":"wp","href":"https:\/\/api.w.org\/{rel}","templated":true}]}}