{"id":24223,"date":"2022-03-21T17:29:45","date_gmt":"2022-03-21T23:29:45","guid":{"rendered":"http:\/\/losperiodistas.com.mx\/portal\/?p=24223"},"modified":"2022-03-21T17:29:46","modified_gmt":"2022-03-21T23:29:46","slug":"ex-funcionarios-de-claudia-rivera-impugnan-acusacion-e-consulta","status":"publish","type":"post","link":"https:\/\/losperiodistas.com.mx\/portal\/ex-funcionarios-de-claudia-rivera-impugnan-acusacion-e-consulta\/","title":{"rendered":"Ex funcionarios de Claudia Rivera impugnan acusaci\u00f3n | E-Consulta"},"content":{"rendered":"\n<p>Magaly Herrera<strong> y Dami\u00e1n Romero recurren al TEPJF por acusaci\u00f3n de desv\u00edo de recursos<\/strong><\/p>\n\n\n\n<p><\/p>\n\n\n\n<figure class=\"wp-block-image size-full\"><img fetchpriority=\"high\" decoding=\"async\" width=\"640\" height=\"426\" src=\"https:\/\/losperiodistas.com.mx\/portal\/wp-content\/uploads\/2022\/03\/ayuntamiento-medidas-cautelares-457111.webp\" alt=\"\" class=\"wp-image-24224\" srcset=\"https:\/\/losperiodistas.com.mx\/portal\/wp-content\/uploads\/2022\/03\/ayuntamiento-medidas-cautelares-457111.webp 640w, https:\/\/losperiodistas.com.mx\/portal\/wp-content\/uploads\/2022\/03\/ayuntamiento-medidas-cautelares-457111-300x200.webp 300w\" sizes=\"(max-width: 640px) 100vw, 640px\" \/><figcaption>Agencia Enfoque<\/figcaption><\/figure>\n\n\n\n<p><\/p>\n\n\n\n<p class=\"has-vivid-cyan-blue-color has-text-color\" style=\"font-size:18px\">MARIANA SALINAS \/ E-CONSULTA<\/p>\n\n\n\n<p>Magaly Herrera L\u00f3pez y Dami\u00e1n Romero Su\u00e1rez,&nbsp;<strong>ex funcionarios de la administraci\u00f3n de Claudia Rivera Vivanco<\/strong>, impugnaron ante el Tribunal Electoral del Poder Judicial de la Federaci\u00f3n (TEPJF) la sentencia del tribunal local que los acusa de&nbsp;<strong>desv\u00edo de recursos en la campa\u00f1a electoral de 2021.<\/strong><\/p>\n\n\n\n<p>La ex coordinadora de Comunicaci\u00f3n Social y el ex secretario general, iniciaron la impugnaci\u00f3n con los expedientes SCM-JE-24\/2022 y SCM-JE-25\/2022 ante la Sala Regional de la Ciudad de M\u00e9xico del TEPJF para contravenir la<strong>&nbsp;resoluci\u00f3n del Tribunal Electoral del Estado de Puebla (TEEP)<\/strong>&nbsp;emitida el pasado 10 de marzo.<\/p>\n\n\n\n<p>\u201cContra la resoluci\u00f3n del expediente TEEP-AE-037\/2022, que determin\u00f3 la existencia de la infracci\u00f3n denunciada consistente en el uso indebido de recursos p\u00fablicos en contra de Magaly Herrera L\u00f3pez y Edgar Dami\u00e1n Romero Su\u00e1rez\u201d, dice la impugnaci\u00f3n que qued\u00f3 a cargo del<strong>&nbsp;magistrado Luis Enrique Rivero Carrera.<\/strong><\/p>\n\n\n\n<p>El TEEP determin\u00f3 que los funcionarios incurrieron en desv\u00edo de recursos tras ofrecer una rueda de prensa durante el proceso electoral de 2021 a favor de la entonces presidenta municipal con licencia Claudia Rivera.https:\/\/3e36fd024c8981487e81a356aca284d6.safeframe.googlesyndication.com\/safeframe\/1-0-38\/html\/container.html<\/p>\n\n\n\n<figure class=\"wp-block-image\"><img decoding=\"async\" src=\"https:\/\/www.e-consulta.com\/_next\/image?url=https%3A%2F%2Ffotos.e-consulta.com%2Fayuntamiento-medidas-cautelares-457109.jpg&amp;w=3840&amp;q=75\" alt=\"Acusan a funcionarios de Claudia Rivera de desv\u00edo de recursos\"\/><\/figure>\n\n\n\n<p>M\u00e1s del tema&#8230;<\/p>\n\n\n\n<h5 class=\"wp-block-heading\">Acusan a funcionarios de Claudia Rivera de desv\u00edo de recursos<\/h5>\n\n\n\n<p>El estudio de la queja presentada por el Secretario Ejecutivo del Instituto Electoral del Estado de Puebla (IEE), estuvo a cargo de la<strong>&nbsp;presidenta del TEEP, Norma Ang\u00e9lica Sandoval S\u00e1nchez<\/strong>, y detall\u00f3 que se utilizaron recursos del ayuntamiento tanto econ\u00f3micos como humanos, para pronunciarse en torno a las medidas cautelares que pesaban sobre la morenista, dentro de un procedimiento especial sancionador.<\/p>\n\n\n\n<p>El \u00fanico agravio que<strong>\u00a0fue desechado fue la acusaci\u00f3n por promoci\u00f3n personalizada<\/strong>\u00a0pues no hubo suficientes pruebas para acreditar la falta.<\/p>\n\n\n\n<p>Fuente: https:\/\/www.e-consulta.com\/nota\/2022-03-21\/ciudad\/ex-funcionarios-de-claudia-rivera-impugnan-acusacion<\/p>\n","protected":false},"excerpt":{"rendered":"<p>Magaly Herrera y Dami\u00e1n Romero recurren al TEPJF por acusaci\u00f3n de desv\u00edo de recursos MARIANA SALINAS \/ E-CONSULTA Magaly Herrera [&hellip;]<\/p>\n","protected":false},"author":1,"featured_media":24224,"comment_status":"open","ping_status":"open","sticky":false,"template":"","format":"standard","meta":{"site-sidebar-layout":"default","site-content-layout":"","ast-site-content-layout":"default","site-content-style":"default","site-sidebar-style":"default","ast-global-header-display":"","ast-banner-title-visibility":"","ast-main-header-display":"","ast-hfb-above-header-display":"","ast-hfb-below-header-display":"","ast-hfb-mobile-header-display":"","site-post-title":"","ast-breadcrumbs-content":"","ast-featured-img":"","footer-sml-layout":"","theme-transparent-header-meta":"","adv-header-id-meta":"","stick-header-meta":"","header-above-stick-meta":"","header-main-stick-meta":"","header-below-stick-meta":"","astra-migrate-meta-layouts":"default","ast-page-background-enabled":"default","ast-page-background-meta":{"desktop":{"background-color":"var(--ast-global-color-4)","background-image":"","background-repeat":"repeat","background-position":"center center","background-size":"auto","background-attachment":"scroll","background-type":"","background-media":"","overlay-type":"","overlay-color":"","overlay-opacity":"","overlay-gradient":""},"tablet":{"background-color":"","background-image":"","background-repeat":"repeat","background-position":"center center","background-size":"auto","background-attachment":"scroll","background-type":"","background-media":"","overlay-type":"","overlay-color":"","overlay-opacity":"","overlay-gradient":""},"mobile":{"background-color":"","background-image":"","background-repeat":"repeat","background-position":"center center","background-size":"auto","background-attachment":"scroll","background-type":"","background-media":"","overlay-type":"","overlay-color":"","overlay-opacity":"","overlay-gradient":""}},"ast-content-background-meta":{"desktop":{"background-color":"var(--ast-global-color-5)","background-image":"","background-repeat":"repeat","background-position":"center center","background-size":"auto","background-attachment":"scroll","background-type":"","background-media":"","overlay-type":"","overlay-color":"","overlay-opacity":"","overlay-gradient":""},"tablet":{"background-color":"var(--ast-global-color-5)","background-image":"","background-repeat":"repeat","background-position":"center center","background-size":"auto","background-attachment":"scroll","background-type":"","background-media":"","overlay-type":"","overlay-color":"","overlay-opacity":"","overlay-gradient":""},"mobile":{"background-color":"var(--ast-global-color-5)","background-image":"","background-repeat":"repeat","background-position":"center center","background-size":"auto","background-attachment":"scroll","background-type":"","background-media":"","overlay-type":"","overlay-color":"","overlay-opacity":"","overlay-gradient":""}},"footnotes":""},"categories":[8],"tags":[84,704,9009,1042],"class_list":["post-24223","post","type-post","status-publish","format-standard","has-post-thumbnail","hentry","category-noticias","tag-claudia-rivera-vivanco","tag-damian-romero-suarez","tag-magaly-herrera-lopez","tag-tepjf"],"_links":{"self":[{"href":"https:\/\/losperiodistas.com.mx\/portal\/wp-json\/wp\/v2\/posts\/24223","targetHints":{"allow":["GET"]}}],"collection":[{"href":"https:\/\/losperiodistas.com.mx\/portal\/wp-json\/wp\/v2\/posts"}],"about":[{"href":"https:\/\/losperiodistas.com.mx\/portal\/wp-json\/wp\/v2\/types\/post"}],"author":[{"embeddable":true,"href":"https:\/\/losperiodistas.com.mx\/portal\/wp-json\/wp\/v2\/users\/1"}],"replies":[{"embeddable":true,"href":"https:\/\/losperiodistas.com.mx\/portal\/wp-json\/wp\/v2\/comments?post=24223"}],"version-history":[{"count":1,"href":"https:\/\/losperiodistas.com.mx\/portal\/wp-json\/wp\/v2\/posts\/24223\/revisions"}],"predecessor-version":[{"id":24225,"href":"https:\/\/losperiodistas.com.mx\/portal\/wp-json\/wp\/v2\/posts\/24223\/revisions\/24225"}],"wp:featuredmedia":[{"embeddable":true,"href":"https:\/\/losperiodistas.com.mx\/portal\/wp-json\/wp\/v2\/media\/24224"}],"wp:attachment":[{"href":"https:\/\/losperiodistas.com.mx\/portal\/wp-json\/wp\/v2\/media?parent=24223"}],"wp:term":[{"taxonomy":"category","embeddable":true,"href":"https:\/\/losperiodistas.com.mx\/portal\/wp-json\/wp\/v2\/categories?post=24223"},{"taxonomy":"post_tag","embeddable":true,"href":"https:\/\/losperiodistas.com.mx\/portal\/wp-json\/wp\/v2\/tags?post=24223"}],"curies":[{"name":"wp","href":"https:\/\/api.w.org\/{rel}","templated":true}]}}