{"id":2420,"date":"2020-12-16T06:33:52","date_gmt":"2020-12-16T12:33:52","guid":{"rendered":"http:\/\/losperiodistas.com.mx\/portal\/?p=2420"},"modified":"2020-12-16T06:33:52","modified_gmt":"2020-12-16T12:33:52","slug":"se-suma-mexico-libre-al-pan","status":"publish","type":"post","link":"https:\/\/losperiodistas.com.mx\/portal\/se-suma-mexico-libre-al-pan\/","title":{"rendered":"\u00bfSe suma M\u00e9xico Libre al PAN?"},"content":{"rendered":"\n<p style=\"font-size:26px\"><em>Por Humberto Aguilar Coronado*<\/em><\/p>\n\n\n\n<p>Despu\u00e9s de que en la sesi\u00f3n del Consejo Nacional del Partido Acci\u00f3n Nacional se aprobara por amplia mayor\u00eda que se buscara la posibilidad de ir en alianza flexible con el Partido Revolucionario Institucional y con el Partido de la Revoluci\u00f3n Democr\u00e1tica, para presentar candidatos comunes en por lo menos 130 Distritos Federales para la elecci\u00f3n de junio del 2021, se conoci\u00f3 la posici\u00f3n de quienes manejan M\u00e9xico Libre, esa organizaci\u00f3n a la que se le neg\u00f3 la posibilidad de ser partido pol\u00edtico por el INE y que posteriormente fue ratificada la decisi\u00f3n por el Tribunal Federal Electoral.<\/p>\n\n\n\n<p>En su exposici\u00f3n, se\u00f1alan 11 condiciones m\u00ednimas para lo que llaman la integraci\u00f3n de M\u00e9xico Libre y el PAN y me parece importante transcribir la respuesta que da el CEN del PAN a dichas condiciones, para que quede clara la posici\u00f3n de ambas organizaciones.<\/p>\n\n\n\n<p><strong>A LOS MILITANTES DE M\u00c9XICO LIBRE<\/strong><\/p>\n\n\n\n<p>Conocimos a trav\u00e9s de las redes sociales un documento en donde se sugiere la integraci\u00f3n al PAN de liderazgos, militantes, lemas, nombre y logo de M\u00e9xico Libre, para convertir a Acci\u00f3n Nacional en la mayor fuerza pol\u00edtica del pa\u00eds.<\/p>\n\n\n\n<p>Sobre el particular, reconocemos que el PAN es un aut\u00e9ntico instrumento al servicio de la ciudadan\u00eda, por lo que son bienvenidos al esfuerzo democr\u00e1tico todas las mujeres y todos los hombres libres que decidan sumarse al esfuerzo presente y reto futuro, por eso, la afiliaci\u00f3n est\u00e1 abierta para todas y todos los ciudadanos que decidan voluntariamente hacerlo.<\/p>\n\n\n\n<p>Nuestra visi\u00f3n est\u00e1 puesta en el 2021, no en el 2018, y del mismo modo que exigimos al actual gobierno federal que viva el presente y construya el futuro, lo mismo nos exigimos nosotros.<\/p>\n\n\n\n<p>Por eso el Consejo Nacional aprob\u00f3 por una amplia mayor\u00eda explorar la posibilidad de ir en una coalici\u00f3n parcial con otros partidos pol\u00edticos y por supuesto, con todas las agrupaciones y organizaciones de la sociedad civil organizada que desean participar y sumar para tener equilibrio democr\u00e1tico y un contrapeso institucional al gobierno.<\/p>\n\n\n\n<p>Sin duda, la propuesta program\u00e1tica de M\u00e9xico Libre tiene grandes coincidencias con la Plataforma Electoral que recientemente aprob\u00f3 el Consejo Nacional del PAN, por lo que promoveremos una campa\u00f1a de comunicaci\u00f3n institucional, con base en los valores humanistas.<\/p>\n\n\n\n<p>En Acci\u00f3n Nacional estamos haciendo todo lo que est\u00e1 en nuestras manos para frenar el retroceso econ\u00f3mico y en seguridad, el deterioro institucional, la amenaza populista y autoritaria que vive nuestro pa\u00eds.<\/p>\n\n\n\n<p>En Acci\u00f3n Nacional, sin condiciones y con la mejor actitud, estamos abiertos a construir y sumar esfuerzos con todas las ciudadanas y ciudadanos, as\u00ed como con todas las organizaciones que promuevan y defiendan un sistema democr\u00e1tico y de instituciones fuertes.<\/p>\n\n\n\n<p>M\u00e9xico hoy nos reclama trabajar unidos para corregir el presente y construir el futuro, con altura de miras y compartiendo objetivos superiores.<\/p>\n\n\n\n<p>\u00a1Unidos y fuertes para defender a M\u00e9xico!<\/p>\n\n\n\n<p>Hasta aqu\u00ed la respuesta institucional del PAN, que acompa\u00f1o a mi llamado a todas y todos aquellos dem\u00f3cratas que militan en M\u00e9xico Libre, a sumarse al esfuerzo que est\u00e1 encabezando el PAN para construir un contrapeso institucional en la C\u00e1mara de Diputados en la pr\u00f3xima legislatura.<\/p>\n\n\n\n<p>Vamos juntos a motivar la participaci\u00f3n de los ciudadanos en las pr\u00f3ximas elecciones.<\/p>\n\n\n\n<p>*Polit\u00f3logo y Master en Negociaci\u00f3n por la UC3 de Madrid, Espa\u00f1a.<\/p>\n","protected":false},"excerpt":{"rendered":"<p>Por Humberto Aguilar Coronado* Despu\u00e9s de que en la sesi\u00f3n del Consejo Nacional del Partido Acci\u00f3n Nacional se aprobara por [&hellip;]<\/p>\n","protected":false},"author":1,"featured_media":2421,"comment_status":"open","ping_status":"open","sticky":false,"template":"","format":"standard","meta":{"site-sidebar-layout":"default","site-content-layout":"","ast-site-content-layout":"default","site-content-style":"default","site-sidebar-style":"default","ast-global-header-display":"","ast-banner-title-visibility":"","ast-main-header-display":"","ast-hfb-above-header-display":"","ast-hfb-below-header-display":"","ast-hfb-mobile-header-display":"","site-post-title":"","ast-breadcrumbs-content":"","ast-featured-img":"","footer-sml-layout":"","theme-transparent-header-meta":"","adv-header-id-meta":"","stick-header-meta":"","header-above-stick-meta":"","header-main-stick-meta":"","header-below-stick-meta":"","astra-migrate-meta-layouts":"default","ast-page-background-enabled":"default","ast-page-background-meta":{"desktop":{"background-color":"var(--ast-global-color-4)","background-image":"","background-repeat":"repeat","background-position":"center center","background-size":"auto","background-attachment":"scroll","background-type":"","background-media":"","overlay-type":"","overlay-color":"","overlay-opacity":"","overlay-gradient":""},"tablet":{"background-color":"","background-image":"","background-repeat":"repeat","background-position":"center center","background-size":"auto","background-attachment":"scroll","background-type":"","background-media":"","overlay-type":"","overlay-color":"","overlay-opacity":"","overlay-gradient":""},"mobile":{"background-color":"","background-image":"","background-repeat":"repeat","background-position":"center center","background-size":"auto","background-attachment":"scroll","background-type":"","background-media":"","overlay-type":"","overlay-color":"","overlay-opacity":"","overlay-gradient":""}},"ast-content-background-meta":{"desktop":{"background-color":"var(--ast-global-color-5)","background-image":"","background-repeat":"repeat","background-position":"center center","background-size":"auto","background-attachment":"scroll","background-type":"","background-media":"","overlay-type":"","overlay-color":"","overlay-opacity":"","overlay-gradient":""},"tablet":{"background-color":"var(--ast-global-color-5)","background-image":"","background-repeat":"repeat","background-position":"center center","background-size":"auto","background-attachment":"scroll","background-type":"","background-media":"","overlay-type":"","overlay-color":"","overlay-opacity":"","overlay-gradient":""},"mobile":{"background-color":"var(--ast-global-color-5)","background-image":"","background-repeat":"repeat","background-position":"center center","background-size":"auto","background-attachment":"scroll","background-type":"","background-media":"","overlay-type":"","overlay-color":"","overlay-opacity":"","overlay-gradient":""}},"footnotes":""},"categories":[18],"tags":[],"class_list":["post-2420","post","type-post","status-publish","format-standard","has-post-thumbnail","hentry","category-palabra-de-tigre"],"_links":{"self":[{"href":"https:\/\/losperiodistas.com.mx\/portal\/wp-json\/wp\/v2\/posts\/2420","targetHints":{"allow":["GET"]}}],"collection":[{"href":"https:\/\/losperiodistas.com.mx\/portal\/wp-json\/wp\/v2\/posts"}],"about":[{"href":"https:\/\/losperiodistas.com.mx\/portal\/wp-json\/wp\/v2\/types\/post"}],"author":[{"embeddable":true,"href":"https:\/\/losperiodistas.com.mx\/portal\/wp-json\/wp\/v2\/users\/1"}],"replies":[{"embeddable":true,"href":"https:\/\/losperiodistas.com.mx\/portal\/wp-json\/wp\/v2\/comments?post=2420"}],"version-history":[{"count":1,"href":"https:\/\/losperiodistas.com.mx\/portal\/wp-json\/wp\/v2\/posts\/2420\/revisions"}],"predecessor-version":[{"id":2422,"href":"https:\/\/losperiodistas.com.mx\/portal\/wp-json\/wp\/v2\/posts\/2420\/revisions\/2422"}],"wp:featuredmedia":[{"embeddable":true,"href":"https:\/\/losperiodistas.com.mx\/portal\/wp-json\/wp\/v2\/media\/2421"}],"wp:attachment":[{"href":"https:\/\/losperiodistas.com.mx\/portal\/wp-json\/wp\/v2\/media?parent=2420"}],"wp:term":[{"taxonomy":"category","embeddable":true,"href":"https:\/\/losperiodistas.com.mx\/portal\/wp-json\/wp\/v2\/categories?post=2420"},{"taxonomy":"post_tag","embeddable":true,"href":"https:\/\/losperiodistas.com.mx\/portal\/wp-json\/wp\/v2\/tags?post=2420"}],"curies":[{"name":"wp","href":"https:\/\/api.w.org\/{rel}","templated":true}]}}