{"id":24158,"date":"2022-03-21T05:24:25","date_gmt":"2022-03-21T11:24:25","guid":{"rendered":"http:\/\/losperiodistas.com.mx\/portal\/?p=24158"},"modified":"2022-03-21T05:24:26","modified_gmt":"2022-03-21T11:24:26","slug":"asturias-capital-mundial-de-la-poesia-la-razon","status":"publish","type":"post","link":"https:\/\/losperiodistas.com.mx\/portal\/asturias-capital-mundial-de-la-poesia-la-razon\/","title":{"rendered":"Asturias, capital mundial de la poes\u00eda | La Raz\u00f3n"},"content":{"rendered":"\n<p class=\"has-medium-font-size\">Como cada a\u00f1o, este proyecto busca promover y alentar la lectura y el cultivo de la poes\u00eda, pues guarda lo<em>s sue\u00f1os de los pueblos y los impulsa hacia el futuro<\/em><\/p>\n\n\n\n<p><\/p>\n\n\n\n<figure class=\"wp-block-image size-full\"><img fetchpriority=\"high\" decoding=\"async\" width=\"600\" height=\"400\" src=\"https:\/\/losperiodistas.com.mx\/portal\/wp-content\/uploads\/2022\/03\/2SPKKZJ4KBFLVOBT2AFYRX3SN4.webp\" alt=\"\" class=\"wp-image-24159\" srcset=\"https:\/\/losperiodistas.com.mx\/portal\/wp-content\/uploads\/2022\/03\/2SPKKZJ4KBFLVOBT2AFYRX3SN4.webp 600w, https:\/\/losperiodistas.com.mx\/portal\/wp-content\/uploads\/2022\/03\/2SPKKZJ4KBFLVOBT2AFYRX3SN4-300x200.webp 300w\" sizes=\"(max-width: 600px) 100vw, 600px\" \/><figcaption><strong>Graciano Garc\u00eda<\/strong>\u00a0FOTO:\u00a0MARIANELA COLOMER (ASTURIAS DIARIO)<\/figcaption><\/figure>\n\n\n\n<p class=\"has-vivid-cyan-blue-color has-text-color\" style=\"font-size:26px\">JUAN GARC\u00cdA \/ LA RAZ\u00d3N<\/p>\n\n\n\n<p>Sin levantar polvareda, sin grandes alharacas, con paso firme y determinante, sigue el proyecto&nbsp;<a href=\"https:\/\/asturiascapitalmundialdelapoesia.com\/actualidad\/\" target=\"_blank\" rel=\"noreferrer noopener\">\u00abAsturias Capital Mundial de la Poes\u00eda\u00bb&nbsp;<\/a>en pos de sus objetivos. Otro a\u00f1o m\u00e1s, la idea \u2013nuevamente\u2013 del veterano periodista asturiano&nbsp;<strong>Graciano Garc\u00eda (Chano)&nbsp;<\/strong>celebra, como cada 21 de marzo, el d\u00eda mundial de la poes\u00eda.<\/p>\n\n\n\n<p>No contento en su d\u00eda con la invenci\u00f3n y puesta en marcha de los Premios Pr\u00edncipe de Asturias y haber puesto en el mapa mundi a su querida Asturias, hoy, al cabo de un tiempo oportuno, decide convocar y unir al pueblo asturiano en un proyecto hist\u00f3rico \u00fanico en el mundo, y celebrar una gran fiesta en torno a la cultura, y hacerlo como un&nbsp;<strong>gran proyecto de libertad, de educaci\u00f3n y belleza<\/strong>. Y, m\u00e1s all\u00e1 de esta convocatoria anual, pretende el proyecto al mismo tiempo promover y alentar la lectura y el cultivo de la Poes\u00eda, porque, como ya sab\u00edan en la antigua Grecia, influye en el coraz\u00f3n \u00e9tico y moral de cada individuo y en la sociedad entera.&nbsp;<strong>La Poes\u00eda guarda las emociones y los sue\u00f1os de los pueblos<\/strong>, y los impulsa hacia el futuro, creando, haciendo, sembrando. Libera e ilumina. Es el idioma de la humanidad. Es la voz de la experiencia y de la esperanza.<\/p>\n\n\n\n<p>Ha sido y es de tal calado el llamamiento de Graciano, que tambi\u00e9n instituciones, empresas y personas no precisamente asturianas, han mostrado de muy diversas maneras su incondicional apoyo a este singular y genuino proyecto. Las muy diversas y dispares maneras de participar y apoyar esta iniciativa cultural, lanza la imaginaci\u00f3n a volar de quienes lo hacen, que en estos a\u00f1os de vida que lleva el proyecto, hemos visto casi todo.&nbsp;<strong>Y todo ello dotado de la m\u00e1s ingeniosa creatividad al respecto<\/strong>. As\u00ed, desde un pastel hecho a prop\u00f3sito de la ocasi\u00f3n con ingredientes netamente asturianos \u2013manzana, avellana y queso Gamoneu\u2013 al que se llam\u00f3 \u00abpoema\u00bb, al reparto de d\u00edpticos con un poema de autor asturiano en todas las comandas de los enfermos ingresados en los tres hospitales principales (por su n\u00famero de camas) de Asturias. En fechas recientes, la incorporaci\u00f3n en los roscones de Reyes de poemas de Gloria Fuertes, tan defensora que fue de los ni\u00f1os.&nbsp;<strong>Comercios en general, grandes almacenes y superficies, librer\u00edas (incluso fuera de Espa\u00f1a), farmacias, Prensa,&nbsp;<\/strong>y un largo etc\u00e9tera apoyando con su respectiva y corporativa carteler\u00eda el acontecimiento, contribuyen a que la fiesta sea ciertamente notoria.<\/p>\n\n\n\n<p>As\u00ed que cada 21 de marzo \u2013d\u00eda en que la ONU convoca al mundo a celebrar el D\u00eda de la Poes\u00eda\u2013 los libros de poes\u00eda y los versos \u2013con tanta frecuencia marginados\u2013 salgan a la calle para que Asturias sea vanguardia en la celebraci\u00f3n de ese D\u00eda y su capital mundial. Ese es<strong>&nbsp;en definitiva el primer y gran objetivo del proyecto<\/strong>. Agradezco tambi\u00e9n a LA RAZ\u00d3N la oportunidad que me da cada a\u00f1o, de difundir esta idea tan importante para nuestra tierra Asturias y nuestro Reino de Espa\u00f1a.<\/p>\n\n\n\n<figure class=\"wp-block-image\"><img decoding=\"async\" src=\"https:\/\/www.larazon.es\/resizer\/hETmJAZuF1mQZZpK8xvldle55hI=\/600x0\/smart\/filters:format(jpg)\/cloudfront-eu-central-1.images.arcpublishing.com\/larazon\/SYYZXJ5TS5AF3DWK7OHRT3HFXI.jpg\" alt=\"Juan Garc\u00eda y Graciano Garc\u00eda\"\/><figcaption>Juan Garc\u00eda y Graciano Garc\u00eda&nbsp;FOTO:&nbsp;LA RAZ\u00d3N<\/figcaption><\/figure>\n\n\n\n<p>\u201cVolver\u00e1n a mi encuentro los caminos<\/p>\n\n\n\n<p>y los \u00e1rboles a contarme sus secretos,<\/p>\n\n\n\n<p>y las nubes a mirarme desde el cielo.<\/p>\n\n\n\n<p>Caminos, \u00e1rboles, nubes,<\/p>\n\n\n\n<p>p\u00e1jaros, ramas y sue\u00f1os,<\/p>\n\n\n\n<p>compa\u00f1\u00eda imprescindible<\/p>\n\n\n\n<p>para seguir caminando,<\/p>\n\n\n\n<p>para seguir viviendo\u201d.<\/p>\n\n\n\n<p><strong>Graciano<\/strong><\/p>\n\n\n\n<h4 class=\"wp-block-heading\">Programa de actividades<\/h4>\n\n\n\n<p>Unidos, en concordia, como ning\u00fan pueblo del mundo lo hace, enviaremos desde&nbsp;<a href=\"https:\/\/xn--unidos%2C%20en%20concordia%2C%20como%20ningn%20pueblo%20del%20mundo%20lo%20hace%2C%20enviaremos%20desde%20asturias%20capital%20mundial%20de%20la%20poesa%20un%20mensaje%20de%20esperanza%20a%20travs%20de%20la%20poesa%20y%20los%20poetas-uhu25c4b24p.xn--%20le%20invitamos%20a%20sumarse%20a%20la%20celebracin%20fomentando%20la%20poesa%20con%20el%20hashtag%20-elj71d\/#asturiascapitalmundialpoesia.%20De%20esta%20forma%20los%20versos%20estar%C3%A1n%20presentes%20en%20los%20colegios,%20las%20bibliotecas,%20los%20medios%20de%20comunicaci%C3%B3n,%20las%20redes,%20los%20comercios,%20las%20librer%C3%ADas,%20la%20calle,%20los%20hospitales,%20los%20medios%20de%20transporte,%20los%20escaparates,%20los%20actos%20culturales,%20los%20homenajes%20a%20grandes%20poetas%20y%20todo%20tipo%20de%20iniciativas%20que%20tengan%20como%20protagonista%20a%20la%20poes%C3%ADa.%20El%20acto%20central%20de%20Asturias,%20capital%20mundial%20de%20la%20Poes%C3%ADa%20ser%C3%A1%20una%20lectura%20de%20poemas%20en%20la%20Junta%20General%20del%20Principado%20de%20Asturias%20en%20las%20voces%20de%20la%20ciudadan%C3%ADa,%20representada%20por%20poetas,%20cargos%20institucionales%20e%20integrantes%20de%20la%20sociedad%20civil.%20Tras%20los%20invitados,%20la%20lectura%20se%20abrir%C3%A1%20al%20p%C3%BAblico,%20pero%20con%20limitaci%C3%B3n%20de%20tiempo,%20ya%20que%20el%20acto%20deber%C3%A1%20concluir%20sobre%20las%2015,30%20horas.%20Para%20que%20ni%20el%20aforo%20ni%20la%20distancia%20sean%20un%20obst%C3%A1culo,%20podr%C3%A1%20seguirse%20el%20recital%20a%20trav%C3%A9s%20del%20canal%20de%20Youtube%20de%20la%20Junta%20General%20del%20Principado%20de%20Asturias%20(https:\/\/www.youtube.com\/channel\/UCSZMd6O4c8HJJMAVWzQDujQ)%20Adem%C3%A1s,%20numerosos%20ayuntamientos%20celebrar%C3%A1n%20jornadas%20o%20lecturas%20de%20poes%C3%ADa%20y%20m%C3%A1s%20de%20una%20treintena%20de%20bibliotecas%20p%C3%BAblicas%20de%20toda%20Asturias%20organizar%C3%A1n%20el%20mismo%2021%20de%20marzo%20distintas%20actividades.%20En%20esa%20misma%20jornada,%20al%20mediod%C3%ADa,%20repicar%C3%A1n%20las%20campanas%20de%20todas%20las%20iglesias%20de%20Asturias,%20incluidas%20las%20de%20la%20catedral%20de%20Oviedo%20y%20las%20de%20la%20bas%C3%ADlica%20de%20Covadonga.%20El%20equipo%20de%20Asturias,%20capital%20mundial%20de%20la%20Poes%C3%ADa,%20con%20su%20impulsor%20a%20la%20cabeza%20Graciano%20Garc%C3%ADa,%20te%20agradecemos%20su%20apoyo%20y%20lealtad%20a%20este%20proyecto%20en%20el%20que%20la%20Poes%C3%ADa%20llena%20de%20vida%20a%20la%20vida%20y%20engrandece%20la%20virtud%20m%C3%A1s%20grande%20del%20ser%20humano:%20la%20esperanza.%20Gracias%20por%20el%20inter%C3%A9s%20y%20difusi%C3%B3n%20en%20vuestro%20diario%20de%20este%20acontecimiento.\" target=\"_blank\" rel=\"noreferrer noopener\">Asturias Capital Mundial de la Poes\u00eda<\/a>&nbsp;un mensaje de esperanza a trav\u00e9s de la poes\u00eda y los poetas.<\/p>\n\n\n\n<p>Le invitamos a sumarse a la celebraci\u00f3n fomentando la poes\u00eda con el hashtag&nbsp;<strong>#asturiascapitalmundialpoesia.<\/strong>&nbsp;De esta forma los versos estar\u00e1n presentes en los colegios, las bibliotecas, los medios de comunicaci\u00f3n, las redes, los comercios, las librer\u00edas, la calle, los hospitales, los medios de transporte, los escaparates, los actos culturales, los homenajes a grandes poetas y todo tipo de iniciativas que tengan como protagonista a la poes\u00eda.<\/p>\n\n\n\n<p>El acto central de&nbsp;<a href=\"https:\/\/asturiascapitalmundialdelapoesia.com\/\" target=\"_blank\" rel=\"noreferrer noopener\">Asturias Capital Mundial de la Poes\u00eda<\/a>&nbsp;ser\u00e1&nbsp;<strong>una lectura de poemas en la Junta General del Principado de Asturias en las voces de la ciudadan\u00eda<\/strong>, representada por poetas, cargos institucionales e integrantes de la sociedad civil. Tras los invitados, la lectura se abrir\u00e1 al p\u00fablico, pero con limitaci\u00f3n de tiempo, ya que el acto deber\u00e1 concluir sobre las 15:30 horas. Para que ni el aforo ni la distancia sean un obst\u00e1culo, podr\u00e1 seguirse el recital a trav\u00e9s<a href=\"https:\/\/www.youtube.com\/channel\/UCSZMd6O4c8HJJMAVWzQDujQ\" target=\"_blank\" rel=\"noreferrer noopener\">&nbsp;del canal de Youtube&nbsp;<\/a>de la Junta General del Principado de Asturias.<\/p>\n\n\n\n<p>Adem\u00e1s,&nbsp;<strong>numerosos ayuntamientos celebrar\u00e1n jornadas o lecturas de poes\u00eda&nbsp;<\/strong>y m\u00e1s de una treintena de bibliotecas p\u00fablicas de toda Asturias organizar\u00e1n el mismo 21 de marzo<a href=\"https:\/\/asturiascapitalmundialdelapoesia.com\/actualidad\/\" target=\"_blank\" rel=\"noreferrer noopener\">&nbsp;distintas actividades<\/a>. En esa misma jornada, al mediod\u00eda, repicar\u00e1n las campanas de todas las iglesias de Asturias, incluidas las de la catedral de Oviedo y las de la bas\u00edlica de Covadonga.<\/p>\n\n\n\n<ul class=\"wp-block-list\"><li><strong>Juan Garc\u00eda<\/strong>\u00a0forma parte del Comit\u00e9 Ejecutivo de Asturias Capital Mundial de la Poes\u00eda.<\/li><\/ul>\n\n\n\n<p>Fuente: https:\/\/www.larazon.es\/cultura\/literatura\/20220321\/vkgue566o5gjtoj6m2yni7k3ue.html<\/p>\n","protected":false},"excerpt":{"rendered":"<p>Como cada a\u00f1o, este proyecto busca promover y alentar la lectura y el cultivo de la poes\u00eda, pues guarda los [&hellip;]<\/p>\n","protected":false},"author":1,"featured_media":24159,"comment_status":"open","ping_status":"open","sticky":false,"template":"","format":"standard","meta":{"site-sidebar-layout":"default","site-content-layout":"","ast-site-content-layout":"default","site-content-style":"default","site-sidebar-style":"default","ast-global-header-display":"","ast-banner-title-visibility":"","ast-main-header-display":"","ast-hfb-above-header-display":"","ast-hfb-below-header-display":"","ast-hfb-mobile-header-display":"","site-post-title":"","ast-breadcrumbs-content":"","ast-featured-img":"","footer-sml-layout":"","theme-transparent-header-meta":"","adv-header-id-meta":"","stick-header-meta":"","header-above-stick-meta":"","header-main-stick-meta":"","header-below-stick-meta":"","astra-migrate-meta-layouts":"default","ast-page-background-enabled":"default","ast-page-background-meta":{"desktop":{"background-color":"var(--ast-global-color-4)","background-image":"","background-repeat":"repeat","background-position":"center center","background-size":"auto","background-attachment":"scroll","background-type":"","background-media":"","overlay-type":"","overlay-color":"","overlay-opacity":"","overlay-gradient":""},"tablet":{"background-color":"","background-image":"","background-repeat":"repeat","background-position":"center center","background-size":"auto","background-attachment":"scroll","background-type":"","background-media":"","overlay-type":"","overlay-color":"","overlay-opacity":"","overlay-gradient":""},"mobile":{"background-color":"","background-image":"","background-repeat":"repeat","background-position":"center center","background-size":"auto","background-attachment":"scroll","background-type":"","background-media":"","overlay-type":"","overlay-color":"","overlay-opacity":"","overlay-gradient":""}},"ast-content-background-meta":{"desktop":{"background-color":"var(--ast-global-color-5)","background-image":"","background-repeat":"repeat","background-position":"center center","background-size":"auto","background-attachment":"scroll","background-type":"","background-media":"","overlay-type":"","overlay-color":"","overlay-opacity":"","overlay-gradient":""},"tablet":{"background-color":"var(--ast-global-color-5)","background-image":"","background-repeat":"repeat","background-position":"center center","background-size":"auto","background-attachment":"scroll","background-type":"","background-media":"","overlay-type":"","overlay-color":"","overlay-opacity":"","overlay-gradient":""},"mobile":{"background-color":"var(--ast-global-color-5)","background-image":"","background-repeat":"repeat","background-position":"center center","background-size":"auto","background-attachment":"scroll","background-type":"","background-media":"","overlay-type":"","overlay-color":"","overlay-opacity":"","overlay-gradient":""}},"footnotes":""},"categories":[8],"tags":[8987,8989,8988],"class_list":["post-24158","post","type-post","status-publish","format-standard","has-post-thumbnail","hentry","category-noticias","tag-asturias-capital-mundial-de-la-poesia","tag-chano","tag-graciano-garcia"],"_links":{"self":[{"href":"https:\/\/losperiodistas.com.mx\/portal\/wp-json\/wp\/v2\/posts\/24158","targetHints":{"allow":["GET"]}}],"collection":[{"href":"https:\/\/losperiodistas.com.mx\/portal\/wp-json\/wp\/v2\/posts"}],"about":[{"href":"https:\/\/losperiodistas.com.mx\/portal\/wp-json\/wp\/v2\/types\/post"}],"author":[{"embeddable":true,"href":"https:\/\/losperiodistas.com.mx\/portal\/wp-json\/wp\/v2\/users\/1"}],"replies":[{"embeddable":true,"href":"https:\/\/losperiodistas.com.mx\/portal\/wp-json\/wp\/v2\/comments?post=24158"}],"version-history":[{"count":1,"href":"https:\/\/losperiodistas.com.mx\/portal\/wp-json\/wp\/v2\/posts\/24158\/revisions"}],"predecessor-version":[{"id":24160,"href":"https:\/\/losperiodistas.com.mx\/portal\/wp-json\/wp\/v2\/posts\/24158\/revisions\/24160"}],"wp:featuredmedia":[{"embeddable":true,"href":"https:\/\/losperiodistas.com.mx\/portal\/wp-json\/wp\/v2\/media\/24159"}],"wp:attachment":[{"href":"https:\/\/losperiodistas.com.mx\/portal\/wp-json\/wp\/v2\/media?parent=24158"}],"wp:term":[{"taxonomy":"category","embeddable":true,"href":"https:\/\/losperiodistas.com.mx\/portal\/wp-json\/wp\/v2\/categories?post=24158"},{"taxonomy":"post_tag","embeddable":true,"href":"https:\/\/losperiodistas.com.mx\/portal\/wp-json\/wp\/v2\/tags?post=24158"}],"curies":[{"name":"wp","href":"https:\/\/api.w.org\/{rel}","templated":true}]}}