{"id":24122,"date":"2022-03-20T18:32:15","date_gmt":"2022-03-21T00:32:15","guid":{"rendered":"http:\/\/losperiodistas.com.mx\/portal\/?p=24122"},"modified":"2022-03-20T18:32:17","modified_gmt":"2022-03-21T00:32:17","slug":"via-crucis-de-la-4t","status":"publish","type":"post","link":"https:\/\/losperiodistas.com.mx\/portal\/via-crucis-de-la-4t\/","title":{"rendered":"V\u00eda Crucis de la 4T"},"content":{"rendered":"\n<p><\/p>\n\n\n\n<figure class=\"wp-block-embed is-type-video is-provider-youtube wp-block-embed-youtube wp-embed-aspect-16-9 wp-has-aspect-ratio\"><div class=\"wp-block-embed__wrapper\">\n<iframe title=\"V\u00eda Crucis 4T\" width=\"500\" height=\"281\" src=\"https:\/\/www.youtube.com\/embed\/oAhtl-v9y78?feature=oembed\" frameborder=\"0\" allow=\"accelerometer; autoplay; clipboard-write; encrypted-media; gyroscope; picture-in-picture; web-share\" referrerpolicy=\"strict-origin-when-cross-origin\" allowfullscreen><\/iframe>\n<\/div><\/figure>\n\n\n\n<p><\/p>\n\n\n\n<p><\/p>\n\n\n\n<p class=\"has-vivid-cyan-blue-color has-text-color\" style=\"font-size:26px\"><strong><em>Por Jes\u00fas Manuel Hern\u00e1ndez<\/em><\/strong><\/p>\n\n\n\n<p>Para los cristianos el inicio y el fin de la Cuaresma tienen significado no s\u00f3lo religioso, tambi\u00e9n un tanto relacionado con el periodo de descanso, es decir de las vacaciones, tema por dem\u00e1s de alta demanda luego de la forzada restricci\u00f3n derivada de la pandemia que se ha sufrido y padecido.<\/p>\n\n\n\n<p>La Cuaresma de este a\u00f1o inici\u00f3 el 2 de marzo, Mi\u00e9rcoles de Ceniza, y terminar\u00e1 el 10 de abril, con el Domingo de Ramos, a continuaci\u00f3n es la Semana Santa que termina con la Resurrecci\u00f3n del Se\u00f1or el domingo 17 de abril.<\/p>\n\n\n\n<p>La 4T ha padecido su cuaresma, muy a su estilo, con tropiezos desde dentro, muchos, y algunos alimentados desde fuera.<\/p>\n\n\n\n<p>La agenda del presidente sigue pendiente de temas insalvables, la corrupci\u00f3n, la impunidad y la protecci\u00f3n a los influyentes funcionarios.<\/p>\n\n\n\n<p>Quiz\u00e1 el caso m\u00e1s sonado y trascendido sea el del Fiscal General Alejandro Gertz Manero, presa de su actitud y rodeado de espionajes que vienen revelando pausadamente, como la gota que perfora la roca. La \u00faltima, la declaraci\u00f3n del \u201chermano\u201d del Presidente, el ex asesor jur\u00eddico de la Oficina Presidencial, Julio Scherer Ibarra, quien en un tiro de carambola arrastra en su denuncia la complicidad entre Olga S\u00e1nchez Cordero, la ministra, la senadora, la ex Secretaria de Gobernaci\u00f3n, y el Fiscal cuyo activo inmobiliario espa\u00f1ol ha sido revelado por la prensa extranjera.<\/p>\n\n\n\n<p>Adem\u00e1s el V\u00eda Crucis de la 4T se ve a\u00f1adido por los <strong>Obispos de la Provincia Eclesi\u00e1stica de Chihuahua <\/strong>quienes denunciaron hace unos d\u00edas una escalada de parte de la alianza integrada por Morena, Partido del Trabajo y Movimiento Ciudadano, para despenalizar el aborto hasta las 12 semanas; pretende la iniciativa sumar a Chihuahua a los estados de Oaxaca, Hidalgo, Veracruz, Baja California, Colima y Sinaloa.<\/p>\n\n\n\n<p>En el caso de Puebla los legisladores fueron convocados por el l\u00edder del Congreso Sergio Salom\u00f3n C\u00e9spedes Peregrina a \u201cconsultar\u201d entre sus electores la posibilidad de unirse a esta tendencia nacional para despenalizar el aborto.<\/p>\n\n\n\n<p>La conclusi\u00f3n es que la 4T ahora cargar\u00e1 el V\u00eda Crucis de la despenalizaci\u00f3n del aborto en un escenario donde afloran los enfrentamientos entre los \u201cduros\u201d y los \u201csuaves\u201d de la 4T, todos ellos involucrados en un solo tema: la sucesi\u00f3n presidencial.<\/p>\n\n\n\n<p>Ricardo Monreal declar\u00f3 nuevamente a media semana en el noticiario de L\u00f3pez D\u00f3riga su deseo y voluntad, respetando la ley de inscribirse en la convocatoria de Morena para el 2024, todo en medio del fuerte enfrentamiento con el grupo de <strong>Claudia Sheinbaum<\/strong> y quienes le arman la campa\u00f1a: <strong>Dolores Padierna<\/strong> y <strong>Ren\u00e9 Bejarano<\/strong>, por cierto quienes intentaron extender sus dominios, \u00bfcaciquiles?, en el gobierno de <strong>Miguel Barbosa<\/strong> a trav\u00e9s del <strong>Movimiento Nacional por la Esperanza <\/strong>incrustado entre los colaboradores de <strong>David M\u00e9ndez M\u00e1rquez<\/strong>, como <strong>Jos\u00e9 Luis Alegre Maldonado<\/strong>.<\/p>\n\n\n\n<p>Total que las aguas est\u00e1n revueltas. El presidente parece navegar con una br\u00fajula que s\u00f3lo \u00e9l entiende, el episcopado llama a votar el 10 de abril en conciencia, pero al mismo tiempo alienta un des\u00e1nimo en contra de la 4T por el tema del aborto, los mexicanos se alistan a tomar vacaciones de Semana Santa y el presidente consigue el aval del senado para convocar a votar el 10 de abril en un punto m\u00e1s a su favor en el enfrentamiento contra el INE.<\/p>\n\n\n\n<p>Por si fuera poco circula en redes una buena cantidad de videos, opiniones, comentarios y noticias falsas sobre la conveniencia de votar o no votar.<\/p>\n\n\n\n<p>Quiz\u00e1 el com\u00fan denominador sea poner en evidencia que si L\u00f3pez Obrador tuvo m\u00e1s de 30 millones de votos para ser presidente, debiera tener al menos el 60 por ciento, unos 18 millones de votos a su favor para continuar en el mandato, asunto que entre sus huestes y seguidores se ve dif\u00edcil.<\/p>\n\n\n\n<p>Por lo pronto el 10 de abril, muchos ir\u00e1n a misa, comprar\u00e1n las palmas, los ramos, y los llevar\u00e1n a bendecir a las iglesias, y aunque el serm\u00f3n quiz\u00e1 est\u00e9 alejado del tema de la Revocaci\u00f3n de Mandato, tambi\u00e9n ser\u00e1 un elemento para \u201cmedir fuerzas\u201d para el 24.<\/p>\n\n\n\n<p>O por lo menos, as\u00ed me lo parece.<\/p>\n\n\n\n<p><a href=\"mailto:losperiodistas.com.mx@gmail.com\">losperiodistas.com.mx@gmail.com<\/a><\/p>\n\n\n\n<p><\/p>\n","protected":false},"excerpt":{"rendered":"<p>Por Jes\u00fas Manuel Hern\u00e1ndez Para los cristianos el inicio y el fin de la Cuaresma tienen significado no s\u00f3lo religioso, [&hellip;]<\/p>\n","protected":false},"author":1,"featured_media":24131,"comment_status":"open","ping_status":"open","sticky":false,"template":"","format":"standard","meta":{"site-sidebar-layout":"default","site-content-layout":"","ast-site-content-layout":"default","site-content-style":"default","site-sidebar-style":"default","ast-global-header-display":"","ast-banner-title-visibility":"","ast-main-header-display":"","ast-hfb-above-header-display":"","ast-hfb-below-header-display":"","ast-hfb-mobile-header-display":"","site-post-title":"","ast-breadcrumbs-content":"","ast-featured-img":"","footer-sml-layout":"","theme-transparent-header-meta":"","adv-header-id-meta":"","stick-header-meta":"","header-above-stick-meta":"","header-main-stick-meta":"","header-below-stick-meta":"","astra-migrate-meta-layouts":"default","ast-page-background-enabled":"default","ast-page-background-meta":{"desktop":{"background-color":"var(--ast-global-color-4)","background-image":"","background-repeat":"repeat","background-position":"center center","background-size":"auto","background-attachment":"scroll","background-type":"","background-media":"","overlay-type":"","overlay-color":"","overlay-opacity":"","overlay-gradient":""},"tablet":{"background-color":"","background-image":"","background-repeat":"repeat","background-position":"center center","background-size":"auto","background-attachment":"scroll","background-type":"","background-media":"","overlay-type":"","overlay-color":"","overlay-opacity":"","overlay-gradient":""},"mobile":{"background-color":"","background-image":"","background-repeat":"repeat","background-position":"center center","background-size":"auto","background-attachment":"scroll","background-type":"","background-media":"","overlay-type":"","overlay-color":"","overlay-opacity":"","overlay-gradient":""}},"ast-content-background-meta":{"desktop":{"background-color":"var(--ast-global-color-5)","background-image":"","background-repeat":"repeat","background-position":"center center","background-size":"auto","background-attachment":"scroll","background-type":"","background-media":"","overlay-type":"","overlay-color":"","overlay-opacity":"","overlay-gradient":""},"tablet":{"background-color":"var(--ast-global-color-5)","background-image":"","background-repeat":"repeat","background-position":"center center","background-size":"auto","background-attachment":"scroll","background-type":"","background-media":"","overlay-type":"","overlay-color":"","overlay-opacity":"","overlay-gradient":""},"mobile":{"background-color":"var(--ast-global-color-5)","background-image":"","background-repeat":"repeat","background-position":"center center","background-size":"auto","background-attachment":"scroll","background-type":"","background-media":"","overlay-type":"","overlay-color":"","overlay-opacity":"","overlay-gradient":""}},"footnotes":""},"categories":[8,5],"tags":[762,885,8960,8979,3354,8977],"class_list":["post-24122","post","type-post","status-publish","format-standard","has-post-thumbnail","hentry","category-noticias","category-por-soleares","tag-alejandro-gertz-manero","tag-ine","tag-julio-scherer-ibarra","tag-movimiento-nacional-por-la-esperanza","tag-olga-sanchez-cordero","tag-sucesion-2024"],"_links":{"self":[{"href":"https:\/\/losperiodistas.com.mx\/portal\/wp-json\/wp\/v2\/posts\/24122","targetHints":{"allow":["GET"]}}],"collection":[{"href":"https:\/\/losperiodistas.com.mx\/portal\/wp-json\/wp\/v2\/posts"}],"about":[{"href":"https:\/\/losperiodistas.com.mx\/portal\/wp-json\/wp\/v2\/types\/post"}],"author":[{"embeddable":true,"href":"https:\/\/losperiodistas.com.mx\/portal\/wp-json\/wp\/v2\/users\/1"}],"replies":[{"embeddable":true,"href":"https:\/\/losperiodistas.com.mx\/portal\/wp-json\/wp\/v2\/comments?post=24122"}],"version-history":[{"count":1,"href":"https:\/\/losperiodistas.com.mx\/portal\/wp-json\/wp\/v2\/posts\/24122\/revisions"}],"predecessor-version":[{"id":24132,"href":"https:\/\/losperiodistas.com.mx\/portal\/wp-json\/wp\/v2\/posts\/24122\/revisions\/24132"}],"wp:featuredmedia":[{"embeddable":true,"href":"https:\/\/losperiodistas.com.mx\/portal\/wp-json\/wp\/v2\/media\/24131"}],"wp:attachment":[{"href":"https:\/\/losperiodistas.com.mx\/portal\/wp-json\/wp\/v2\/media?parent=24122"}],"wp:term":[{"taxonomy":"category","embeddable":true,"href":"https:\/\/losperiodistas.com.mx\/portal\/wp-json\/wp\/v2\/categories?post=24122"},{"taxonomy":"post_tag","embeddable":true,"href":"https:\/\/losperiodistas.com.mx\/portal\/wp-json\/wp\/v2\/tags?post=24122"}],"curies":[{"name":"wp","href":"https:\/\/api.w.org\/{rel}","templated":true}]}}