{"id":24114,"date":"2022-03-20T09:01:20","date_gmt":"2022-03-20T15:01:20","guid":{"rendered":"http:\/\/losperiodistas.com.mx\/portal\/?p=24114"},"modified":"2022-03-20T09:01:21","modified_gmt":"2022-03-20T15:01:21","slug":"ucrania-resiste-bajo-la-desolacion-la-ayuda-alimentaria-llega-a-duras-penas-a-las-ciudades-sitiadas-euronews","status":"publish","type":"post","link":"https:\/\/losperiodistas.com.mx\/portal\/ucrania-resiste-bajo-la-desolacion-la-ayuda-alimentaria-llega-a-duras-penas-a-las-ciudades-sitiadas-euronews\/","title":{"rendered":"Ucrania resiste bajo la desolaci\u00f3n. La ayuda alimentaria llega a duras penas a las ciudades sitiadas\u00a0| Euronews"},"content":{"rendered":"\n<figure class=\"wp-block-embed is-type-video is-provider-youtube wp-block-embed-youtube wp-embed-aspect-16-9 wp-has-aspect-ratio\"><div class=\"wp-block-embed__wrapper\">\n<iframe title=\"Ucrania resiste bajo la desolaci\u00f3n. La ayuda alimentaria llega a duras penas a las ciudades sitiadas\" width=\"500\" height=\"281\" src=\"https:\/\/www.youtube.com\/embed\/8eLk7lyWXHQ?feature=oembed\" frameborder=\"0\" allow=\"accelerometer; autoplay; clipboard-write; encrypted-media; gyroscope; picture-in-picture; web-share\" referrerpolicy=\"strict-origin-when-cross-origin\" allowfullscreen><\/iframe>\n<\/div><figcaption>Derechos de autor\u00a0\u00a0<a href=\"https:\/\/es.euronews.com\/2022\/03\/20\/ucrania-resiste-bajo-la-desolacion-la-ayuda-alimentaria-llega-a-duras-penas-a-las-ciudades#\">Evgeniy Maloletka\/Copyright 2022 The Associated Press. All rights reserved<\/a><\/figcaption><\/figure>\n\n\n\n<p><\/p>\n\n\n\n<p class=\"has-vivid-cyan-blue-color has-text-color\" style=\"font-size:26px\">EURONEWS<\/p>\n\n\n\n<p>Ucrania bajo la desolaci\u00f3n de la guerra. En la ciudad portuaria de Mari\u00fapol, a orillas del mar de Azov, la poblaci\u00f3n se refugia en escuelas con lo poco que ha podido salvar de sus hogares. Las autoridades ucranianas denuncian que cientos de residentes est\u00e1n siendo llevados a Rusia en contra su voluntad, desde donde son redirigidos a ciudades remotas del pa\u00eds. Diez corredores humanitarios han sido acordados para la evacuaci\u00f3n de civiles de las zonas de guerra. Este s\u00e1bado, los bombardeos rusos destruyeron pr\u00e1cticamente una de las mayores f\u00e1bricas sider\u00fargicas del pa\u00eds.<\/p>\n\n\n\n<h2 class=\"wp-block-heading\">J\u00e1rkov, objetivo estrat\u00e9gico del Kremlin<\/h2>\n\n\n\n<p>En J\u00e1rkov, un reciente bombardeo ha destru\u00eddo un edificio administrativo regional. Los equipos de rescate trabajan entre monta\u00f1as de escombros. Bombardeada por tierra y aire, J\u00e1rkov, a unos 30 kil\u00f3metros de la frontera rusa, es una de la ciudades estrat\u00e9gicas para el Kremlin. en su invasi\u00f3n a Ucrania.<\/p>\n\n\n\n<p>M\u00e1s de 6.600 ucranianos han sido evacuados el s\u00e1bado de las ciudades asediadas a trav\u00e9s de ocho corredores humanitarios.<\/p>\n\n\n\n<h2 class=\"wp-block-heading\">\u00abLas negociaciones tienen que desembocar en la paz\u00bb<\/h2>\n\n\n\n<p>En la ciudad de Kiev, al menos 228 personas han perdido la vida, entre ellas cuatro ni\u00f1os. Los habitantes de la capital se refugian en instalaciones subterr\u00e1neas. El presidente de Ucrania, Volod\u00edmir Zelenski asegura que las negociaciones deben concluir en un acuerdo de paz.<\/p>\n\n\n\n<p>\u00abEstoy seguro de que entienden que las negociaciones no son f\u00e1ciles ni agradables, pero son necesarias porque es un asunto vital. Ucrania siempre ha buscado una soluci\u00f3n pac\u00edfica, lo que m\u00e1s nos interesa ahora es la paz. Porque contamos cada baja, cada familia arruinada y cada casa destru\u00edda.\u00bb<\/p>\n\n\n\n<h2 class=\"wp-block-heading\">Protegiendo \u00abla perla del mar Negro\u00bb<\/h2>\n\n\n\n<p>La ciudad de Odesa es mucho m\u00e1s que un objetivo militar&#8230; los ucranianos protegen el centro hist\u00f3rico de \u00abla perla del mar Negro con erizos de acero y sacos de arena. Con la avanzada rusa en el sureste del pa\u00eds, la ciudad se prepara para una inminente ofensiva rusa por v\u00eda mar\u00edtima.<\/p>\n\n\n\n<h2 class=\"wp-block-heading\">Reacciones a nivel internacional<\/h2>\n\n\n\n<p>Australia ha prohibido la venta de al\u00famina y minerales de aluminio a Rusia, en un esfuerzo por limitar la producci\u00f3n rusa de municiones. Australia suministra el 20% de la al\u00famina de Rusia.<\/p>\n\n\n\n<p>El Ministerio de Defensa del Reino Unido afirm\u00f3 que Rusia sigue sin conseguir el control de los cielos de Ucrania.<\/p>\n\n\n\n<p>El ministro de Asuntos Exteriores de China, Wang Yi, afirma que su pa\u00eds est\u00e1 \u00aben el lado correcto de la historia\u00bb, mientras sigue arremetiendo contra las sanciones impuestas a Rusia y niega que est\u00e9 considerando suministrar armas a Mosc\u00fa.<\/p>\n\n\n\n<p>Polonia ha propuesto que la UE aplique una prohibici\u00f3n total del comercio con Rusia, seg\u00fan declar\u00f3 el primer ministro del pa\u00eds, Mateusz Morawiecki.<\/p>\n\n\n\n<h2 class=\"wp-block-heading\">Armas supers\u00f3nicas rusas y ayuda humanitaria<\/h2>\n\n\n\n<p>Rusia asegura que ha utilizado armas hipers\u00f3nicas, que viajan lo suficientemente r\u00e1pido como para evadir la detecci\u00f3n de los sistemas de defensa antimisiles, para destruir un dep\u00f3sito militar subterr\u00e1neo en el oeste de Ucrania.<\/p>\n\n\n\n<p>Las agencias de ayuda humanitaria no logran llegar a las personas atrapadas en las ciudades sitiadas por las fuerzas rusas, seg\u00fan el Programa Mundial de Alimentos.<\/p>\n\n\n\n<p>Ucrania podr\u00eda no producir suficientes cosechas para exportar si la temporada de siembra de este a\u00f1o se ve interrumpida por la invasi\u00f3n rusa, declar\u00f3 el asesor presidencial Oleh Ustenko.<\/p>\n\n\n\n<p>Fuentes adicionales<strong>\u00a0\u2022 Escarlata S\u00e1nchez (Texto y locuci\u00f3n en espa\u00f1ol)<\/strong><\/p>\n\n\n\n<p>Fuente: https:\/\/es.euronews.com\/2022\/03\/20\/ucrania-resiste-bajo-la-desolacion-la-ayuda-alimentaria-llega-a-duras-penas-a-las-ciudades<\/p>\n","protected":false},"excerpt":{"rendered":"<p>EURONEWS Ucrania bajo la desolaci\u00f3n de la guerra. En la ciudad portuaria de Mari\u00fapol, a orillas del mar de Azov, [&hellip;]<\/p>\n","protected":false},"author":1,"featured_media":24116,"comment_status":"open","ping_status":"open","sticky":false,"template":"","format":"standard","meta":{"site-sidebar-layout":"default","site-content-layout":"","ast-site-content-layout":"default","site-content-style":"default","site-sidebar-style":"default","ast-global-header-display":"","ast-banner-title-visibility":"","ast-main-header-display":"","ast-hfb-above-header-display":"","ast-hfb-below-header-display":"","ast-hfb-mobile-header-display":"","site-post-title":"","ast-breadcrumbs-content":"","ast-featured-img":"","footer-sml-layout":"","theme-transparent-header-meta":"","adv-header-id-meta":"","stick-header-meta":"","header-above-stick-meta":"","header-main-stick-meta":"","header-below-stick-meta":"","astra-migrate-meta-layouts":"default","ast-page-background-enabled":"default","ast-page-background-meta":{"desktop":{"background-color":"var(--ast-global-color-4)","background-image":"","background-repeat":"repeat","background-position":"center center","background-size":"auto","background-attachment":"scroll","background-type":"","background-media":"","overlay-type":"","overlay-color":"","overlay-opacity":"","overlay-gradient":""},"tablet":{"background-color":"","background-image":"","background-repeat":"repeat","background-position":"center center","background-size":"auto","background-attachment":"scroll","background-type":"","background-media":"","overlay-type":"","overlay-color":"","overlay-opacity":"","overlay-gradient":""},"mobile":{"background-color":"","background-image":"","background-repeat":"repeat","background-position":"center center","background-size":"auto","background-attachment":"scroll","background-type":"","background-media":"","overlay-type":"","overlay-color":"","overlay-opacity":"","overlay-gradient":""}},"ast-content-background-meta":{"desktop":{"background-color":"var(--ast-global-color-5)","background-image":"","background-repeat":"repeat","background-position":"center center","background-size":"auto","background-attachment":"scroll","background-type":"","background-media":"","overlay-type":"","overlay-color":"","overlay-opacity":"","overlay-gradient":""},"tablet":{"background-color":"var(--ast-global-color-5)","background-image":"","background-repeat":"repeat","background-position":"center center","background-size":"auto","background-attachment":"scroll","background-type":"","background-media":"","overlay-type":"","overlay-color":"","overlay-opacity":"","overlay-gradient":""},"mobile":{"background-color":"var(--ast-global-color-5)","background-image":"","background-repeat":"repeat","background-position":"center center","background-size":"auto","background-attachment":"scroll","background-type":"","background-media":"","overlay-type":"","overlay-color":"","overlay-opacity":"","overlay-gradient":""}},"footnotes":""},"categories":[8],"tags":[8046,8976,8774],"class_list":["post-24114","post","type-post","status-publish","format-standard","has-post-thumbnail","hentry","category-noticias","tag-guerra-ucrania","tag-mariupol-2","tag-resistencia-ucrania"],"_links":{"self":[{"href":"https:\/\/losperiodistas.com.mx\/portal\/wp-json\/wp\/v2\/posts\/24114","targetHints":{"allow":["GET"]}}],"collection":[{"href":"https:\/\/losperiodistas.com.mx\/portal\/wp-json\/wp\/v2\/posts"}],"about":[{"href":"https:\/\/losperiodistas.com.mx\/portal\/wp-json\/wp\/v2\/types\/post"}],"author":[{"embeddable":true,"href":"https:\/\/losperiodistas.com.mx\/portal\/wp-json\/wp\/v2\/users\/1"}],"replies":[{"embeddable":true,"href":"https:\/\/losperiodistas.com.mx\/portal\/wp-json\/wp\/v2\/comments?post=24114"}],"version-history":[{"count":1,"href":"https:\/\/losperiodistas.com.mx\/portal\/wp-json\/wp\/v2\/posts\/24114\/revisions"}],"predecessor-version":[{"id":24117,"href":"https:\/\/losperiodistas.com.mx\/portal\/wp-json\/wp\/v2\/posts\/24114\/revisions\/24117"}],"wp:featuredmedia":[{"embeddable":true,"href":"https:\/\/losperiodistas.com.mx\/portal\/wp-json\/wp\/v2\/media\/24116"}],"wp:attachment":[{"href":"https:\/\/losperiodistas.com.mx\/portal\/wp-json\/wp\/v2\/media?parent=24114"}],"wp:term":[{"taxonomy":"category","embeddable":true,"href":"https:\/\/losperiodistas.com.mx\/portal\/wp-json\/wp\/v2\/categories?post=24114"},{"taxonomy":"post_tag","embeddable":true,"href":"https:\/\/losperiodistas.com.mx\/portal\/wp-json\/wp\/v2\/tags?post=24114"}],"curies":[{"name":"wp","href":"https:\/\/api.w.org\/{rel}","templated":true}]}}