{"id":23922,"date":"2022-03-17T17:01:42","date_gmt":"2022-03-17T23:01:42","guid":{"rendered":"http:\/\/losperiodistas.com.mx\/portal\/?p=23922"},"modified":"2022-03-17T18:02:04","modified_gmt":"2022-03-18T00:02:04","slug":"senado-aprueba-decreto-para-que-amlo-pueda-opinar-sobre-la-revocacion-la-jornada","status":"publish","type":"post","link":"https:\/\/losperiodistas.com.mx\/portal\/senado-aprueba-decreto-para-que-amlo-pueda-opinar-sobre-la-revocacion-la-jornada\/","title":{"rendered":"Senado aprueba decreto para que AMLO pueda opinar sobre la revocaci\u00f3n | La Jornada"},"content":{"rendered":"\n<p><\/p>\n\n\n\n<figure class=\"wp-block-image size-large\"><img fetchpriority=\"high\" decoding=\"async\" width=\"1024\" height=\"682\" src=\"https:\/\/losperiodistas.com.mx\/portal\/wp-content\/uploads\/2022\/03\/image_largesenado-1024x682.jpeg\" alt=\"\" class=\"wp-image-23923\" srcset=\"https:\/\/losperiodistas.com.mx\/portal\/wp-content\/uploads\/2022\/03\/image_largesenado-1024x682.jpeg 1024w, https:\/\/losperiodistas.com.mx\/portal\/wp-content\/uploads\/2022\/03\/image_largesenado-300x200.jpeg 300w, https:\/\/losperiodistas.com.mx\/portal\/wp-content\/uploads\/2022\/03\/image_largesenado-768x512.jpeg 768w, https:\/\/losperiodistas.com.mx\/portal\/wp-content\/uploads\/2022\/03\/image_largesenado.jpeg 1117w\" sizes=\"(max-width: 1024px) 100vw, 1024px\" \/><figcaption>Hubo descalificaciones en el Senado durante la aprobaci\u00f3n del decreto por el que se interpreta la legislaci\u00f3n electoral.\u00a0Foto\u00a0<strong>Cristina Rodr\u00edguez \/ Archivo<\/strong><\/figcaption><\/figure>\n\n\n\n<p class=\"has-vivid-cyan-blue-color has-text-color\" style=\"font-size:-226px\">ANDREA BECERRIL \/ V\u00cdCTOR BALLINAS \/ LA JORNADA<\/p>\n\n\n\n<p><em>Ciudad de M\u00e9xico.<\/em>\u00a0El Senado de la Rep\u00fablica aprob\u00f3 hoy el decreto por el que se interpreta la legislaci\u00f3n electoral, con el fin de que el presidente Andr\u00e9s Manuel L\u00f3pez Obrador puede opinar en torno al proceso de revocaci\u00f3n de mandato y fue remitida al ejecutivo federal para su promulgaci\u00f3n.<\/p>\n\n\n\n<p>De nueva cuenta, el debate se dio en medio de descalificaciones de la oposici\u00f3n, sobre todo de panistas y pri\u00edstas y de la respuesta frontal de senadores de Morena en el sentido de que es una interpretaci\u00f3n absolutamente legal.<\/p>\n\n\n\n<p>De los 12 senadores de Morena y sus aliados que un d\u00eda antes no estuvieron presentes, siete de ellos se presentaron: Los Morenistas Nestora Salgado, Navor Rojas, Eva Eugenia Caletti, Juan Qui\u00f1ones y Rosa Elena Quintero, adem\u00e1s del petista Miguel Angel Lucero, y con ello se logr\u00f3 la mayor\u00eda de 67 votos a favor del decreto y 25 de la oposici\u00f3n, que de todas formas arm\u00f3 un esc\u00e1ndalo, ya que panistas y pri\u00edstas reclamaron a la presidencia de la mesa directiva, Olga S\u00e1nchez Cordero a conducci\u00f3n de las sesiones.<\/p>\n\n\n\n<p>Se esper\u00f3 una hora para el inicio de la sesi\u00f3n, que comenz\u00f3 cuando ya hab\u00eda la mitad m\u00e1s uno de los senadores en el sal\u00f3n de plenos, pero los opositores protestaron bajo el argumento de que no se abri\u00f3 m\u00e1s el comp\u00e1s de espera a fin de que llegaron los rezagados.<\/p>\n\n\n\n<p>Emilio Alvarez Icaza reclam\u00f3 que un d\u00eda antes se hubiera dejado abierto mucho tiempo m\u00e1s el tablero electr\u00f3nico y acus\u00f3 a S\u00e1nchez Cordero de actuar en favor de Morena. La Morenista Mal\u00fa Micher defendi\u00f3 a la presidenta de la mesa directiva y dijo a panistas y morenistas que no- hay ninguna licitud y les hizo notar que no tienen autoridad moral cuando en la sesi\u00f3n de un d\u00eda antes reventaron la sesi\u00f3n, al no votar aunque estaban presentes.<\/p>\n\n\n\n<p>El senador Israel Zamora, del PVEM, record\u00f3 a pri\u00edstas y panistasque en el Art\u00edculo 93 del Reglamento del Senado, establece con claridad que \u201cel voto es una obligaci\u00f3n\u201d y lo incumplieron ayer al negar se aprobar un decreto \u201cque busca resolver un problema muy grave, de una interpretaci\u00f3n injusta del Tribunal Electoral\u201d.<\/p>\n\n\n\n<p>La panista Lilly T\u00e9llez, como ya es su costumbre, agredi\u00f3 verbalmente a la la presidenta del Senado, Olga S\u00e1nchez Cordero, a quien llam\u00f3 \u201ctramposa\u201d, pidi\u00f3 la destituci\u00f3n de la secretaria de la mesa directiva, Ver\u00f3nica Camono y pas\u00f3 lista, dijo, a los Morenistas que fueron \u201ctra\u00eddos de las gre\u00f1as\u201d, en alusi\u00f3n a una frase que expres\u00f3 un d\u00eda antes Mal\u00fa Micher y alguien grab\u00f3 y difundi\u00f3 en redes sociales.<\/p>\n\n\n\n<p>\u201cLe pido que est\u00e9 a la altura de este Parlamento. A m\u00ed nadie me trajo de las gre\u00f1as, porque ni tengo\u201d., le contest\u00f3 el senador Miguel Angel Lucero.<\/p>\n\n\n\n<p>El morenista Navor Rojas Mancera, exigi\u00f3 al PRI y al PAN trabajar en lugar de reventar las sesiones.<\/p>\n\n\n\n<p>\u201cEs evidente que este maridaje entre el prianismo lo que viene a hacer nada m\u00e1s teatro. Vienen a burlarse del pueblo de M\u00e9xico, tienen que venir a trabajar no a venir a reventar las sesiones. Tenemos que ser m\u00e1s fuertes presidenta, porque nunca hab\u00eda sido tan condescendiente con las minor\u00edas\u201d.<\/p>\n\n\n\n<p>Para la discusi\u00f3n en lo particular participaron 14 senadores de oposici\u00f3n presentaron reservas, pero aprovecharon la tribuna para fustigar a Morena por ese decreto, lanzarse en contra de la consulta de revocaci\u00f3n de mandato y defender al Instituto Nacional Electoral (INE).<\/p>\n\n\n\n<p>Fuente: https:\/\/www.jornada.com.mx\/notas\/2022\/03\/17\/politica\/senado-aprueba-decreto-para-que-amlo-pueda-opinar-sobre-la-revocacion\/<\/p>\n","protected":false},"excerpt":{"rendered":"<p>ANDREA BECERRIL \/ V\u00cdCTOR BALLINAS \/ LA JORNADA Ciudad de M\u00e9xico.\u00a0El Senado de la Rep\u00fablica aprob\u00f3 hoy el decreto por [&hellip;]<\/p>\n","protected":false},"author":1,"featured_media":23923,"comment_status":"open","ping_status":"open","sticky":false,"template":"","format":"standard","meta":{"site-sidebar-layout":"default","site-content-layout":"","ast-site-content-layout":"default","site-content-style":"default","site-sidebar-style":"default","ast-global-header-display":"","ast-banner-title-visibility":"","ast-main-header-display":"","ast-hfb-above-header-display":"","ast-hfb-below-header-display":"","ast-hfb-mobile-header-display":"","site-post-title":"","ast-breadcrumbs-content":"","ast-featured-img":"","footer-sml-layout":"","theme-transparent-header-meta":"","adv-header-id-meta":"","stick-header-meta":"","header-above-stick-meta":"","header-main-stick-meta":"","header-below-stick-meta":"","astra-migrate-meta-layouts":"default","ast-page-background-enabled":"default","ast-page-background-meta":{"desktop":{"background-color":"var(--ast-global-color-4)","background-image":"","background-repeat":"repeat","background-position":"center center","background-size":"auto","background-attachment":"scroll","background-type":"","background-media":"","overlay-type":"","overlay-color":"","overlay-opacity":"","overlay-gradient":""},"tablet":{"background-color":"","background-image":"","background-repeat":"repeat","background-position":"center center","background-size":"auto","background-attachment":"scroll","background-type":"","background-media":"","overlay-type":"","overlay-color":"","overlay-opacity":"","overlay-gradient":""},"mobile":{"background-color":"","background-image":"","background-repeat":"repeat","background-position":"center center","background-size":"auto","background-attachment":"scroll","background-type":"","background-media":"","overlay-type":"","overlay-color":"","overlay-opacity":"","overlay-gradient":""}},"ast-content-background-meta":{"desktop":{"background-color":"var(--ast-global-color-5)","background-image":"","background-repeat":"repeat","background-position":"center center","background-size":"auto","background-attachment":"scroll","background-type":"","background-media":"","overlay-type":"","overlay-color":"","overlay-opacity":"","overlay-gradient":""},"tablet":{"background-color":"var(--ast-global-color-5)","background-image":"","background-repeat":"repeat","background-position":"center center","background-size":"auto","background-attachment":"scroll","background-type":"","background-media":"","overlay-type":"","overlay-color":"","overlay-opacity":"","overlay-gradient":""},"mobile":{"background-color":"var(--ast-global-color-5)","background-image":"","background-repeat":"repeat","background-position":"center center","background-size":"auto","background-attachment":"scroll","background-type":"","background-media":"","overlay-type":"","overlay-color":"","overlay-opacity":"","overlay-gradient":""}},"footnotes":""},"categories":[8],"tags":[8889,3614,4293],"class_list":["post-23922","post","type-post","status-publish","format-standard","has-post-thumbnail","hentry","category-noticias","tag-amlo-puede-opinar","tag-revocacion-de-mandato","tag-senado"],"_links":{"self":[{"href":"https:\/\/losperiodistas.com.mx\/portal\/wp-json\/wp\/v2\/posts\/23922","targetHints":{"allow":["GET"]}}],"collection":[{"href":"https:\/\/losperiodistas.com.mx\/portal\/wp-json\/wp\/v2\/posts"}],"about":[{"href":"https:\/\/losperiodistas.com.mx\/portal\/wp-json\/wp\/v2\/types\/post"}],"author":[{"embeddable":true,"href":"https:\/\/losperiodistas.com.mx\/portal\/wp-json\/wp\/v2\/users\/1"}],"replies":[{"embeddable":true,"href":"https:\/\/losperiodistas.com.mx\/portal\/wp-json\/wp\/v2\/comments?post=23922"}],"version-history":[{"count":1,"href":"https:\/\/losperiodistas.com.mx\/portal\/wp-json\/wp\/v2\/posts\/23922\/revisions"}],"predecessor-version":[{"id":23924,"href":"https:\/\/losperiodistas.com.mx\/portal\/wp-json\/wp\/v2\/posts\/23922\/revisions\/23924"}],"wp:featuredmedia":[{"embeddable":true,"href":"https:\/\/losperiodistas.com.mx\/portal\/wp-json\/wp\/v2\/media\/23923"}],"wp:attachment":[{"href":"https:\/\/losperiodistas.com.mx\/portal\/wp-json\/wp\/v2\/media?parent=23922"}],"wp:term":[{"taxonomy":"category","embeddable":true,"href":"https:\/\/losperiodistas.com.mx\/portal\/wp-json\/wp\/v2\/categories?post=23922"},{"taxonomy":"post_tag","embeddable":true,"href":"https:\/\/losperiodistas.com.mx\/portal\/wp-json\/wp\/v2\/tags?post=23922"}],"curies":[{"name":"wp","href":"https:\/\/api.w.org\/{rel}","templated":true}]}}