{"id":23917,"date":"2022-03-17T17:56:58","date_gmt":"2022-03-17T23:56:58","guid":{"rendered":"http:\/\/losperiodistas.com.mx\/portal\/?p=23917"},"modified":"2022-03-17T17:56:59","modified_gmt":"2022-03-17T23:56:59","slug":"puebla-celebra-a-los-artesanos-en-su-dia","status":"publish","type":"post","link":"https:\/\/losperiodistas.com.mx\/portal\/puebla-celebra-a-los-artesanos-en-su-dia\/","title":{"rendered":"Puebla celebra a los artesanos en su d\u00eda"},"content":{"rendered":"\n<p>Ayuntamiento de Puebla presenta Expo Artesano del 18 al 20 de marzo en el patio del Palacio Municipal<\/p>\n\n\n\n<p><\/p>\n\n\n\n<figure class=\"wp-block-image size-full\"><img fetchpriority=\"high\" decoding=\"async\" width=\"1024\" height=\"682\" src=\"https:\/\/losperiodistas.com.mx\/portal\/wp-content\/uploads\/2022\/03\/WhatsApp-Image-2022-03-17-at-5.36.36-PM.jpeg\" alt=\"\" class=\"wp-image-23918\" srcset=\"https:\/\/losperiodistas.com.mx\/portal\/wp-content\/uploads\/2022\/03\/WhatsApp-Image-2022-03-17-at-5.36.36-PM.jpeg 1024w, https:\/\/losperiodistas.com.mx\/portal\/wp-content\/uploads\/2022\/03\/WhatsApp-Image-2022-03-17-at-5.36.36-PM-300x200.jpeg 300w, https:\/\/losperiodistas.com.mx\/portal\/wp-content\/uploads\/2022\/03\/WhatsApp-Image-2022-03-17-at-5.36.36-PM-768x512.jpeg 768w\" sizes=\"(max-width: 1024px) 100vw, 1024px\" \/><figcaption>Ayuntamiento de Puebla<\/figcaption><\/figure>\n\n\n\n<p class=\"has-vivid-cyan-blue-color has-text-color\" style=\"font-size:26px\">REDACCI\u00d3N<\/p>\n\n\n\n<p>Para conmemorar el D\u00eda de las Artesanas y los Artesanos, del viernes 18 al domingo 20 de marzo el Patio del Palacio Municipal albergar\u00e1 una exposici\u00f3n de productos populares y tradicionales, provenientes de diversas localidades de la entidad, como Hueyapan, Cuetzalan y Cholula, por mencionar algunos.<\/p>\n\n\n\n<p>Esta muestra, denominada \u201cExpo Artesano\u201d, ser\u00e1 un espacio de encuentro para 15 maestras y maestros textileros, jugueteros, joyeros, alfareros, dulceros, vidrieros, cartoneros y de otras t\u00e9cnicas ancestrales.<\/p>\n\n\n\n<p>En el marco de la Expo Artesano, se realizar\u00e1n diversas presentaciones art\u00edsticas:<\/p>\n\n\n\n<ul class=\"wp-block-list\"><li>El s\u00e1bado 19, a las 14:00 horas estar\u00e1 en concierto el Quinteto de Alientos-Madera, y a las 16:00 horas el Ensamble Folkl\u00f3rico Mauistik Quetzalc\u00f3atl tomar\u00e1 el escenario con una presentaci\u00f3n de fandango<\/li><li>El domingo 20 de marzo, a partir de las 14:00 horas volver\u00e1 a presentarse el Quinteto de Alientos-Madera, para cederle el espacio a las 16:00 horas al grupo de danza folkl\u00f3rica \u201cNahui Ollin\u201d, continuando a las 17:00 horas con la presentaci\u00f3n del cantante poblano e imitador de Pedro Infante \u201cVic Vic\u201d, y cerrar el d\u00eda con la audici\u00f3n del Quinteto de Metales \u201cBraxican\u201d.<\/li><\/ul>\n\n\n\n<p>Como antesala de estas actividades, la Coordinaci\u00f3n de las Regidur\u00edas y la Comisi\u00f3n de Igualdad Sustantiva de G\u00e9nero y Derechos Humanos realizaron este d\u00eda la Expo Artesanal 2022, para brindar un corredor comercial a 10 creadoras poblanas: mujeres que mantienen viva la cultura y tradici\u00f3n de Puebla mediante la producci\u00f3n de talavera, salsas, bordados, bolsas y otros productos.<\/p>\n","protected":false},"excerpt":{"rendered":"<p>Ayuntamiento de Puebla presenta Expo Artesano del 18 al 20 de marzo en el patio del Palacio Municipal REDACCI\u00d3N Para [&hellip;]<\/p>\n","protected":false},"author":1,"featured_media":23919,"comment_status":"open","ping_status":"open","sticky":false,"template":"","format":"standard","meta":{"site-sidebar-layout":"default","site-content-layout":"","ast-site-content-layout":"default","site-content-style":"default","site-sidebar-style":"default","ast-global-header-display":"","ast-banner-title-visibility":"","ast-main-header-display":"","ast-hfb-above-header-display":"","ast-hfb-below-header-display":"","ast-hfb-mobile-header-display":"","site-post-title":"","ast-breadcrumbs-content":"","ast-featured-img":"","footer-sml-layout":"","theme-transparent-header-meta":"","adv-header-id-meta":"","stick-header-meta":"","header-above-stick-meta":"","header-main-stick-meta":"","header-below-stick-meta":"","astra-migrate-meta-layouts":"default","ast-page-background-enabled":"default","ast-page-background-meta":{"desktop":{"background-color":"var(--ast-global-color-4)","background-image":"","background-repeat":"repeat","background-position":"center center","background-size":"auto","background-attachment":"scroll","background-type":"","background-media":"","overlay-type":"","overlay-color":"","overlay-opacity":"","overlay-gradient":""},"tablet":{"background-color":"","background-image":"","background-repeat":"repeat","background-position":"center center","background-size":"auto","background-attachment":"scroll","background-type":"","background-media":"","overlay-type":"","overlay-color":"","overlay-opacity":"","overlay-gradient":""},"mobile":{"background-color":"","background-image":"","background-repeat":"repeat","background-position":"center center","background-size":"auto","background-attachment":"scroll","background-type":"","background-media":"","overlay-type":"","overlay-color":"","overlay-opacity":"","overlay-gradient":""}},"ast-content-background-meta":{"desktop":{"background-color":"var(--ast-global-color-5)","background-image":"","background-repeat":"repeat","background-position":"center center","background-size":"auto","background-attachment":"scroll","background-type":"","background-media":"","overlay-type":"","overlay-color":"","overlay-opacity":"","overlay-gradient":""},"tablet":{"background-color":"var(--ast-global-color-5)","background-image":"","background-repeat":"repeat","background-position":"center center","background-size":"auto","background-attachment":"scroll","background-type":"","background-media":"","overlay-type":"","overlay-color":"","overlay-opacity":"","overlay-gradient":""},"mobile":{"background-color":"var(--ast-global-color-5)","background-image":"","background-repeat":"repeat","background-position":"center center","background-size":"auto","background-attachment":"scroll","background-type":"","background-media":"","overlay-type":"","overlay-color":"","overlay-opacity":"","overlay-gradient":""}},"footnotes":""},"categories":[8],"tags":[7279,8887,8886],"class_list":["post-23917","post","type-post","status-publish","format-standard","has-post-thumbnail","hentry","category-noticias","tag-contigoyconrumbo","tag-dia-del-artesano","tag-expo-artesano-puebla"],"_links":{"self":[{"href":"https:\/\/losperiodistas.com.mx\/portal\/wp-json\/wp\/v2\/posts\/23917","targetHints":{"allow":["GET"]}}],"collection":[{"href":"https:\/\/losperiodistas.com.mx\/portal\/wp-json\/wp\/v2\/posts"}],"about":[{"href":"https:\/\/losperiodistas.com.mx\/portal\/wp-json\/wp\/v2\/types\/post"}],"author":[{"embeddable":true,"href":"https:\/\/losperiodistas.com.mx\/portal\/wp-json\/wp\/v2\/users\/1"}],"replies":[{"embeddable":true,"href":"https:\/\/losperiodistas.com.mx\/portal\/wp-json\/wp\/v2\/comments?post=23917"}],"version-history":[{"count":1,"href":"https:\/\/losperiodistas.com.mx\/portal\/wp-json\/wp\/v2\/posts\/23917\/revisions"}],"predecessor-version":[{"id":23920,"href":"https:\/\/losperiodistas.com.mx\/portal\/wp-json\/wp\/v2\/posts\/23917\/revisions\/23920"}],"wp:featuredmedia":[{"embeddable":true,"href":"https:\/\/losperiodistas.com.mx\/portal\/wp-json\/wp\/v2\/media\/23919"}],"wp:attachment":[{"href":"https:\/\/losperiodistas.com.mx\/portal\/wp-json\/wp\/v2\/media?parent=23917"}],"wp:term":[{"taxonomy":"category","embeddable":true,"href":"https:\/\/losperiodistas.com.mx\/portal\/wp-json\/wp\/v2\/categories?post=23917"},{"taxonomy":"post_tag","embeddable":true,"href":"https:\/\/losperiodistas.com.mx\/portal\/wp-json\/wp\/v2\/tags?post=23917"}],"curies":[{"name":"wp","href":"https:\/\/api.w.org\/{rel}","templated":true}]}}