{"id":23894,"date":"2022-03-17T05:45:33","date_gmt":"2022-03-17T11:45:33","guid":{"rendered":"http:\/\/losperiodistas.com.mx\/portal\/?p=23894"},"modified":"2022-03-17T07:45:48","modified_gmt":"2022-03-17T13:45:48","slug":"la-pandemia-por-covid-19-mas-alla-de-una-simple-paradoja","status":"publish","type":"post","link":"https:\/\/losperiodistas.com.mx\/portal\/la-pandemia-por-covid-19-mas-alla-de-una-simple-paradoja\/","title":{"rendered":"La pandemia por covid-19, m\u00e1s all\u00e1 de una simple paradoja"},"content":{"rendered":"\n<p><\/p>\n\n\n\n<p class=\"has-vivid-cyan-blue-color has-text-color\" style=\"font-size:26px\"><strong><em>Por Fernando Manzanilla Prieto<\/em><\/strong><\/p>\n\n\n\n<p>Despu\u00e9s de que baj\u00f3 la tasa de incidencia de casos de covid-19, dentro de la llamada cuarta ola, estamos viendo que la calma en la que nos encontramos es relativa.<\/p>\n\n\n\n<p>Tan relativa como es la paradoja de que aunque muchos especialistas consideran que la peligrosidad del virus ahora es baja, tambi\u00e9n se habla de la presencia de nuevas variantes mucho m\u00e1s contagiosas.<\/p>\n\n\n\n<p>Es as\u00ed que surgen los cuestionamientos de saber si debemos prepararnos para el fin de la pandemia, el inicio de una nueva ola o simplemente acostumbrarnos a vivir de manera end\u00e9mica con el virus.<\/p>\n\n\n\n<p>Lo anterior no s\u00f3lo porque hace algunos d\u00edas la Organizaci\u00f3n Mundial de la Salud (OMS) confirm\u00f3 la existencia de \u201cDeltacron\u201d, una variante de coronavirus que combina \u00d3micron y Delta, en la cual afortunadamente no se ha detectado ning\u00fan cambio en la epidemiolog\u00eda ni en la gravedad.<\/p>\n\n\n\n<p>Aunque en un inicio se cuestionaba duramente su existencia, ya se ha revelado la presencia de esta variante recombinante en Francia, Pa\u00edses Bajos y Dinamarca. &nbsp;<\/p>\n\n\n\n<p>Pero m\u00e1s all\u00e1 de hablar de nuevas variantes, lo verdaderamente preocupante es saber que no hay nada escrito sobre el rumbo que tendr\u00e1 la pandemia en el futuro. Hoy, m\u00e1s que nunca, las predicciones del covid son sumamente riesgosas.<\/p>\n\n\n\n<p>Basta recordar como a finales de 2021 los cient\u00edficos descubrieron la variante \u00d3micron, cuyo linaje constaba de tres subvariantes gen\u00e9ticamente diferentes, ya que cada rama ten\u00eda su propia serie de mutaciones peculiares.<\/p>\n\n\n\n<p>En ese momento se ten\u00eda una presencia predominante de la subvariante denominada BA.1, la cual se propag\u00f3 con rapidez por la faz de la tierra y fue la responsable de un incremento considerable de casos, dentro de la llamada cuarta ola.<\/p>\n\n\n\n<p>Al principio esta subvariente, BA.1, era mil veces m\u00e1s com\u00fan que la BA.2, sin embargo todo cambi\u00f3 a principios de este 2022, en el que las cifras se modificaron y mostraron una mayor incidencia de la BA.2 en los nuevos contagios. Incluso los estudios han demostrado que esta subvariente es m\u00e1s contagiosa que la BA.1.<\/p>\n\n\n\n<p>Bast\u00f3 poco tiempo, en realidad s\u00f3lo un mes, para que esta subvariante BA.2 mostrara una tendencia predominante en todo el mundo.<\/p>\n\n\n\n<p>Precisamente, varios especialistas preve\u00edan que mientras los pa\u00edses relajaran sus medidas contra la propagaci\u00f3n de covid, argumentando su baja o leve peligrosidad, le dar\u00edan la oportunidad a la subvariante BA.2 de originar nuevamente un considerable incremento de casos.<\/p>\n\n\n\n<p>Al respecto, se sabe que tanto la BA.1 y la BA.2 pueden evadir la acci\u00f3n de mayor parte de los tratamientos con anticuerpos moniclonales, no por nada se empez\u00f3 a denominar a la BA.2 como la \u201cvariante sigilosa\u201d. Lo anterior debido a que determinar su presencia con las pruebas ha sido notablemente m\u00e1s complicado, dado que tiene una mutaci\u00f3n que oculta uno de los tres genes indicadores de coronavirus detectado en las pruebas.<\/p>\n\n\n\n<p>Es por ello que resulta muy preocupante que en China, el pa\u00eds en donde surgi\u00f3 el virus y el cual ha tenido desde el inicio de la pandemia una pol\u00edtica estricta de \u201ccero covid\u201d, con confinamientos, restricciones de viaje, vacunas y pruebas masivas, se est\u00e9n presentando \u201crebrotes\u201d de contagios de gran preocupaci\u00f3n.<\/p>\n\n\n\n<p>Es as\u00ed que el gigante asi\u00e1tico ha entrado de nueva cuenta en confinamiento, tras registrar la cifra m\u00e1s alta de contagios por el virus en dos a\u00f1os.<\/p>\n\n\n\n<p>Tan s\u00f3lo en 24 horas se registraron cerca de 4 mil contagios, la cifra m\u00e1s alta en los \u00faltimos 24 meses, lo que ha llevado al cierre de los centros comerciales, restaurantes y escuelas.<\/p>\n\n\n\n<p>Actualmente, hay m\u00e1s de 50 millones de residentes de las principales ciudades de China bajo estricto confinamiento, casi 40 millones en confinamiento parcial, adem\u00e1s de que otras ciudades de tama\u00f1o mediano a peque\u00f1o mantienen diversos grados de confinamiento.<\/p>\n\n\n\n<p>Es as\u00ed que en total hay m\u00e1s de 90 millones de personas en China que tienen sus actividades cotidianas restringidas e incluso esta semana la bolsa de valores de esta naci\u00f3n ha visto una de las ca\u00eddas m\u00e1s grandes en su historia.<\/p>\n\n\n\n<p>Queda claro que lo m\u00e1s conveniente es que todav\u00eda nadie se conf\u00ede sobre el futuro de la pandemia, ya que la principal lecci\u00f3n que nos sigue dando es una paradoja: hay que aprender a desaprender m\u00e1s r\u00e1pido de lo que el virus lo hace, para reaprender que nuestros estilos de vida y convivencia jam\u00e1s ser\u00e1n los mismos.<\/p>\n","protected":false},"excerpt":{"rendered":"<p>Por Fernando Manzanilla Prieto Despu\u00e9s de que baj\u00f3 la tasa de incidencia de casos de covid-19, dentro de la llamada [&hellip;]<\/p>\n","protected":false},"author":1,"featured_media":23895,"comment_status":"open","ping_status":"open","sticky":false,"template":"","format":"standard","meta":{"site-sidebar-layout":"default","site-content-layout":"","ast-site-content-layout":"default","site-content-style":"default","site-sidebar-style":"default","ast-global-header-display":"","ast-banner-title-visibility":"","ast-main-header-display":"","ast-hfb-above-header-display":"","ast-hfb-below-header-display":"","ast-hfb-mobile-header-display":"","site-post-title":"","ast-breadcrumbs-content":"","ast-featured-img":"","footer-sml-layout":"","theme-transparent-header-meta":"","adv-header-id-meta":"","stick-header-meta":"","header-above-stick-meta":"","header-main-stick-meta":"","header-below-stick-meta":"","astra-migrate-meta-layouts":"default","ast-page-background-enabled":"default","ast-page-background-meta":{"desktop":{"background-color":"var(--ast-global-color-4)","background-image":"","background-repeat":"repeat","background-position":"center center","background-size":"auto","background-attachment":"scroll","background-type":"","background-media":"","overlay-type":"","overlay-color":"","overlay-opacity":"","overlay-gradient":""},"tablet":{"background-color":"","background-image":"","background-repeat":"repeat","background-position":"center center","background-size":"auto","background-attachment":"scroll","background-type":"","background-media":"","overlay-type":"","overlay-color":"","overlay-opacity":"","overlay-gradient":""},"mobile":{"background-color":"","background-image":"","background-repeat":"repeat","background-position":"center center","background-size":"auto","background-attachment":"scroll","background-type":"","background-media":"","overlay-type":"","overlay-color":"","overlay-opacity":"","overlay-gradient":""}},"ast-content-background-meta":{"desktop":{"background-color":"var(--ast-global-color-5)","background-image":"","background-repeat":"repeat","background-position":"center center","background-size":"auto","background-attachment":"scroll","background-type":"","background-media":"","overlay-type":"","overlay-color":"","overlay-opacity":"","overlay-gradient":""},"tablet":{"background-color":"var(--ast-global-color-5)","background-image":"","background-repeat":"repeat","background-position":"center center","background-size":"auto","background-attachment":"scroll","background-type":"","background-media":"","overlay-type":"","overlay-color":"","overlay-opacity":"","overlay-gradient":""},"mobile":{"background-color":"var(--ast-global-color-5)","background-image":"","background-repeat":"repeat","background-position":"center center","background-size":"auto","background-attachment":"scroll","background-type":"","background-media":"","overlay-type":"","overlay-color":"","overlay-opacity":"","overlay-gradient":""}},"footnotes":""},"categories":[24,8],"tags":[507,666],"class_list":["post-23894","post","type-post","status-publish","format-standard","has-post-thumbnail","hentry","category-fernando-manzanilla","category-noticias","tag-oms","tag-pandemia-covid-19"],"_links":{"self":[{"href":"https:\/\/losperiodistas.com.mx\/portal\/wp-json\/wp\/v2\/posts\/23894","targetHints":{"allow":["GET"]}}],"collection":[{"href":"https:\/\/losperiodistas.com.mx\/portal\/wp-json\/wp\/v2\/posts"}],"about":[{"href":"https:\/\/losperiodistas.com.mx\/portal\/wp-json\/wp\/v2\/types\/post"}],"author":[{"embeddable":true,"href":"https:\/\/losperiodistas.com.mx\/portal\/wp-json\/wp\/v2\/users\/1"}],"replies":[{"embeddable":true,"href":"https:\/\/losperiodistas.com.mx\/portal\/wp-json\/wp\/v2\/comments?post=23894"}],"version-history":[{"count":1,"href":"https:\/\/losperiodistas.com.mx\/portal\/wp-json\/wp\/v2\/posts\/23894\/revisions"}],"predecessor-version":[{"id":23896,"href":"https:\/\/losperiodistas.com.mx\/portal\/wp-json\/wp\/v2\/posts\/23894\/revisions\/23896"}],"wp:featuredmedia":[{"embeddable":true,"href":"https:\/\/losperiodistas.com.mx\/portal\/wp-json\/wp\/v2\/media\/23895"}],"wp:attachment":[{"href":"https:\/\/losperiodistas.com.mx\/portal\/wp-json\/wp\/v2\/media?parent=23894"}],"wp:term":[{"taxonomy":"category","embeddable":true,"href":"https:\/\/losperiodistas.com.mx\/portal\/wp-json\/wp\/v2\/categories?post=23894"},{"taxonomy":"post_tag","embeddable":true,"href":"https:\/\/losperiodistas.com.mx\/portal\/wp-json\/wp\/v2\/tags?post=23894"}],"curies":[{"name":"wp","href":"https:\/\/api.w.org\/{rel}","templated":true}]}}