{"id":23884,"date":"2022-03-17T06:39:28","date_gmt":"2022-03-17T12:39:28","guid":{"rendered":"http:\/\/losperiodistas.com.mx\/portal\/?p=23884"},"modified":"2022-03-17T06:39:30","modified_gmt":"2022-03-17T12:39:30","slug":"el-kremlin-enfurece-tras-llamar-biden-a-putin-criminal-de-guerra-la-razon","status":"publish","type":"post","link":"https:\/\/losperiodistas.com.mx\/portal\/el-kremlin-enfurece-tras-llamar-biden-a-putin-criminal-de-guerra-la-razon\/","title":{"rendered":"El Kremlin enfurece tras llamar Biden a Putin \u201ccriminal de guerra\u201d | La Raz\u00f3n"},"content":{"rendered":"\n<p class=\"has-medium-font-size\"><em>Un misil ruso derribado por las fuerzas ucranianas cae en un bloque residencial de Kiev y mata a una persona<\/em><\/p>\n\n\n\n<figure class=\"wp-block-image size-large\"><img fetchpriority=\"high\" decoding=\"async\" width=\"1024\" height=\"576\" src=\"https:\/\/losperiodistas.com.mx\/portal\/wp-content\/uploads\/2022\/03\/Captura-de-Pantalla-2022-03-17-a-las-6.35.51-1024x576.jpg\" alt=\"\" class=\"wp-image-23885\" srcset=\"https:\/\/losperiodistas.com.mx\/portal\/wp-content\/uploads\/2022\/03\/Captura-de-Pantalla-2022-03-17-a-las-6.35.51-1024x576.jpg 1024w, https:\/\/losperiodistas.com.mx\/portal\/wp-content\/uploads\/2022\/03\/Captura-de-Pantalla-2022-03-17-a-las-6.35.51-300x169.jpg 300w, https:\/\/losperiodistas.com.mx\/portal\/wp-content\/uploads\/2022\/03\/Captura-de-Pantalla-2022-03-17-a-las-6.35.51-768x432.jpg 768w, https:\/\/losperiodistas.com.mx\/portal\/wp-content\/uploads\/2022\/03\/Captura-de-Pantalla-2022-03-17-a-las-6.35.51.jpg 1202w\" sizes=\"(max-width: 1024px) 100vw, 1024px\" \/><figcaption><a href=\"https:\/\/www.larazon.es\/internacional\/20220317\/hbwaxcqwuvaihnzwcjs7cfats4.html?jwsource=cl\">https:\/\/www.larazon.es\/internacional\/20220317\/hbwaxcqwuvaihnzwcjs7cfats4.html?jwsource=cl<\/a><\/figcaption><\/figure>\n\n\n\n<p><\/p>\n\n\n\n<p class=\"has-vivid-cyan-blue-color has-text-color\" style=\"font-size:26px\">LA RAZ\u00d3N<\/p>\n\n\n\n<p>El&nbsp;<strong>portavoz del Kremlin<\/strong>, Dmitry Peskov, respondi\u00f3 de forma airada a las declaraciones del presidente de EEUU Joe&nbsp;<strong>Biden, quien horas antes hab\u00eda llamado a Vladimir Putin \u201ccriminal de guerra\u201d, unas palabras que elevan el tono de Washington sobre Mosc\u00fa.&nbsp;<\/strong>Hasta ahora,<strong>&nbsp;la Casa Blanca hab\u00eda evitado calificar as\u00ed al inquilino del Kremlin.&nbsp;<\/strong>En Rusia,&nbsp;<strong>las afirmaciones de Biden no sentaron nada bien. Es una \u201cret\u00f3rica inaceptable e imperdonable\u201d<\/strong>&nbsp;, dijo Peskov, seg\u00fan la agencia de noticias estatal rusa Tass.<\/p>\n\n\n\n<h3 class=\"wp-block-heading\">Noticias relacionadas<\/h3>\n\n\n\n<ul class=\"wp-block-list\"><li><a href=\"https:\/\/www.larazon.es\/internacional\/20220316\/rlrjcxpdvnhhnbcrihhfw5jvpi.html\">Bruselas.&nbsp;La OTAN reactiva su defensa colectiva en Europa del Este<\/a><\/li><li><a href=\"https:\/\/www.larazon.es\/internacional\/20220316\/bhi3eetuwrdojcnvunur665cxe.html\">Discurso.&nbsp;Zelenski apela al 11-S para pedir la ayuda de EEUU: \u201cNuestro pa\u00eds sufre lo mismo cada d\u00eda\u201d<\/a><\/li><\/ul>\n\n\n\n<p>\u201cHemos puesto en marcha un proceso interno, un equipo interno, para evaluar, observar y evaluar la evidencia de lo que estamos viendo que sucede en el terreno\u201d, dijo la secretaria de prensa de la Casa Blanca, Jen Psaki, sobre&nbsp;<strong>las acciones de Putin,<\/strong>&nbsp;que podr\u00e1n ser investigadas por la Corte Penal Internacional por posibles delitos de lesa humanidad al ordenar el bombardeo de civiles en Ucrania, donde la guerra que comenz\u00f3 el 24 de febrero se ha cobrado ya miles de muertos.<a href=\"https:\/\/www.facebook.com\/dialog\/share?app_id=180444840287&amp;href=https%3A%2F%2Fwww.theguardian.com%2Fworld%2Flive%2F2022%2Fmar%2F17%2Frussia-ukraine-war-latest-kremlin-anger-after-biden-calls-putin-a-war-criminal-us-to-send-more-military-aid-live%3FCMP%3Dshare_btn_fb%26page%3Dwith%3Ablock-6232beac8f0832c62addfc5b%23block-6232beac8f0832c62addfc5b\"><\/a><\/p>\n\n\n\n<p>En el frente, las cosas no han mejorado. Rusia sigue bloqueada en todos los frentes, seg\u00fan el Ministerio de Defensa brit\u00e1nico. Pero los bombardeos contin\u00faan en la capital, donde al menos una persona result\u00f3 muerta y tres heridas tras caer varios fragmentos de un misil ruso derribado por las fuerzas ucranianas sobre un bloque de apartamentos del distrito de&nbsp;<strong>Darnitski&nbsp;<\/strong>de Kiev.<\/p>\n\n\n\n<p>El Servicio de Emergencia del Estado de Ucrania (SES) inform\u00f3 en su cuenta de Telegram, de que tuvo conocimiento del incendio y la destrucci\u00f3n de una casa residencial en el citado distrito y acudi\u00f3 a la zona. \u201cLos miembros de las unidades de bomberos y rescate m\u00e1s cercanas llegaron de inmediato al lugar\u201d, dice el informe. Los rescatistas constataron que los fragmentos del misil ruso derribado provocaron la destrucci\u00f3n de las estructuras del edificio del piso 16 y se produjo un incendio en uno de los apartamentos, agregaron<\/p>\n\n\n\n<p>\u201cA las 05.49 hora local (03.45 GMT) el fuego que afect\u00f3 a unos 20 metros cuadrados fue extinguido. Las personas fueron evacuadas del piso 11 y de los superiores. Se est\u00e1n realizando operaciones de rescate para retirar los escombros y buscar a m\u00e1s personas\u201d, se\u00f1al\u00f3 el SES. \u201cSeg\u00fan los datos preliminares,<strong>&nbsp;30 personas fueron evacuadas, entre ellas, tres heridas. Una persona fue asesinada\u201d,&nbsp;<\/strong>precisa el informe.<\/p>\n\n\n\n<p>Desde que comenz\u00f3 la invasi\u00f3n de Ucrania por parte de Rusia el pasado 24 de febrero, el Ej\u00e9rcito ruso asedia la capital ucraniana y ya ha causado varios muertos con ataques con misiles en algunos de sus barrios de la periferia.<\/p>\n\n\n\n<p>Fuente: https:\/\/www.larazon.es\/internacional\/20220317\/hbwaxcqwuvaihnzwcjs7cfats4.html<\/p>\n\n\n\n<p><\/p>\n","protected":false},"excerpt":{"rendered":"<p>Un misil ruso derribado por las fuerzas ucranianas cae en un bloque residencial de Kiev y mata a una persona [&hellip;]<\/p>\n","protected":false},"author":1,"featured_media":23885,"comment_status":"open","ping_status":"open","sticky":false,"template":"","format":"standard","meta":{"site-sidebar-layout":"default","site-content-layout":"","ast-site-content-layout":"default","site-content-style":"default","site-sidebar-style":"default","ast-global-header-display":"","ast-banner-title-visibility":"","ast-main-header-display":"","ast-hfb-above-header-display":"","ast-hfb-below-header-display":"","ast-hfb-mobile-header-display":"","site-post-title":"","ast-breadcrumbs-content":"","ast-featured-img":"","footer-sml-layout":"","theme-transparent-header-meta":"","adv-header-id-meta":"","stick-header-meta":"","header-above-stick-meta":"","header-main-stick-meta":"","header-below-stick-meta":"","astra-migrate-meta-layouts":"default","ast-page-background-enabled":"default","ast-page-background-meta":{"desktop":{"background-color":"var(--ast-global-color-4)","background-image":"","background-repeat":"repeat","background-position":"center center","background-size":"auto","background-attachment":"scroll","background-type":"","background-media":"","overlay-type":"","overlay-color":"","overlay-opacity":"","overlay-gradient":""},"tablet":{"background-color":"","background-image":"","background-repeat":"repeat","background-position":"center center","background-size":"auto","background-attachment":"scroll","background-type":"","background-media":"","overlay-type":"","overlay-color":"","overlay-opacity":"","overlay-gradient":""},"mobile":{"background-color":"","background-image":"","background-repeat":"repeat","background-position":"center center","background-size":"auto","background-attachment":"scroll","background-type":"","background-media":"","overlay-type":"","overlay-color":"","overlay-opacity":"","overlay-gradient":""}},"ast-content-background-meta":{"desktop":{"background-color":"var(--ast-global-color-5)","background-image":"","background-repeat":"repeat","background-position":"center center","background-size":"auto","background-attachment":"scroll","background-type":"","background-media":"","overlay-type":"","overlay-color":"","overlay-opacity":"","overlay-gradient":""},"tablet":{"background-color":"var(--ast-global-color-5)","background-image":"","background-repeat":"repeat","background-position":"center center","background-size":"auto","background-attachment":"scroll","background-type":"","background-media":"","overlay-type":"","overlay-color":"","overlay-opacity":"","overlay-gradient":""},"mobile":{"background-color":"var(--ast-global-color-5)","background-image":"","background-repeat":"repeat","background-position":"center center","background-size":"auto","background-attachment":"scroll","background-type":"","background-media":"","overlay-type":"","overlay-color":"","overlay-opacity":"","overlay-gradient":""}},"footnotes":""},"categories":[8],"tags":[8876,8046,696,6607],"class_list":["post-23884","post","type-post","status-publish","format-standard","has-post-thumbnail","hentry","category-noticias","tag-criminal-de-guerra","tag-guerra-ucrania","tag-joe-biden","tag-vladimir-putin"],"_links":{"self":[{"href":"https:\/\/losperiodistas.com.mx\/portal\/wp-json\/wp\/v2\/posts\/23884","targetHints":{"allow":["GET"]}}],"collection":[{"href":"https:\/\/losperiodistas.com.mx\/portal\/wp-json\/wp\/v2\/posts"}],"about":[{"href":"https:\/\/losperiodistas.com.mx\/portal\/wp-json\/wp\/v2\/types\/post"}],"author":[{"embeddable":true,"href":"https:\/\/losperiodistas.com.mx\/portal\/wp-json\/wp\/v2\/users\/1"}],"replies":[{"embeddable":true,"href":"https:\/\/losperiodistas.com.mx\/portal\/wp-json\/wp\/v2\/comments?post=23884"}],"version-history":[{"count":1,"href":"https:\/\/losperiodistas.com.mx\/portal\/wp-json\/wp\/v2\/posts\/23884\/revisions"}],"predecessor-version":[{"id":23886,"href":"https:\/\/losperiodistas.com.mx\/portal\/wp-json\/wp\/v2\/posts\/23884\/revisions\/23886"}],"wp:featuredmedia":[{"embeddable":true,"href":"https:\/\/losperiodistas.com.mx\/portal\/wp-json\/wp\/v2\/media\/23885"}],"wp:attachment":[{"href":"https:\/\/losperiodistas.com.mx\/portal\/wp-json\/wp\/v2\/media?parent=23884"}],"wp:term":[{"taxonomy":"category","embeddable":true,"href":"https:\/\/losperiodistas.com.mx\/portal\/wp-json\/wp\/v2\/categories?post=23884"},{"taxonomy":"post_tag","embeddable":true,"href":"https:\/\/losperiodistas.com.mx\/portal\/wp-json\/wp\/v2\/tags?post=23884"}],"curies":[{"name":"wp","href":"https:\/\/api.w.org\/{rel}","templated":true}]}}