{"id":23869,"date":"2022-03-17T05:05:47","date_gmt":"2022-03-17T11:05:47","guid":{"rendered":"http:\/\/losperiodistas.com.mx\/portal\/?p=23869"},"modified":"2022-03-17T05:05:49","modified_gmt":"2022-03-17T11:05:49","slug":"grave-el-espionaje-al-fiscal-gertz-manero-ministro-zaldivar-la-jornada","status":"publish","type":"post","link":"https:\/\/losperiodistas.com.mx\/portal\/grave-el-espionaje-al-fiscal-gertz-manero-ministro-zaldivar-la-jornada\/","title":{"rendered":"\u00abGrave\u00bb, el espionaje al fiscal Gertz Manero: ministro Zald\u00edvar | La Jornada"},"content":{"rendered":"\n<figure class=\"wp-block-image size-full\"><img fetchpriority=\"high\" decoding=\"async\" width=\"1024\" height=\"734\" src=\"https:\/\/losperiodistas.com.mx\/portal\/wp-content\/uploads\/2022\/03\/image_largeljzaldivar.jpeg\" alt=\"\" class=\"wp-image-23870\" srcset=\"https:\/\/losperiodistas.com.mx\/portal\/wp-content\/uploads\/2022\/03\/image_largeljzaldivar.jpeg 1024w, https:\/\/losperiodistas.com.mx\/portal\/wp-content\/uploads\/2022\/03\/image_largeljzaldivar-300x215.jpeg 300w, https:\/\/losperiodistas.com.mx\/portal\/wp-content\/uploads\/2022\/03\/image_largeljzaldivar-768x551.jpeg 768w\" sizes=\"(max-width: 1024px) 100vw, 1024px\" \/><figcaption>El ministro presidente de la SCJN, Arturo Zald\u00edvar durante conferencia de prensa.\u00a0Foto\u00a0<strong>Jos\u00e9 Antonio L\u00f3pez<\/strong><\/figcaption><\/figure>\n\n\n\n<p class=\"has-vivid-cyan-blue-color has-text-color\" style=\"font-size:26px\">EDUARDO MURILLO \/ LA JORNADA<\/p>\n\n\n\n<p><a href=\"https:\/\/www.facebook.com\/sharer\/sharer.php?u=https%3A\/\/www.jornada.com.mx\/notas\/2022\/03\/16\/politica\/grave-el-espionaje-a-gertz-manero-ministro-zaldivar\/\" target=\"_blank\" rel=\"noreferrer noopener\"><\/a><a href=\"https:\/\/twitter.com\/intent\/tweet?text=%22Grave%22%2C%20el%20espionaje%20al%20fiscal%20Gertz%20Manero%3A%20ministro%20Zald%C3%ADvar&amp;url=https%3A\/\/www.jornada.com.mx\/notas\/2022\/03\/16\/politica\/grave-el-espionaje-a-gertz-manero-ministro-zaldivar\/&amp;hashtags=#scjn#fgr#alejandro#gertz#manero#arturo#zaldivar#espionaje\" target=\"_blank\" rel=\"noreferrer noopener\"><\/a><a href=\"https:\/\/sharetodiaspora.github.io\/?title=%22Grave%22%2C%20el%20espionaje%20al%20fiscal%20Gertz%20Manero%3A%20ministro%20Zald%C3%ADvar&amp;url=https%3A\/\/www.jornada.com.mx\/notas\/2022\/03\/16\/politica\/grave-el-espionaje-a-gertz-manero-ministro-zaldivar\/\"><\/a><a href=\"https:\/\/www.reddit.com\/submit?url=https%3A\/\/www.jornada.com.mx\/notas\/2022\/03\/16\/politica\/grave-el-espionaje-a-gertz-manero-ministro-zaldivar\/&amp;title=%22Grave%22%2C%20el%20espionaje%20al%20fiscal%20Gertz%20Manero%3A%20ministro%20Zald%C3%ADvar\"><\/a><a href=\"https:\/\/www.linkedin.com\/shareArticle?mini=true&amp;url=https%3A\/\/www.jornada.com.mx\/notas\/2022\/03\/16\/politica\/grave-el-espionaje-a-gertz-manero-ministro-zaldivar\/&amp;title=%22Grave%22%2C%20el%20espionaje%20al%20fiscal%20Gertz%20Manero%3A%20ministro%20Zald%C3%ADvar&amp;summary=La%20Corte%20no%20puede%20ser%20reh%C3%A9n%20de%20disputas%20pol%C3%ADticas%2C%20afirma%20su%20presidente.&amp;source=https%3A\/\/www.jornada.com.mx\/notas\/2022\/03\/16\/politica\/grave-el-espionaje-a-gertz-manero-ministro-zaldivar\/\"><\/a><a href=\"mailto:?subject=%22Grave%22%2C%20el%20espionaje%20al%20fiscal%20Gertz%20Manero%3A%20ministro%20Zald%C3%ADvar&amp;body=https%3A\/\/www.jornada.com.mx\/notas\/2022\/03\/16\/politica\/grave-el-espionaje-a-gertz-manero-ministro-zaldivar\/\"><\/a><\/p>\n\n\n\n<p><em>Ciudad de M\u00e9xico.<\/em>\u00a0Es extraordinariamente \u201cgrave que se esp\u00ede y se grabe al fiscal General de la Rep\u00fablica\u201d, pero, agreg\u00f3 el ministro Arturo Zald\u00edvar, en la Suprema Corte de Justicia de la Naci\u00f3n (SCJN) no podemos ser rehenes de disputas pol\u00edticas y resolveremos todos los casos con apego a la ley\u201d.<\/p>\n\n\n\n<p>En conferencia de prensa dijo que no importa que aparezcan m\u00e1s filtraciones o grabaciones, porque los integrantes del m\u00e1ximo tribunal solo atienden a la aplicaci\u00f3n de la justicia, y anunci\u00f3 que el caso de Alejandra Cuevas y Laura Mor\u00e1n, integrantes de la familia pol\u00edtica de Alejandro Gertz Manero, titular de la Fiscal\u00eda General de la Rep\u00fablica (FGR) se resolver\u00e1 el pr\u00f3ximo 28 de marzo y se difundir\u00e1 p\u00fablicamente el proyecto que se discutir\u00e1 en el pleno del m\u00e1ximo tribunal del pa\u00eds.<\/p>\n\n\n\n<p>\u201cQuienes est\u00e1n recurriendo a esta estrategia se est\u00e1n equivocando y est\u00e1n haciendo da\u00f1o al Estado mexicano, si piensan que con filtraciones, con grabaciones, que con espionaje van a lograr que las instituciones del Estado mexicano dejemos de hacer lo que tenemos que hacer o hagamos algo que no debemos hacer, est\u00e1n muy equivocados. En el poder judicial y en la Corte haremos lo que nos toca hacer, y si hay grabaciones y si hay filtraciones, y si hay lo que haiga, lo que haiga (sic), haremos lo que tenemos que hacer\u201d, se\u00f1alando el equ\u00edvoco como una frase graciosa.<\/p>\n\n\n\n<p>Por otra parte, anunci\u00f3 para evitar especulaciones, que en cuanto el ministro Alfredo Guti\u00e9rrez Ortiz Mena tenga listo el proyecto del caso Gertz, el pr\u00f3ximo 22 de marzo, el texto se har\u00e1 p\u00fablico.<\/p>\n\n\n\n<p>Tambi\u00e9n revel\u00f3 que el pleno del Consejo de la Judicatura Federal (CJF) aprob\u00f3 destituir a un juez acusado de acoso sexual, contra quien se presentaron 13 denuncias de mujeres que trabajaban con \u00e9l y contra quienes cometi\u00f3 varios actos \u201ccercanos a la violaci\u00f3n\u201d.<\/p>\n\n\n\n<p>Con este caso, ya suman 19 los jueces y magistrados sancionados por razones similares, y afirm\u00f3 que se seguir\u00e1 combatiendo cualquier situaci\u00f3n \u201clamentable y oprobiosa\u201d que se cometa contra las integrantes del Poder Judicial Federal.<\/p>\n\n\n\n<p>Zald\u00edvar inform\u00f3 que, derivado de la carta que Mariana Moguel, hija de Rosario Robles, entreg\u00f3 en la SCJN, denunciando supuestas irregularidades en sus procesos legales y violaciones a sus derechos humanos de 663 presas del Penal Femenil de Santa Martha Acatitla, ha solicitado al gobierno de la Ciudad de M\u00e9xico que le permita hacer una visita a esa c\u00e1rcel y pudiera gestionar que el Instituto Federal de Defensor\u00eda P\u00fablica les brinde asesor\u00eda jur\u00eddica.<\/p>\n\n\n\n<p>Entre quienes suscribieron esta carta est\u00e1 la ex secretaria de Desarrollo Social, quien firma como \u201cRosario Robles B-108\u201d, en referencia al dormitorio y la cama que le fueron asignados.<\/p>\n\n\n\n<p>Fuente: https:\/\/www.jornada.com.mx\/notas\/2022\/03\/16\/politica\/grave-el-espionaje-a-gertz-manero-ministro-zaldivar\/<\/p>\n","protected":false},"excerpt":{"rendered":"<p>EDUARDO MURILLO \/ LA JORNADA Ciudad de M\u00e9xico.\u00a0Es extraordinariamente \u201cgrave que se esp\u00ede y se grabe al fiscal General de [&hellip;]<\/p>\n","protected":false},"author":1,"featured_media":23870,"comment_status":"open","ping_status":"open","sticky":false,"template":"","format":"standard","meta":{"site-sidebar-layout":"default","site-content-layout":"","ast-site-content-layout":"default","site-content-style":"default","site-sidebar-style":"default","ast-global-header-display":"","ast-banner-title-visibility":"","ast-main-header-display":"","ast-hfb-above-header-display":"","ast-hfb-below-header-display":"","ast-hfb-mobile-header-display":"","site-post-title":"","ast-breadcrumbs-content":"","ast-featured-img":"","footer-sml-layout":"","theme-transparent-header-meta":"","adv-header-id-meta":"","stick-header-meta":"","header-above-stick-meta":"","header-main-stick-meta":"","header-below-stick-meta":"","astra-migrate-meta-layouts":"default","ast-page-background-enabled":"default","ast-page-background-meta":{"desktop":{"background-color":"var(--ast-global-color-4)","background-image":"","background-repeat":"repeat","background-position":"center center","background-size":"auto","background-attachment":"scroll","background-type":"","background-media":"","overlay-type":"","overlay-color":"","overlay-opacity":"","overlay-gradient":""},"tablet":{"background-color":"","background-image":"","background-repeat":"repeat","background-position":"center center","background-size":"auto","background-attachment":"scroll","background-type":"","background-media":"","overlay-type":"","overlay-color":"","overlay-opacity":"","overlay-gradient":""},"mobile":{"background-color":"","background-image":"","background-repeat":"repeat","background-position":"center center","background-size":"auto","background-attachment":"scroll","background-type":"","background-media":"","overlay-type":"","overlay-color":"","overlay-opacity":"","overlay-gradient":""}},"ast-content-background-meta":{"desktop":{"background-color":"var(--ast-global-color-5)","background-image":"","background-repeat":"repeat","background-position":"center center","background-size":"auto","background-attachment":"scroll","background-type":"","background-media":"","overlay-type":"","overlay-color":"","overlay-opacity":"","overlay-gradient":""},"tablet":{"background-color":"var(--ast-global-color-5)","background-image":"","background-repeat":"repeat","background-position":"center center","background-size":"auto","background-attachment":"scroll","background-type":"","background-media":"","overlay-type":"","overlay-color":"","overlay-opacity":"","overlay-gradient":""},"mobile":{"background-color":"var(--ast-global-color-5)","background-image":"","background-repeat":"repeat","background-position":"center center","background-size":"auto","background-attachment":"scroll","background-type":"","background-media":"","overlay-type":"","overlay-color":"","overlay-opacity":"","overlay-gradient":""}},"footnotes":""},"categories":[8],"tags":[1194,8868],"class_list":["post-23869","post","type-post","status-publish","format-standard","has-post-thumbnail","hentry","category-noticias","tag-arturo-zaldivar","tag-espionaje-gertz-manero"],"_links":{"self":[{"href":"https:\/\/losperiodistas.com.mx\/portal\/wp-json\/wp\/v2\/posts\/23869","targetHints":{"allow":["GET"]}}],"collection":[{"href":"https:\/\/losperiodistas.com.mx\/portal\/wp-json\/wp\/v2\/posts"}],"about":[{"href":"https:\/\/losperiodistas.com.mx\/portal\/wp-json\/wp\/v2\/types\/post"}],"author":[{"embeddable":true,"href":"https:\/\/losperiodistas.com.mx\/portal\/wp-json\/wp\/v2\/users\/1"}],"replies":[{"embeddable":true,"href":"https:\/\/losperiodistas.com.mx\/portal\/wp-json\/wp\/v2\/comments?post=23869"}],"version-history":[{"count":1,"href":"https:\/\/losperiodistas.com.mx\/portal\/wp-json\/wp\/v2\/posts\/23869\/revisions"}],"predecessor-version":[{"id":23871,"href":"https:\/\/losperiodistas.com.mx\/portal\/wp-json\/wp\/v2\/posts\/23869\/revisions\/23871"}],"wp:featuredmedia":[{"embeddable":true,"href":"https:\/\/losperiodistas.com.mx\/portal\/wp-json\/wp\/v2\/media\/23870"}],"wp:attachment":[{"href":"https:\/\/losperiodistas.com.mx\/portal\/wp-json\/wp\/v2\/media?parent=23869"}],"wp:term":[{"taxonomy":"category","embeddable":true,"href":"https:\/\/losperiodistas.com.mx\/portal\/wp-json\/wp\/v2\/categories?post=23869"},{"taxonomy":"post_tag","embeddable":true,"href":"https:\/\/losperiodistas.com.mx\/portal\/wp-json\/wp\/v2\/tags?post=23869"}],"curies":[{"name":"wp","href":"https:\/\/api.w.org\/{rel}","templated":true}]}}