{"id":23866,"date":"2022-03-17T04:49:44","date_gmt":"2022-03-17T10:49:44","guid":{"rendered":"http:\/\/losperiodistas.com.mx\/portal\/?p=23866"},"modified":"2022-03-17T04:49:46","modified_gmt":"2022-03-17T10:49:46","slug":"oposicion-revienta-la-votacion-del-decretazo-el-financiero","status":"publish","type":"post","link":"https:\/\/losperiodistas.com.mx\/portal\/oposicion-revienta-la-votacion-del-decretazo-el-financiero\/","title":{"rendered":"Oposici\u00f3n revienta la votaci\u00f3n del \u2018decretazo\u2019 | El Financiero"},"content":{"rendered":"\n<p class=\"has-medium-font-size\"><em>Citan a sesi\u00f3n hoy a las 10 de la ma\u00f1ana para poder aprobar el dictamen.<\/em><\/p>\n\n\n\n<p><\/p>\n\n\n\n<figure class=\"wp-block-image size-full\"><img fetchpriority=\"high\" decoding=\"async\" width=\"800\" height=\"588\" src=\"https:\/\/losperiodistas.com.mx\/portal\/wp-content\/uploads\/2022\/03\/INCA2M7EBBFDRKKBJRTARMFFPE.jpeg\" alt=\"\" class=\"wp-image-23867\" srcset=\"https:\/\/losperiodistas.com.mx\/portal\/wp-content\/uploads\/2022\/03\/INCA2M7EBBFDRKKBJRTARMFFPE.jpeg 800w, https:\/\/losperiodistas.com.mx\/portal\/wp-content\/uploads\/2022\/03\/INCA2M7EBBFDRKKBJRTARMFFPE-300x221.jpeg 300w, https:\/\/losperiodistas.com.mx\/portal\/wp-content\/uploads\/2022\/03\/INCA2M7EBBFDRKKBJRTARMFFPE-768x564.jpeg 768w\" sizes=\"(max-width: 800px) 100vw, 800px\" \/><figcaption><strong>Sesi\u00f3n Senado\u00a0<\/strong>Ricardo Monreal, l\u00edder de los senadores de Morena\u00a0(Daniel Augusto\/Cuartoscuro)<\/figcaption><\/figure>\n\n\n\n<p><\/p>\n\n\n\n<p class=\"has-vivid-cyan-blue-color has-text-color\" style=\"font-size:26px\">EDUARDO ORTEGA \/ EL FINANCIERO<\/p>\n\n\n\n<p>En el&nbsp;<strong>Senado<\/strong>, el bloque de contenci\u00f3n, conformado por las bancadas de PAN, PRI, PRD, MC y el grupo plural, revent\u00f3 ayer la&nbsp;<strong>sesi\u00f3n&nbsp;<\/strong>del pleno al no votar el&nbsp;<strong>decretazo&nbsp;<\/strong>para que el Ejecutivo, gobernadores y legisladores de&nbsp;<strong>Morena&nbsp;<\/strong>puedan hacer propaganda sin sanciones a favor del presidente Andr\u00e9s Manuel L\u00f3pez Obrador en el proceso de<strong>&nbsp;revocaci\u00f3n de mandato<\/strong>, con lo cual no se reuni\u00f3 el qu\u00f3rum requerido.<\/p>\n\n\n\n<p>Tras siete horas de sesi\u00f3n, se cont\u00f3 el voto de 63 senadores de Morena y sus aliados, pese a que el tablero s\u00f3lo indicaba 62; ante ello, la presidenta de la Mesa Directiva, Olga S\u00e1nchez Cordero, primero cit\u00f3 a una nueva sesi\u00f3n a las siete de la tarde de ayer, con el objetivo de alcanzar el qu\u00f3rum. Al no lograrlo, cit\u00f3 a sesi\u00f3n para este jueves a las 10 de la ma\u00f1ana.<\/p>\n\n\n\n<p>No obstante, los\u00a0<strong>senadores\u00a0<\/strong>de oposici\u00f3n aseguraron que<strong>\u00a0el decretazo viola la Constituci\u00f3n,<\/strong>\u00a0por lo que, de concretarse la aprobaci\u00f3n, acudir\u00e1n a la Suprema Corte de Justicia de la Naci\u00f3n para presentar una acci\u00f3n de inconstitucionalidad; adem\u00e1s, el l\u00edder de los senadores del PRI, Miguel \u00c1ngel Osorio Chong, anticip\u00f3 que su bancada solicitar\u00e1 una suspensi\u00f3n para que el decreto no entre en vigor.<\/p>\n\n\n\n<p><a href=\"https:\/\/www.elfinanciero.com.mx\/nacional\/2022\/03\/16\/lilly-tellez-interrumpe-sesion-en-el-senado-con-presunto-sonido-de-borrego-de-amlo\/\"><\/a><a href=\"https:\/\/www.elfinanciero.com.mx\/nacional\/2022\/03\/16\/lilly-tellez-interrumpe-sesion-en-el-senado-con-presunto-sonido-de-borrego-de-amlo\/\">Lilly T\u00e9llez interrumpe sesi\u00f3n en el Senado con presunto sonido de borrego de AMLO<\/a><\/p>\n\n\n\n<hr class=\"wp-block-separator\"\/>\n\n\n\n<p>En la discusi\u00f3n, el panista Dami\u00e1n Zepeda advirti\u00f3 que la norma de interpretaci\u00f3n no se limita al proceso de&nbsp;<strong>revocaci\u00f3n de mandato<\/strong>, sino tambi\u00e9n aplicar\u00e1 a las seis elecciones de gobernador que se celebrar\u00e1n el 5 de junio en Aguascalientes, Durango, Hidalgo, Oaxaca, Quintana Roo y Tamaulipas.about:blank<\/p>\n\n\n\n<p>\u201cLo que est\u00e1n tratando de hacer es una legislaci\u00f3n para su beneficio personal, para beneficio de quienes flagrantemente han violado la legislaci\u00f3n electoral y sin un tapujo se la han pasado haciendo propaganda en un momento de veda electoral\u201d, solt\u00f3 el emecista Clemente Casta\u00f1eda, mientras que, en otro momento, la panista Lilly T\u00e9llez reprodujo una grabaci\u00f3n del balido de un borrego, ante la irritaci\u00f3n de los morenistas.<\/p>\n\n\n\n<p>El l\u00edder de la bancada de Morena, Ricardo Monreal, asever\u00f3 que \u201ces no responsable irse antes de la\u00a0<strong>sesi\u00f3n<\/strong>\u201d; entre los morenistas que abandonaron la sesi\u00f3n est\u00e1n Eva Galaz, Napole\u00f3n G\u00f3mez Urrutia, Rosa Elena Jim\u00e9nez, Gerardo Novelo, Juan Qui\u00f1\u00f3nez y Nestora Salgado.<\/p>\n\n\n\n<p>Fuente: https:\/\/www.elfinanciero.com.mx\/nacional\/2022\/03\/17\/oposicion-revienta-la-votacion-del-decretazo\/<\/p>\n","protected":false},"excerpt":{"rendered":"<p>Citan a sesi\u00f3n hoy a las 10 de la ma\u00f1ana para poder aprobar el dictamen. EDUARDO ORTEGA \/ EL FINANCIERO [&hellip;]<\/p>\n","protected":false},"author":1,"featured_media":23867,"comment_status":"open","ping_status":"open","sticky":false,"template":"","format":"standard","meta":{"site-sidebar-layout":"default","site-content-layout":"","ast-site-content-layout":"default","site-content-style":"default","site-sidebar-style":"default","ast-global-header-display":"","ast-banner-title-visibility":"","ast-main-header-display":"","ast-hfb-above-header-display":"","ast-hfb-below-header-display":"","ast-hfb-mobile-header-display":"","site-post-title":"","ast-breadcrumbs-content":"","ast-featured-img":"","footer-sml-layout":"","theme-transparent-header-meta":"","adv-header-id-meta":"","stick-header-meta":"","header-above-stick-meta":"","header-main-stick-meta":"","header-below-stick-meta":"","astra-migrate-meta-layouts":"default","ast-page-background-enabled":"default","ast-page-background-meta":{"desktop":{"background-color":"var(--ast-global-color-4)","background-image":"","background-repeat":"repeat","background-position":"center center","background-size":"auto","background-attachment":"scroll","background-type":"","background-media":"","overlay-type":"","overlay-color":"","overlay-opacity":"","overlay-gradient":""},"tablet":{"background-color":"","background-image":"","background-repeat":"repeat","background-position":"center center","background-size":"auto","background-attachment":"scroll","background-type":"","background-media":"","overlay-type":"","overlay-color":"","overlay-opacity":"","overlay-gradient":""},"mobile":{"background-color":"","background-image":"","background-repeat":"repeat","background-position":"center center","background-size":"auto","background-attachment":"scroll","background-type":"","background-media":"","overlay-type":"","overlay-color":"","overlay-opacity":"","overlay-gradient":""}},"ast-content-background-meta":{"desktop":{"background-color":"var(--ast-global-color-5)","background-image":"","background-repeat":"repeat","background-position":"center center","background-size":"auto","background-attachment":"scroll","background-type":"","background-media":"","overlay-type":"","overlay-color":"","overlay-opacity":"","overlay-gradient":""},"tablet":{"background-color":"var(--ast-global-color-5)","background-image":"","background-repeat":"repeat","background-position":"center center","background-size":"auto","background-attachment":"scroll","background-type":"","background-media":"","overlay-type":"","overlay-color":"","overlay-opacity":"","overlay-gradient":""},"mobile":{"background-color":"var(--ast-global-color-5)","background-image":"","background-repeat":"repeat","background-position":"center center","background-size":"auto","background-attachment":"scroll","background-type":"","background-media":"","overlay-type":"","overlay-color":"","overlay-opacity":"","overlay-gradient":""}},"footnotes":""},"categories":[8],"tags":[8250,3354,3614,8867],"class_list":["post-23866","post","type-post","status-publish","format-standard","has-post-thumbnail","hentry","category-noticias","tag-amlo-decretazo","tag-olga-sanchez-cordero","tag-revocacion-de-mandato","tag-senado-bloqueo"],"_links":{"self":[{"href":"https:\/\/losperiodistas.com.mx\/portal\/wp-json\/wp\/v2\/posts\/23866","targetHints":{"allow":["GET"]}}],"collection":[{"href":"https:\/\/losperiodistas.com.mx\/portal\/wp-json\/wp\/v2\/posts"}],"about":[{"href":"https:\/\/losperiodistas.com.mx\/portal\/wp-json\/wp\/v2\/types\/post"}],"author":[{"embeddable":true,"href":"https:\/\/losperiodistas.com.mx\/portal\/wp-json\/wp\/v2\/users\/1"}],"replies":[{"embeddable":true,"href":"https:\/\/losperiodistas.com.mx\/portal\/wp-json\/wp\/v2\/comments?post=23866"}],"version-history":[{"count":1,"href":"https:\/\/losperiodistas.com.mx\/portal\/wp-json\/wp\/v2\/posts\/23866\/revisions"}],"predecessor-version":[{"id":23868,"href":"https:\/\/losperiodistas.com.mx\/portal\/wp-json\/wp\/v2\/posts\/23866\/revisions\/23868"}],"wp:featuredmedia":[{"embeddable":true,"href":"https:\/\/losperiodistas.com.mx\/portal\/wp-json\/wp\/v2\/media\/23867"}],"wp:attachment":[{"href":"https:\/\/losperiodistas.com.mx\/portal\/wp-json\/wp\/v2\/media?parent=23866"}],"wp:term":[{"taxonomy":"category","embeddable":true,"href":"https:\/\/losperiodistas.com.mx\/portal\/wp-json\/wp\/v2\/categories?post=23866"},{"taxonomy":"post_tag","embeddable":true,"href":"https:\/\/losperiodistas.com.mx\/portal\/wp-json\/wp\/v2\/tags?post=23866"}],"curies":[{"name":"wp","href":"https:\/\/api.w.org\/{rel}","templated":true}]}}