{"id":23548,"date":"2022-03-13T11:36:20","date_gmt":"2022-03-13T17:36:20","guid":{"rendered":"http:\/\/losperiodistas.com.mx\/portal\/?p=23548"},"modified":"2022-03-13T11:36:21","modified_gmt":"2022-03-13T17:36:21","slug":"el-24-en-puerta","status":"publish","type":"post","link":"https:\/\/losperiodistas.com.mx\/portal\/el-24-en-puerta\/","title":{"rendered":"El 24 en puerta"},"content":{"rendered":"\n<p><\/p>\n\n\n\n<p class=\"has-medium-font-size\"><em>Alejandro Armenta, Ignacio Mier, Blanca Alcal\u00e1 y Eduardo Rivera en carriles diferentes y objetivos comunes; tres formados en el PRI otro panista original<\/em><\/p>\n\n\n\n<p><\/p>\n\n\n\n<figure class=\"wp-block-embed is-type-video is-provider-youtube wp-block-embed-youtube wp-embed-aspect-16-9 wp-has-aspect-ratio\"><div class=\"wp-block-embed__wrapper\">\n<iframe title=\"El 24 en puerta\" width=\"500\" height=\"281\" src=\"https:\/\/www.youtube.com\/embed\/MezKn25xZWI?feature=oembed\" frameborder=\"0\" allow=\"accelerometer; autoplay; clipboard-write; encrypted-media; gyroscope; picture-in-picture; web-share\" referrerpolicy=\"strict-origin-when-cross-origin\" allowfullscreen><\/iframe>\n<\/div><\/figure>\n\n\n\n<p><\/p>\n\n\n\n<p><\/p>\n\n\n\n<p class=\"has-vivid-cyan-blue-color has-text-color\" style=\"font-size:26px\"><strong><em>Por Jes\u00fas Manuel Hern\u00e1ndez<\/em><\/strong><\/p>\n\n\n\n<p>Todos las apariciones de actores pol\u00edticos conducen a un solo camino: la elecci\u00f3n de 2024. No hablo del orden nacional, en Puebla, las piezas se mueven y cada protagonista va dando luces de sus habilidades, de sus compromisos, de su capital y en el entorno cada uno va recibiendo apoyos, peticiones, planes, ofertas de precampa\u00f1a pues el viejo estilo del tricolor sigue imponi\u00e9ndose incluso en la 4T.<\/p>\n\n\n\n<p>Ser\u00e1 casualidad o m\u00e1s bien coincidencia, pues dos de los actores con m\u00e1s soporte fueron formados en el PRI, en el sistema centralista y presidencial, de ah\u00ed que sus apariciones se acercan mucho al viejo estilo.<\/p>\n\n\n\n<p>Por orden alfab\u00e9tico desfilan:<\/p>\n\n\n\n<p>Alejandro Armenta Mier, senador por Morena, de los \u00faltimos en renunciar al PRI y firmar la adhesi\u00f3n a L\u00f3pez Obrador. Cercano a Ricardo Monreal, presidenciable, con arraigo en el campo.<\/p>\n\n\n\n<p>Armenta viene recibiendo el respaldo, por lo menos en foto, de los pri\u00edstas en desuso, esos que estuvieron cerca del reparto de la riqueza, aunque muchos de esos apoyos se quedaron en el camino.<\/p>\n\n\n\n<p>Quiz\u00e1 el m\u00e1s notable sea el del grupo de Juan Manuel Vega Rayet, pol\u00edtico salpicado de marinismo, melquiadismo, charbelismo y con fuerza en Iz\u00facar de Matamoros, quiz\u00e1 su activo m\u00e1s notable en el momento actual. Su renuncia al PRI fue en agosto de 2020 motivado por la llegada de N\u00e9stor Camarillo a la dirigencia estatal y ajeno a los intereses de Vega Rayet quien arrastr\u00f3 en su salida a Germ\u00e1n Sierra y Adela Cerezo entre otros.<\/p>\n\n\n\n<p>Vega y otros se reunieron recientemente con el senador Armenta, tomaron fotos y mandaron un mensaje: Los expri\u00edstas sumar\u00edan con \u00e9l para el 24; con ello el PRI estatal, cuyo jefe oficial es N\u00e9stor Camarillo, se reduce a los intereses de Jorge Estefan Chidiac, hoy por hoy, el operador m\u00e1s importante de la estrategia de Casa Aguayo.<\/p>\n\n\n\n<p>Armenta tiene en su haber la fortaleza que le da el ser senador, por tanto, tiene carta abierta para hacer reuniones, provocar acercamientos y hasta ahora lo ha hecho sin generar sombras al gobernador.<\/p>\n\n\n\n<p>Armenta tambi\u00e9n ha registrado el acercamiento con las bases originarias de Morena en Puebla, como Claudia Rivera Vivanco, por ejemplo.<\/p>\n\n\n\n<p>Se desprende de los acercamientos que la corriente no tomada en cuenta por Estefan est\u00e1 decidida a llevar a los activos que pueda a las filas de Morena.<\/p>\n\n\n\n<p>En otro carril aparece Ignacio Mier Velazco, a quien muchos identifican con el grupo, si es que queda, de Manuel Bartlett, debido a su cercan\u00eda con el entonces candidato gracias a Matilde del Mar Hidalgo y a su eficiente trabajo como dirigente del PRI. \u201cNacho\u201d como le dicen sus cercanos, es un hombre de poder, tiene posiciones firmes, su hija es legisladora, su hijo presidente municipal de Tecamachalco y es quiz\u00e1 despu\u00e9s de Elizabeth Garc\u00eda Vilchis, el poblano que m\u00e1s ve y habla con el Presidente. Curiosamente Garc\u00eda Vilchis es la suplente en el Congreso de Puebla de Diana Mier Ba\u00f1uelos, la hija de \u201cNacho\u201d.<\/p>\n\n\n\n<p>Mier tambi\u00e9n viene recibiendo apoyos, quiz\u00e1 m\u00e1s discretos, el m\u00e1s notable de Enrique Doger Guerrero, aun militante del PRI, y quiz\u00e1 el poseedor de m\u00e1s capital pol\u00edtico en el tricolor. Doger y su grupo no son bien vistos en Casa Aguayo, una muestra de ello es la cantidad de auditor\u00edas ordenadas en sus empresas.<\/p>\n\n\n\n<p>Mier tiene menos juego para tener reuniones de acercamiento, su chamba es en este momento la Reforma El\u00e9ctrica, y ese es un tema presidencial, si lo consigue, su activo se multiplicar\u00e1.<\/p>\n\n\n\n<p>En el PRI no hay figura central que tenga los \u201ctama\u00f1os\u201d para presentarse por s\u00ed misma en la lista.<\/p>\n\n\n\n<p>B\u00f3rrese a N\u00e9stor Camarillo, a Jorge Estefan Chidiac, quien tendr\u00e1 que resignarse a ser la pieza de uni\u00f3n, de operaci\u00f3n, m\u00e9tase en el juego a Blanca Alcal\u00e1 a quien empiezan a promover sus antiguas huestes, una figura que quiz\u00e1 en lugar de sumar venga a restar a quienes se han quedado en el partido.<\/p>\n\n\n\n<p>\u00bfY en el PAN? Todas las maniobras se ven dirigidas a proteger a Eduardo Rivera P\u00e9rez, quiz\u00e1 el activo m\u00e1s bien terminado del panismo local y con la responsabilidad de hacer un bueno gobierno.<\/p>\n\n\n\n<p>A diferencia de Armenta, de Mier y de Alcal\u00e1, el futuro de \u201cLalo\u201d parece mas definido. Si Armenta no es candidato su carrera podr\u00eda estar en el orden nacional con Monreal si el senador es candidato presidencial.<\/p>\n\n\n\n<p>Si Nacho Mier no es candidato, su futuro estar\u00e1 muy cerca de la decisi\u00f3n presidencial en los siguientes dos a\u00f1os.<\/p>\n\n\n\n<p>Si Alcal\u00e1 no es candidata al gobierno, sus asesores, Charbel y dem\u00e1s, la ubican compitiendo de nuevo por la capital del Estado.<\/p>\n\n\n\n<p>En cambio \u201cLalo\u201d Rivera, si no es candidato al gobierno bien puede ser el aspirante natural al senado o a una diputaci\u00f3n federal o incluso a repetir en la Presidencia Municipal.<\/p>\n\n\n\n<p>O por lo menos, as\u00ed me lo parece.<\/p>\n\n\n\n<p><a href=\"mailto:losperiodistas.com.mx@gmail.com\">losperiodistas.com.mx@gmail.com<\/a><\/p>\n\n\n\n<p><\/p>\n","protected":false},"excerpt":{"rendered":"<p>Alejandro Armenta, Ignacio Mier, Blanca Alcal\u00e1 y Eduardo Rivera en carriles diferentes y objetivos comunes; tres formados en el PRI [&hellip;]<\/p>\n","protected":false},"author":1,"featured_media":23549,"comment_status":"open","ping_status":"open","sticky":false,"template":"","format":"standard","meta":{"site-sidebar-layout":"default","site-content-layout":"","ast-site-content-layout":"default","site-content-style":"default","site-sidebar-style":"default","ast-global-header-display":"","ast-banner-title-visibility":"","ast-main-header-display":"","ast-hfb-above-header-display":"","ast-hfb-below-header-display":"","ast-hfb-mobile-header-display":"","site-post-title":"","ast-breadcrumbs-content":"","ast-featured-img":"","footer-sml-layout":"","theme-transparent-header-meta":"","adv-header-id-meta":"","stick-header-meta":"","header-above-stick-meta":"","header-main-stick-meta":"","header-below-stick-meta":"","astra-migrate-meta-layouts":"default","ast-page-background-enabled":"default","ast-page-background-meta":{"desktop":{"background-color":"var(--ast-global-color-4)","background-image":"","background-repeat":"repeat","background-position":"center center","background-size":"auto","background-attachment":"scroll","background-type":"","background-media":"","overlay-type":"","overlay-color":"","overlay-opacity":"","overlay-gradient":""},"tablet":{"background-color":"","background-image":"","background-repeat":"repeat","background-position":"center center","background-size":"auto","background-attachment":"scroll","background-type":"","background-media":"","overlay-type":"","overlay-color":"","overlay-opacity":"","overlay-gradient":""},"mobile":{"background-color":"","background-image":"","background-repeat":"repeat","background-position":"center center","background-size":"auto","background-attachment":"scroll","background-type":"","background-media":"","overlay-type":"","overlay-color":"","overlay-opacity":"","overlay-gradient":""}},"ast-content-background-meta":{"desktop":{"background-color":"var(--ast-global-color-5)","background-image":"","background-repeat":"repeat","background-position":"center center","background-size":"auto","background-attachment":"scroll","background-type":"","background-media":"","overlay-type":"","overlay-color":"","overlay-opacity":"","overlay-gradient":""},"tablet":{"background-color":"var(--ast-global-color-5)","background-image":"","background-repeat":"repeat","background-position":"center center","background-size":"auto","background-attachment":"scroll","background-type":"","background-media":"","overlay-type":"","overlay-color":"","overlay-opacity":"","overlay-gradient":""},"mobile":{"background-color":"var(--ast-global-color-5)","background-image":"","background-repeat":"repeat","background-position":"center center","background-size":"auto","background-attachment":"scroll","background-type":"","background-media":"","overlay-type":"","overlay-color":"","overlay-opacity":"","overlay-gradient":""}},"footnotes":""},"categories":[8,5],"tags":[3642,8712,2036,8711,3873,8714,247,248,1978],"class_list":["post-23548","post","type-post","status-publish","format-standard","has-post-thumbnail","hentry","category-noticias","category-por-soleares","tag-alejandro-armenta","tag-blanca-alcala","tag-eduardo-rivera-p","tag-elecciones-puebla-2024","tag-ignacio-mier","tag-jorge-estefan-chidac","tag-morena","tag-pan","tag-pri"],"_links":{"self":[{"href":"https:\/\/losperiodistas.com.mx\/portal\/wp-json\/wp\/v2\/posts\/23548","targetHints":{"allow":["GET"]}}],"collection":[{"href":"https:\/\/losperiodistas.com.mx\/portal\/wp-json\/wp\/v2\/posts"}],"about":[{"href":"https:\/\/losperiodistas.com.mx\/portal\/wp-json\/wp\/v2\/types\/post"}],"author":[{"embeddable":true,"href":"https:\/\/losperiodistas.com.mx\/portal\/wp-json\/wp\/v2\/users\/1"}],"replies":[{"embeddable":true,"href":"https:\/\/losperiodistas.com.mx\/portal\/wp-json\/wp\/v2\/comments?post=23548"}],"version-history":[{"count":1,"href":"https:\/\/losperiodistas.com.mx\/portal\/wp-json\/wp\/v2\/posts\/23548\/revisions"}],"predecessor-version":[{"id":23550,"href":"https:\/\/losperiodistas.com.mx\/portal\/wp-json\/wp\/v2\/posts\/23548\/revisions\/23550"}],"wp:featuredmedia":[{"embeddable":true,"href":"https:\/\/losperiodistas.com.mx\/portal\/wp-json\/wp\/v2\/media\/23549"}],"wp:attachment":[{"href":"https:\/\/losperiodistas.com.mx\/portal\/wp-json\/wp\/v2\/media?parent=23548"}],"wp:term":[{"taxonomy":"category","embeddable":true,"href":"https:\/\/losperiodistas.com.mx\/portal\/wp-json\/wp\/v2\/categories?post=23548"},{"taxonomy":"post_tag","embeddable":true,"href":"https:\/\/losperiodistas.com.mx\/portal\/wp-json\/wp\/v2\/tags?post=23548"}],"curies":[{"name":"wp","href":"https:\/\/api.w.org\/{rel}","templated":true}]}}