{"id":2319,"date":"2020-12-14T04:10:51","date_gmt":"2020-12-14T10:10:51","guid":{"rendered":"http:\/\/losperiodistas.com.mx\/portal\/?p=2319"},"modified":"2020-12-14T04:46:16","modified_gmt":"2020-12-14T10:46:16","slug":"medicos-exigen-a-barbosa-cesar-ataques-y-criminalizacion","status":"publish","type":"post","link":"https:\/\/losperiodistas.com.mx\/portal\/medicos-exigen-a-barbosa-cesar-ataques-y-criminalizacion\/","title":{"rendered":"M\u00e9dicos exigen a Barbosa cesar ataques y criminalizaci\u00f3n | E-Consulta"},"content":{"rendered":"\n<p style=\"font-size:18px\"><em>El personal de salud exige mejores hospitales con insumos y personal suficientes<\/em><\/p>\n\n\n\n<p class=\"has-vivid-cyan-blue-color has-text-color has-medium-font-size\">H\u00c9CTOR LLORAME\/ E-CONSULTA<\/p>\n\n\n\n<p><strong>Personal m\u00e9dico<\/strong>&nbsp;se manifest\u00f3 en Puebla con la consigna \u00ab<strong>no somos delincuentes<\/strong>\u00ab, para exigir al gobernador&nbsp;<strong>Miguel Barbosa Huerta<\/strong>&nbsp;que cese las descalificaciones y la criminalizaci\u00f3n del gremio.<\/p>\n\n\n\n<p>Con una marcha y un mitin en el&nbsp;<strong>z\u00f3calo<\/strong>&nbsp;de la ciudad este domingo denunciaron agresiones por parte del mandatario morenista, quien ha culpado de&nbsp;<strong>negligencia<\/strong>&nbsp;a algunos m\u00e9dicos sin una investigaci\u00f3n de por medio.<\/p>\n\n\n\n<p>En lonas y carteles reprocharon que mientras a nivel mundial se reconoce la labor del sector salud en el combate a la pandemia de Covid-19, en Puebla el gobernador los&nbsp;<strong>criminaliza<\/strong>.<\/p>\n\n\n\n<p>\u00abEl actual gobernador del estado, Luis Miguel Barbosa Huerta, constantemente nos inculpa de negligencia m\u00e9dica, e incluso, sin averiguaciones previas ni conocimiento a fondo de los casos, menciona el nombre completo de m\u00e9dicos y pide su&nbsp;<strong>suspensi\u00f3n laboral<\/strong>. Esto da\u00f1a el prestigio de los m\u00e9dicos, adem\u00e1s de generar un ambiente hostil hacia el gremio\u00bb, acusaron en un comunicado.<\/p>\n\n\n\n<p>Esto luego de que el gobernador nombr\u00f3 ante los medios de comunicaci\u00f3n a un m\u00e9dico que presuntamente provoc\u00f3 que una mujer diera a luz afuera del&nbsp;<strong>Hospital de la Mujer<\/strong>, en Tehuac\u00e1n.<\/p>\n\n\n\n<p>Como el titular del Ejecutivo advirti\u00f3&nbsp;<strong>denuncias penales<\/strong>&nbsp;y pidi\u00f3 la suspensi\u00f3n del inculpado, los manifestantes aclararon que los m\u00e9dicos no son precisamente culpables de negligencia, pues en la mayor\u00eda de casos solo acatan \u00f3rdenes.<\/p>\n\n\n\n<p>Enfatizaron que los&nbsp;<strong>hospitales<\/strong>&nbsp;carecen de personal, infraestructura, insumos y equipo suficiente para cumplir la demanda de&nbsp;<strong>servicio de salud.<\/strong><\/p>\n\n\n\n<p>Por ello reprobaron que Barbosa Huerta culpe al&nbsp;<strong>personal<\/strong>&nbsp;de un deficiente servicio, pero no mejora la situaci\u00f3n de las unidades m\u00e9dicas.<\/p>\n\n\n\n<p>\u00abHasta ahora, cuando el gobernador dice que instaurar\u00e1 una pol\u00edtica en los hospitales de humanizaci\u00f3n y de atenci\u00f3n, solo es palabrer\u00eda, demagogia, pues no han movido un solo dedo para que esto se haga realidad\u00bb, denunciaron.<\/p>\n\n\n\n<p>Los inconformes lamentaron tambi\u00e9n que m\u00e1s de tres a\u00f1os despu\u00e9s del sismo de septiembre de 2017 no haya avances en el hospital del&nbsp;<strong>IMSS<\/strong>&nbsp;que sustituir\u00eda al de&nbsp;<strong>San Alejandro<\/strong>.<\/p>\n\n\n\n<p>\u00abLos derechohabientes est\u00e1n siendo atendidos en \u00e1reas improvisadas en otros hospitales; \u00e1reas destinadas para 30 pacientes, est\u00e1n siendo ocupadas por m\u00e1s de 100 pacientes, que tienen que ser atendidos en sillas a\u00fan con el dolor propio de su patolog\u00eda, lo cual nos parece verdaderamente lamentable, inadmisible y reprochable\u00bb, sentenciaron en su manifiesto.<\/p>\n\n\n\n<p>Foto Agencia Enfoque<\/p>\n\n\n\n<p>Fuente: https:\/\/www.e-consulta.com\/nota\/2020-12-13\/salud\/medicos-exigen-barbosa-cesar-ataques-y-criminalizacion<\/p>\n","protected":false},"excerpt":{"rendered":"<p>El personal de salud exige mejores hospitales con insumos y personal suficientes H\u00c9CTOR LLORAME\/ E-CONSULTA Personal m\u00e9dico&nbsp;se manifest\u00f3 en Puebla [&hellip;]<\/p>\n","protected":false},"author":1,"featured_media":2320,"comment_status":"open","ping_status":"open","sticky":false,"template":"","format":"standard","meta":{"site-sidebar-layout":"default","site-content-layout":"","ast-site-content-layout":"default","site-content-style":"default","site-sidebar-style":"default","ast-global-header-display":"","ast-banner-title-visibility":"","ast-main-header-display":"","ast-hfb-above-header-display":"","ast-hfb-below-header-display":"","ast-hfb-mobile-header-display":"","site-post-title":"","ast-breadcrumbs-content":"","ast-featured-img":"","footer-sml-layout":"","theme-transparent-header-meta":"","adv-header-id-meta":"","stick-header-meta":"","header-above-stick-meta":"","header-main-stick-meta":"","header-below-stick-meta":"","astra-migrate-meta-layouts":"default","ast-page-background-enabled":"default","ast-page-background-meta":{"desktop":{"background-color":"var(--ast-global-color-4)","background-image":"","background-repeat":"repeat","background-position":"center center","background-size":"auto","background-attachment":"scroll","background-type":"","background-media":"","overlay-type":"","overlay-color":"","overlay-opacity":"","overlay-gradient":""},"tablet":{"background-color":"","background-image":"","background-repeat":"repeat","background-position":"center center","background-size":"auto","background-attachment":"scroll","background-type":"","background-media":"","overlay-type":"","overlay-color":"","overlay-opacity":"","overlay-gradient":""},"mobile":{"background-color":"","background-image":"","background-repeat":"repeat","background-position":"center center","background-size":"auto","background-attachment":"scroll","background-type":"","background-media":"","overlay-type":"","overlay-color":"","overlay-opacity":"","overlay-gradient":""}},"ast-content-background-meta":{"desktop":{"background-color":"var(--ast-global-color-5)","background-image":"","background-repeat":"repeat","background-position":"center center","background-size":"auto","background-attachment":"scroll","background-type":"","background-media":"","overlay-type":"","overlay-color":"","overlay-opacity":"","overlay-gradient":""},"tablet":{"background-color":"var(--ast-global-color-5)","background-image":"","background-repeat":"repeat","background-position":"center center","background-size":"auto","background-attachment":"scroll","background-type":"","background-media":"","overlay-type":"","overlay-color":"","overlay-opacity":"","overlay-gradient":""},"mobile":{"background-color":"var(--ast-global-color-5)","background-image":"","background-repeat":"repeat","background-position":"center center","background-size":"auto","background-attachment":"scroll","background-type":"","background-media":"","overlay-type":"","overlay-color":"","overlay-opacity":"","overlay-gradient":""}},"footnotes":""},"categories":[8],"tags":[],"class_list":["post-2319","post","type-post","status-publish","format-standard","has-post-thumbnail","hentry","category-noticias"],"_links":{"self":[{"href":"https:\/\/losperiodistas.com.mx\/portal\/wp-json\/wp\/v2\/posts\/2319","targetHints":{"allow":["GET"]}}],"collection":[{"href":"https:\/\/losperiodistas.com.mx\/portal\/wp-json\/wp\/v2\/posts"}],"about":[{"href":"https:\/\/losperiodistas.com.mx\/portal\/wp-json\/wp\/v2\/types\/post"}],"author":[{"embeddable":true,"href":"https:\/\/losperiodistas.com.mx\/portal\/wp-json\/wp\/v2\/users\/1"}],"replies":[{"embeddable":true,"href":"https:\/\/losperiodistas.com.mx\/portal\/wp-json\/wp\/v2\/comments?post=2319"}],"version-history":[{"count":2,"href":"https:\/\/losperiodistas.com.mx\/portal\/wp-json\/wp\/v2\/posts\/2319\/revisions"}],"predecessor-version":[{"id":2330,"href":"https:\/\/losperiodistas.com.mx\/portal\/wp-json\/wp\/v2\/posts\/2319\/revisions\/2330"}],"wp:featuredmedia":[{"embeddable":true,"href":"https:\/\/losperiodistas.com.mx\/portal\/wp-json\/wp\/v2\/media\/2320"}],"wp:attachment":[{"href":"https:\/\/losperiodistas.com.mx\/portal\/wp-json\/wp\/v2\/media?parent=2319"}],"wp:term":[{"taxonomy":"category","embeddable":true,"href":"https:\/\/losperiodistas.com.mx\/portal\/wp-json\/wp\/v2\/categories?post=2319"},{"taxonomy":"post_tag","embeddable":true,"href":"https:\/\/losperiodistas.com.mx\/portal\/wp-json\/wp\/v2\/tags?post=2319"}],"curies":[{"name":"wp","href":"https:\/\/api.w.org\/{rel}","templated":true}]}}