{"id":2310,"date":"2020-12-13T21:22:32","date_gmt":"2020-12-14T03:22:32","guid":{"rendered":"http:\/\/losperiodistas.com.mx\/portal\/?p=2310"},"modified":"2020-12-13T21:22:32","modified_gmt":"2020-12-14T03:22:32","slug":"banxico-reitera-su-colaboracion-con-el-congreso-ante-iniciativa-de-reforma-a-la-ley-forbes","status":"publish","type":"post","link":"https:\/\/losperiodistas.com.mx\/portal\/banxico-reitera-su-colaboracion-con-el-congreso-ante-iniciativa-de-reforma-a-la-ley-forbes\/","title":{"rendered":"Banxico reitera su colaboraci\u00f3n con el Congreso ante iniciativa de reforma a la ley | Forbes"},"content":{"rendered":"\n<p style=\"font-size:18px\"><em>El Banco de M\u00e9xico prometi\u00f3 buscar las mejores alternativas de soluci\u00f3n para atender los objetivos del proyecto de decreto<\/em><\/p>\n\n\n\n<p class=\"has-vivid-cyan-blue-color has-text-color has-medium-font-size\">FORBES STAFF<\/p>\n\n\n\n<p>Banxico reiter\u00f3 su plena disposici\u00f3n para continuar colaborando con el Congreso de la Uni\u00f3n y las dem\u00e1s instancias competentes, ante la iniciativa de ley en materia de captaci\u00f3n de divisas.<\/p>\n\n\n\n<p>\u201cEl Banco de M\u00e9xico acompa\u00f1ar\u00e1 los esfuerzos de la banca mexicana para fortalecer sus relaciones de corresponsal\u00eda con entidades del exterior, en coordinaci\u00f3n con otras autoridades\u201d, comunic\u00f3 Banxico a trav\u00e9s de un comunicado.<\/p>\n\n\n\n<p>El proyecto de reforma a la ley aprobado en el Senado, propone imponer al Banco de M\u00e9xico la obligaci\u00f3n de comprar los billetes y monedas extranjeros captados por la banca que no puedan ser repatriados.\u00a0<\/p>\n\n\n\n<p>El 11 de diciembre pasado el Gobernador del Banco de M\u00e9xico particip\u00f3 en un grupo de trabajo abierto organizado por la Comisi\u00f3n de Hacienda y Cr\u00e9dito P\u00fablico de la C\u00e1mara de Diputados, con el fin de contribuir al an\u00e1lisis del referido proyecto de decreto.<\/p>\n\n\n\n<p>En tanto, Banxico reiter\u00f3 que est\u00e1 comprometido con la b\u00fasqueda de las mejores alternativas de soluci\u00f3n para atender los objetivos del proyecto de decreto.&nbsp;<\/p>\n\n\n\n<p>\u201cEn este esfuerzo, es necesario preservar la autonom\u00eda constitucional del Banco de M\u00e9xico y no poner en riesgo el funcionamiento del sistema financiero, la operaci\u00f3n del Banco Central y la disponibilidad de la reserva de activos internacionales\u201d, concluy\u00f3 Banxico.<\/p>\n\n\n\n<p>Fuente: https:\/\/www.forbes.com.mx\/economia-reforma-ley-banxico-reitera-colaboracion-congreso\/<\/p>\n","protected":false},"excerpt":{"rendered":"<p>El Banco de M\u00e9xico prometi\u00f3 buscar las mejores alternativas de soluci\u00f3n para atender los objetivos del proyecto de decreto FORBES [&hellip;]<\/p>\n","protected":false},"author":1,"featured_media":2311,"comment_status":"open","ping_status":"open","sticky":false,"template":"","format":"standard","meta":{"site-sidebar-layout":"default","site-content-layout":"","ast-site-content-layout":"default","site-content-style":"default","site-sidebar-style":"default","ast-global-header-display":"","ast-banner-title-visibility":"","ast-main-header-display":"","ast-hfb-above-header-display":"","ast-hfb-below-header-display":"","ast-hfb-mobile-header-display":"","site-post-title":"","ast-breadcrumbs-content":"","ast-featured-img":"","footer-sml-layout":"","theme-transparent-header-meta":"","adv-header-id-meta":"","stick-header-meta":"","header-above-stick-meta":"","header-main-stick-meta":"","header-below-stick-meta":"","astra-migrate-meta-layouts":"default","ast-page-background-enabled":"default","ast-page-background-meta":{"desktop":{"background-color":"var(--ast-global-color-4)","background-image":"","background-repeat":"repeat","background-position":"center center","background-size":"auto","background-attachment":"scroll","background-type":"","background-media":"","overlay-type":"","overlay-color":"","overlay-opacity":"","overlay-gradient":""},"tablet":{"background-color":"","background-image":"","background-repeat":"repeat","background-position":"center center","background-size":"auto","background-attachment":"scroll","background-type":"","background-media":"","overlay-type":"","overlay-color":"","overlay-opacity":"","overlay-gradient":""},"mobile":{"background-color":"","background-image":"","background-repeat":"repeat","background-position":"center center","background-size":"auto","background-attachment":"scroll","background-type":"","background-media":"","overlay-type":"","overlay-color":"","overlay-opacity":"","overlay-gradient":""}},"ast-content-background-meta":{"desktop":{"background-color":"var(--ast-global-color-5)","background-image":"","background-repeat":"repeat","background-position":"center center","background-size":"auto","background-attachment":"scroll","background-type":"","background-media":"","overlay-type":"","overlay-color":"","overlay-opacity":"","overlay-gradient":""},"tablet":{"background-color":"var(--ast-global-color-5)","background-image":"","background-repeat":"repeat","background-position":"center center","background-size":"auto","background-attachment":"scroll","background-type":"","background-media":"","overlay-type":"","overlay-color":"","overlay-opacity":"","overlay-gradient":""},"mobile":{"background-color":"var(--ast-global-color-5)","background-image":"","background-repeat":"repeat","background-position":"center center","background-size":"auto","background-attachment":"scroll","background-type":"","background-media":"","overlay-type":"","overlay-color":"","overlay-opacity":"","overlay-gradient":""}},"footnotes":""},"categories":[8],"tags":[],"class_list":["post-2310","post","type-post","status-publish","format-standard","has-post-thumbnail","hentry","category-noticias"],"_links":{"self":[{"href":"https:\/\/losperiodistas.com.mx\/portal\/wp-json\/wp\/v2\/posts\/2310","targetHints":{"allow":["GET"]}}],"collection":[{"href":"https:\/\/losperiodistas.com.mx\/portal\/wp-json\/wp\/v2\/posts"}],"about":[{"href":"https:\/\/losperiodistas.com.mx\/portal\/wp-json\/wp\/v2\/types\/post"}],"author":[{"embeddable":true,"href":"https:\/\/losperiodistas.com.mx\/portal\/wp-json\/wp\/v2\/users\/1"}],"replies":[{"embeddable":true,"href":"https:\/\/losperiodistas.com.mx\/portal\/wp-json\/wp\/v2\/comments?post=2310"}],"version-history":[{"count":1,"href":"https:\/\/losperiodistas.com.mx\/portal\/wp-json\/wp\/v2\/posts\/2310\/revisions"}],"predecessor-version":[{"id":2312,"href":"https:\/\/losperiodistas.com.mx\/portal\/wp-json\/wp\/v2\/posts\/2310\/revisions\/2312"}],"wp:featuredmedia":[{"embeddable":true,"href":"https:\/\/losperiodistas.com.mx\/portal\/wp-json\/wp\/v2\/media\/2311"}],"wp:attachment":[{"href":"https:\/\/losperiodistas.com.mx\/portal\/wp-json\/wp\/v2\/media?parent=2310"}],"wp:term":[{"taxonomy":"category","embeddable":true,"href":"https:\/\/losperiodistas.com.mx\/portal\/wp-json\/wp\/v2\/categories?post=2310"},{"taxonomy":"post_tag","embeddable":true,"href":"https:\/\/losperiodistas.com.mx\/portal\/wp-json\/wp\/v2\/tags?post=2310"}],"curies":[{"name":"wp","href":"https:\/\/api.w.org\/{rel}","templated":true}]}}