{"id":2289,"date":"2020-12-13T10:17:52","date_gmt":"2020-12-13T16:17:52","guid":{"rendered":"http:\/\/losperiodistas.com.mx\/portal\/?p=2289"},"modified":"2020-12-13T10:17:52","modified_gmt":"2020-12-13T16:17:52","slug":"la-leyenda-de-frank-sinatra-mucho-mas-que-la-voz","status":"publish","type":"post","link":"https:\/\/losperiodistas.com.mx\/portal\/la-leyenda-de-frank-sinatra-mucho-mas-que-la-voz\/","title":{"rendered":"La leyenda de Frank Sinatra, mucho m\u00e1s que &#8216;la Voz&#8217;"},"content":{"rendered":"\n<p style=\"font-size:18px\"><em>El d\u00eda en el que Frank Sinatra cumplir\u00eda 105 a\u00f1os, recordamos la figura de &#8216;la Voz&#8217;, una leyenda<\/em><\/p>\n\n\n\n<p class=\"has-vivid-cyan-blue-color has-text-color has-medium-font-size\">CADENA COPE<\/p>\n\n\n\n<p>Han pasado ya 105 a\u00f1os desde que naciera, 80 de su primer n\u00famero uno y 40 de su particular canto de cisne\u00a0<a rel=\"noreferrer noopener\" href=\"https:\/\/es.wikipedia.org\/wiki\/New_York,_New_York\" target=\"_blank\">&#8216;New York, New York&#8217;<\/a>, pero la voz y la figura de\u00a0<a rel=\"noreferrer noopener\" href=\"https:\/\/www.cope.es\/tag\/programas\/musica\/frank-sinatra\" target=\"_blank\">Frank Sinatra<\/a>\u00a0no s\u00f3lo no se han apagado, sino que permanecen como una piedra fundamental de la m\u00fasica y la cultura popular del siglo XX.<\/p>\n\n\n\n<p><strong>Icono y estrella legendaria del\u00a0<a href=\"https:\/\/es.wikipedia.org\/wiki\/Swing_(jazz)\">swing<\/a>\u00a0y del\u00a0<a rel=\"noreferrer noopener\" href=\"https:\/\/es.wikipedia.org\/wiki\/Jazz\" target=\"_blank\">jazz<\/a>, capaz de resistir el impulso del primer\u00a0<a rel=\"noreferrer noopener\" href=\"https:\/\/es.wikipedia.org\/wiki\/Rock\" target=\"_blank\">rock<\/a>\u00a0y hasta de convertirse en un meritorio actor dram\u00e1tico<\/strong>, Sinatra encarna la imagen del sue\u00f1o americano, del talento y la ambici\u00f3n desmesurados, pero tambi\u00e9n del personaje con misterios y sombras a\u00fan por descubrir.https:\/\/www.youtube.com\/embed\/EEjq8ZoyXuQ<\/p>\n\n\n\n<h2 class=\"wp-block-heading\">LA INFANCIA EN HOBOKEN<\/h2>\n\n\n\n<p><strong>Nacido el 12 de diciembre de 1915 en&nbsp;<a href=\"https:\/\/es.wikipedia.org\/wiki\/Hoboken_(Nueva_Jersey)\" target=\"_blank\" rel=\"noreferrer noopener\">Hoboken (New Jersey)<\/a><\/strong>, su i<strong>nfancia estuvo marcada por sus or\u00edgenes italianos, la rigidez de su madre y la pobreza propia de su zona y de la depresi\u00f3n econ\u00f3mica.<\/strong><\/p>\n\n\n\n<p>Y es all\u00ed en su pueblo de nacimiento donde todav\u00eda sigue vivo el recuerdo del&nbsp;<strong>joven&nbsp;<a href=\"https:\/\/es.wikipedia.org\/wiki\/Frank_Sinatra\" target=\"_blank\" rel=\"noreferrer noopener\">\u00abFranky\u00bb<\/a><\/strong>&nbsp;como el del \u00fanico alumno que llegaba a clase en Cadillac durante los a\u00f1os de la Gran Depresi\u00f3n en Estados Unidos.<\/p>\n\n\n\n<p><strong>Hijo de la inmigrante italiana m\u00e1s influyente de la peque\u00f1a localidad con vistas a la imponente isla de Manhattan<\/strong>, a Sinatra le recuerdan como a un ni\u00f1o \u00abmimado\u00bb que se olvid\u00f3 enseguida de sus or\u00edgenes cuando se convirti\u00f3 en la voz m\u00e1s reconocible de todos los tiempos, siempre seg\u00fan los vecinos y expertos con los que habl\u00f3 Efe en las calles que le vieron crecer.<\/p>\n\n\n\n<p>\u00abCada vez quedan naturalmente menos personas en el pueblo que le conocieran personalmente pero el recuerdo que se ha transmitido es el de un chico a cuya familia las cosas no le iban mal, que estaba muy mimado y era el ojito derecho de su madre\u00bb, explica Robert Foster, el director del Hoboken History Museum, que con motivo del centenario dedica a Sinatra una exposici\u00f3n especial.<\/p>\n\n\n\n<p>\u00ab<strong>Los vecinos nunca le perdonaron que se creyera m\u00e1s importante que el propio pueblo.<\/strong>&nbsp;Este es un lugar relativamente peque\u00f1o y es dif\u00edcil digerir que tu vecino sea Sinatra\u00bb, justifica Foster sobre el recuerdo \u00abagridulce\u00bb de los vecinos hacia su gran estrella.<\/p>\n\n\n\n<p>\u00abSi quer\u00eda algo solo ten\u00eda que ped\u00edrselo a su madre, una mujer italiana capaz de conseguir cualquier cosa\u00bb, explica Valery, veterana voluntaria del museo, fuente de conocimiento popular sobre la obra de Sinatra, que explica la importancia en el desarrollo de la personalidad de Frank de su madre.<\/p>\n\n\n\n<figure class=\"wp-block-image\"><img decoding=\"async\" src=\"https:\/\/cope-cdnmed.agilecontent.com\/resources\/jpg\/1\/6\/1526294844161.jpg\" alt=\"Frank Sinatra\" title=\"Frank Sinatra\"\/><figcaption>&nbsp;Frank Sinatra con la discogr\u00e1fica Capitol Records, para la que grabar\u00eda singles como From here to eternity<\/figcaption><\/figure>\n\n\n\n<p><strong>\u00abDolly\u00bb Garaventa, que lleg\u00f3 siendo una ni\u00f1a de un pueblo de G\u00e9nova (Italia) a Nueva Jersey se cas\u00f3 con Marty Sinatra en contra de la voluntad de sus padres<\/strong>&nbsp;y por su fuerte car\u00e1cter y determinaci\u00f3n se convirti\u00f3 en la persona m\u00e1s influyente de la comunidad italiana en Hoboken, donde el gobierno local estaba dominado por los irlandeses en la \u00e9poca.<\/p>\n\n\n\n<p>\u00ab<strong>Enseguida vivi\u00f3 en Manhattan y despu\u00e9s, cuando empez\u00f3 a hacer cine, se march\u00f3 a Los \u00c1ngeles<\/strong>, para volver solo en contadas ocasiones a Hoboken, donde a\u00fan viv\u00edan sus padres\u00bb, explica Lynch.<\/p>\n\n\n\n<p>De la casa donde naci\u00f3 Franky, en la&nbsp;<strong>calle Monroe<\/strong>, ya no queda nada.&nbsp;<strong>Un incendio destruy\u00f3 hace d\u00e9cadas el hogar donde naci\u00f3 y en el solar hay una placa en forma de estrella donde se recuerda que all\u00ed vivi\u00f3 sus primeros 21 a\u00f1os el vecino m\u00e1s famoso del pueblo<\/strong>.<\/p>\n\n\n\n<figure class=\"wp-block-image\"><img decoding=\"async\" src=\"https:\/\/cope-cdnmed.agilecontent.com\/resources\/jpg\/5\/4\/1607760730045.jpg\" alt=\"Museo Frank Sinatra en Hoboken (New Jersey)\" title=\"Museo Frank Sinatra en Hoboken (New Jersey)\"\/><figcaption>Museo Frank Sinatra en Hoboken (New Jersey) (EFE)<\/figcaption><\/figure>\n\n\n\n<h3 class=\"wp-block-heading\">LOS INICIOS DE FRANK SINATRA<\/h3>\n\n\n\n<p>Qued\u00f3&nbsp;<strong>fascinado por las canciones de la radio de&nbsp;<a href=\"https:\/\/es.wikipedia.org\/wiki\/Bing_Crosby\" target=\"_blank\" rel=\"noreferrer noopener\">Bing Crosby<\/a><\/strong>, modelo de referencia para un Sinatra que&nbsp;<strong>se beneficiar\u00eda de los cada vez mejores micr\u00f3fonos para fundar un estilo mil veces copiado<\/strong>: los vocalistas ya no tendr\u00edan que gritar para sobreponerse a las orquestas, sino que podr\u00edan cantar relajados, gust\u00e1ndose, susurrando y hasta saboreando cada nota.<\/p>\n\n\n\n<p>En una entrevista en la revista \u00abLife\u00bb en 1970,<strong>&nbsp;Sinatra cre\u00eda recordar que la primera vez que se subi\u00f3 a un escenario fue a finales de los a\u00f1os 20<\/strong>&nbsp;en un hotel de New Jersey. \u00abProbablemente me pagaron con un par de paquetes de cigarrillos y quiz\u00e1 un s\u00e1ndwich\u00bb, a\u00f1adi\u00f3.<\/p>\n\n\n\n<p>Ya en la d\u00e9cada de los treinta form\u00f3 parte del cuarteto\u00a0<strong>Hoboken Four<\/strong>\u00a0y luego alcanzar\u00eda la popularidad al frente de las orquestas de Harry James y Tommy Dorsey, aunque pronto decidi\u00f3 jug\u00e1rsela por su cuenta.https:\/\/www.youtube.com\/embed\/9pLpzNPiB48<\/p>\n\n\n\n<h3 class=\"wp-block-heading\">FRANK SINATRA: LA VOZ, EL MITO<\/h3>\n\n\n\n<p>\u00abVoy a volar alto. He planeado mi carrera. Desde el primer minuto que me sub\u00ed a un escenario decid\u00ed llegar justo hasta donde estoy, como el chico que empieza siendo un oficinista y tiene la visi\u00f3n de llegar a ocupar la oficina del presidente\u00bb, dijo Sinatra en 1943 seg\u00fan el libro&nbsp;<strong>\u00abFrank: The Making of a Legend\u00bb, de James Kaplan.<\/strong><\/p>\n\n\n\n<figure class=\"wp-block-image\"><img decoding=\"async\" src=\"https:\/\/cope-cdnmed.agilecontent.com\/resources\/jpg\/8\/7\/1491212533078.jpg\" alt=\"Frank Sinatra\" title=\"Frank Sinatra\"\/><figcaption>Frank Sinatra<\/figcaption><\/figure>\n\n\n\n<p>Para entonces la fiebre por Sinatra ya era una realidad, con miles de j\u00f3venes (las bobby-soxers, por sus caracter\u00edsticos calcetines) suspirando por un&nbsp;<strong>magn\u00e9tico vocalista, de irresistible atractivo, voz c\u00e1lida y mirada p\u00edcara.<\/strong>https:\/\/www.youtube.com\/embed\/mQR0bXO_yI8<\/p>\n\n\n\n<p>La era dorada de Sinatra lleg\u00f3 con su \u00e9poca en Columbia y los \u00abdiscos conceptuales\u00bb de los<strong>&nbsp;a\u00f1os 50<\/strong>, \u00e1lbumes como&nbsp;<strong>\u00abIn The Wee Small Hours\u00bb o \u00abSongs For Swingin&#8217; Lovers\u00bb&nbsp;<\/strong>en los que bord\u00f3 su estilo elegante \u00abjazzy\u00bb de seductor y de \u00abbon vivant\u00bb.<\/p>\n\n\n\n<figure class=\"wp-block-image\"><img decoding=\"async\" src=\"https:\/\/cope-cdnmed.agilecontent.com\/resources\/jpg\/9\/5\/1526640369459.jpg\" alt=\"ctv-5w9-frank sinatra fbi\" title=\"ctv-5w9-frank sinatra fbi\"\/><\/figure>\n\n\n\n<p>En ese cambio de registro hacia un Sinatra m\u00e1s maduro, que ya no s\u00f3lo canta al amor feliz sino tambi\u00e9n a la soledad y la melancol\u00eda, tuvo una importancia crucial el cine, ya que tras pasar por comedias como&nbsp;<strong>\u00abAnchors Aweigh\u00bb (1945)&nbsp;<\/strong>dio un sorprendente golpe en la mesa con su papel dram\u00e1tico de&nbsp;<strong>\u00abFrom Here to Eternity\u00bb (1953), que le vali\u00f3 un \u00d3scar.<\/strong>https:\/\/www.youtube.com\/embed\/ZwAERaRUsp0<\/p>\n\n\n\n<p>TE INTERESA<\/p>\n\n\n\n<p><a href=\"https:\/\/www.cope.es\/actualidad\/noticias\/canciones-para-recordar-legado-frank-sinatra-20180514_214471\">Cinco canciones para recordar el legado de Frank Sinatra<\/a><\/p>\n\n\n\n<p>SINATRA, M\u00c1S ALL\u00c1 DE LA M\u00daSICA<\/p>\n\n\n\n<p>Sin embargo, la imagen del canalla incorregible pervivi\u00f3, ya que nunca abandon\u00f3 los vicios y las juergas aventureras, casi siempre acompa\u00f1ado por sus colegas del \u00ab<strong>Rat Pack\u00bb en Las Vegas: Dean Martin, Sammy Davis Jr., Peter Lawford y Joey Bishop<\/strong>.<\/p>\n\n\n\n<p>En el tema<strong>&nbsp;\u00abLove and Marriage\u00bb<\/strong>, Sinatra cantaba que \u00abno se puede tener uno sin el otro\u00bb y en su vida lo aplic\u00f3 con rectitud: hasta cuatro veces se cas\u00f3, sin que eso le privara de tener otras relaciones como con la actriz&nbsp;<strong>Lauren Bacall<\/strong>.<\/p>\n\n\n\n<p><strong>Nancy Barbato, Mia Farrow y B\u00e1rbara Marx<\/strong>, esta \u00faltima su mujer hasta que el cantante muri\u00f3, fueron tres de sus esposas, aunque el m\u00e1s recordado sea su matrimonio con&nbsp;<strong>Ava Gardner&nbsp;<\/strong>con quien tuvo una relaci\u00f3n extrema, volc\u00e1nica y tormentosa.<\/p>\n\n\n\n<p>AUDIOhttps:\/\/imasdk.googleapis.com\/js\/core\/bridge3.431.0_en.html#goog_1312334173<\/p>\n\n\n\n<h3 class=\"wp-block-heading\">El esc\u00e1ndalo de Ava Gardner y Frank Sinatra<\/h3>\n\n\n\n<p>0:00&nbsp;\/&nbsp;14:05<a href=\"https:\/\/cope-cdnmed.agilecontent.com\/resources\/mp3\/1\/3\/1591526937531.mp3?download\"><\/a><\/p>\n\n\n\n<p>Otro punto oscuro de Sinatra es su posible relaci\u00f3n con la mafia, sostenida por su ascendencia italiana, su presencia constante en Las Vegas y su relaci\u00f3n con capos como Lucky Luciano o Sam Giancana, hasta el punto que la investigaci\u00f3n del FBI concret\u00f3 un expediente de 1.275 p\u00e1ginas de investigaci\u00f3n sobre el artista.<\/p>\n\n\n\n<p>Resistente a los inicios del rock, m\u00fasica que despreciaba como apunta el documental de HBO \u00abAll Or Nothing At All\u00bb, Sinatra demostr\u00f3 una longevidad admirable al permanecer durante cuatro d\u00e9cadas en lo m\u00e1s alto de las listas con canciones imperecederas como&nbsp;<strong>\u00abI&#8217;ve Got You Under My Skin\u00bb, \u00abFly Me To The Moon\u00bb o \u00abMy Way\u00bb.<\/strong>https:\/\/www.youtube.com\/embed\/qQzdAsjWGPg<\/p>\n\n\n\n<p>Tras una retirada frustrada en 1971, prolong\u00f3 su carrera hasta su&nbsp;<a href=\"https:\/\/www.cope.es\/programas\/solo-copees\/distrito-cope\/noticias\/frank-sinatra-eterno-recuerdo-20180518_216247\"><strong>muerte en 1998<\/strong><\/a>, el fin de una estrella con alrededor de 1.300 canciones grabadas y cuya vida defini\u00f3 as\u00ed su hijo Frank Sinatra Jr.: \u00abSus imperfecciones eran irritantes, pero fue un artista genuino y su obra perdurar\u00e1 mientras las personas puedan escuchar, reflexionar y sentir\u00bb.<\/p>\n\n\n\n<p>AUDIOhttps:\/\/imasdk.googleapis.com\/js\/core\/bridge3.431.0_en.html#goog_1312334169<\/p>\n\n\n\n<h3 class=\"wp-block-heading\">20 a\u00f1os sin Frank Sinatra<\/h3>\n\n\n\n<p>0:00&nbsp;\/&nbsp;27:53<a href=\"https:\/\/cope-cdnmed.agilecontent.com\/resources\/mp3\/2\/5\/1526637700052.mp3?download\"><\/a><\/p>\n\n\n\n<h4 class=\"wp-block-heading\">LEER M\u00c1S<\/h4>\n\n\n\n<p><a href=\"https:\/\/www.cope.es\/programas\/herrera-en-cope\/la-cancion-del-dia-de-herrera\/noticias\/cancion-dia-herrera-loves-been-good-frank-sinatra-20200616_769699\"><strong>La canci\u00f3n del d\u00eda de Herrera: \u2018Love\u2019s been good to me\u2019 de Frank Sinatra<\/strong><\/a><\/p>\n\n\n\n<p>AUDIOhttps:\/\/imasdk.googleapis.com\/js\/core\/bridge3.431.0_en.html#goog_1312334175<\/p>\n\n\n\n<h3 class=\"wp-block-heading\">La canci\u00f3n del d\u00eda de Herrera: \u2018Love\u2019s been good to me\u2019 de Frank Sinatra<\/h3>\n\n\n\n<p>0:00&nbsp;\/&nbsp;3:40<a href=\"https:\/\/cope-cdnmed.agilecontent.com\/resources\/mp3\/9\/2\/1592287694029.mp3?download\"><\/a><\/p>\n\n\n\n<p><a href=\"https:\/\/www.cope.es\/programas\/herrera-en-cope\/la-cancion-del-dia-de-herrera\/noticias\/cancion-dia-herrera-strangers-the-night-frank-sinatra-20200311_642826\"><strong>La canci\u00f3n del d\u00eda de Herrera: \u2018Strangers in the night\u2019 de Frank Sinatra<\/strong><\/a><\/p>\n\n\n\n<p>AUDIOhttps:\/\/imasdk.googleapis.com\/js\/core\/bridge3.431.0_en.html#goog_1312334167<\/p>\n\n\n\n<h3 class=\"wp-block-heading\">La canci\u00f3n del d\u00eda de Herrera: \u2018Strangers in the night\u2019 de Frank Sinatra<\/h3>\n\n\n\n<p>0:00&nbsp;\/&nbsp;3:25<a href=\"https:\/\/cope-cdnmed.agilecontent.com\/resources\/mp3\/8\/4\/1583914586548.mp3?download\"><\/a><\/p>\n\n\n\n<p><a href=\"https:\/\/www.cope.es\/programas\/herrera-en-cope\/la-cancion-del-dia-de-herrera\/noticias\/cancion-dia-herrera-fly-the-moon-frank-sinatra-20200505_705946\">La canci\u00f3n del d\u00eda de Herrera: \u2018Fly me to the Moon\u2019 de Frank Sinatra<\/a><\/p>\n\n\n\n<p>AUDIOhttps:\/\/imasdk.googleapis.com\/js\/core\/bridge3.431.0_en.html#goog_1312334171<\/p>\n\n\n\n<h3 class=\"wp-block-heading\">La canci\u00f3n del d\u00eda de Herrera: \u2018Fly me to the Moon\u2019 de Frank Sinatra<\/h3>\n\n\n\n<p>0:00&nbsp;\/&nbsp;3:27<a href=\"https:\/\/cope-cdnmed.agilecontent.com\/resources\/mp3\/8\/2\/1588657283828.mp3?download\"><\/a><\/p>\n\n\n\n<p><a href=\"https:\/\/www.cope.es\/programas\/herrera-en-cope\/la-cancion-del-dia-de-herrera\/noticias\/cancion-del-dia-herrera-20200924_909425\"><strong>La canci\u00f3n del d\u00eda de Herrera: &#8216;Smething stupid&#8217; de The Mavericks<\/strong><\/a><\/p>\n\n\n\n<p>Fuente: https:\/\/www.cope.es\/actualidad\/cultura\/noticias\/leyenda-frank-sinatra-mucho-mas-voz-20201212_1042171<\/p>\n","protected":false},"excerpt":{"rendered":"<p>El d\u00eda en el que Frank Sinatra cumplir\u00eda 105 a\u00f1os, recordamos la figura de &#8216;la Voz&#8217;, una leyenda CADENA COPE [&hellip;]<\/p>\n","protected":false},"author":1,"featured_media":2290,"comment_status":"open","ping_status":"open","sticky":false,"template":"","format":"standard","meta":{"site-sidebar-layout":"default","site-content-layout":"","ast-site-content-layout":"default","site-content-style":"default","site-sidebar-style":"default","ast-global-header-display":"","ast-banner-title-visibility":"","ast-main-header-display":"","ast-hfb-above-header-display":"","ast-hfb-below-header-display":"","ast-hfb-mobile-header-display":"","site-post-title":"","ast-breadcrumbs-content":"","ast-featured-img":"","footer-sml-layout":"","theme-transparent-header-meta":"","adv-header-id-meta":"","stick-header-meta":"","header-above-stick-meta":"","header-main-stick-meta":"","header-below-stick-meta":"","astra-migrate-meta-layouts":"default","ast-page-background-enabled":"default","ast-page-background-meta":{"desktop":{"background-color":"var(--ast-global-color-4)","background-image":"","background-repeat":"repeat","background-position":"center center","background-size":"auto","background-attachment":"scroll","background-type":"","background-media":"","overlay-type":"","overlay-color":"","overlay-opacity":"","overlay-gradient":""},"tablet":{"background-color":"","background-image":"","background-repeat":"repeat","background-position":"center center","background-size":"auto","background-attachment":"scroll","background-type":"","background-media":"","overlay-type":"","overlay-color":"","overlay-opacity":"","overlay-gradient":""},"mobile":{"background-color":"","background-image":"","background-repeat":"repeat","background-position":"center center","background-size":"auto","background-attachment":"scroll","background-type":"","background-media":"","overlay-type":"","overlay-color":"","overlay-opacity":"","overlay-gradient":""}},"ast-content-background-meta":{"desktop":{"background-color":"var(--ast-global-color-5)","background-image":"","background-repeat":"repeat","background-position":"center center","background-size":"auto","background-attachment":"scroll","background-type":"","background-media":"","overlay-type":"","overlay-color":"","overlay-opacity":"","overlay-gradient":""},"tablet":{"background-color":"var(--ast-global-color-5)","background-image":"","background-repeat":"repeat","background-position":"center center","background-size":"auto","background-attachment":"scroll","background-type":"","background-media":"","overlay-type":"","overlay-color":"","overlay-opacity":"","overlay-gradient":""},"mobile":{"background-color":"var(--ast-global-color-5)","background-image":"","background-repeat":"repeat","background-position":"center center","background-size":"auto","background-attachment":"scroll","background-type":"","background-media":"","overlay-type":"","overlay-color":"","overlay-opacity":"","overlay-gradient":""}},"footnotes":""},"categories":[8],"tags":[],"class_list":["post-2289","post","type-post","status-publish","format-standard","has-post-thumbnail","hentry","category-noticias"],"_links":{"self":[{"href":"https:\/\/losperiodistas.com.mx\/portal\/wp-json\/wp\/v2\/posts\/2289","targetHints":{"allow":["GET"]}}],"collection":[{"href":"https:\/\/losperiodistas.com.mx\/portal\/wp-json\/wp\/v2\/posts"}],"about":[{"href":"https:\/\/losperiodistas.com.mx\/portal\/wp-json\/wp\/v2\/types\/post"}],"author":[{"embeddable":true,"href":"https:\/\/losperiodistas.com.mx\/portal\/wp-json\/wp\/v2\/users\/1"}],"replies":[{"embeddable":true,"href":"https:\/\/losperiodistas.com.mx\/portal\/wp-json\/wp\/v2\/comments?post=2289"}],"version-history":[{"count":1,"href":"https:\/\/losperiodistas.com.mx\/portal\/wp-json\/wp\/v2\/posts\/2289\/revisions"}],"predecessor-version":[{"id":2291,"href":"https:\/\/losperiodistas.com.mx\/portal\/wp-json\/wp\/v2\/posts\/2289\/revisions\/2291"}],"wp:featuredmedia":[{"embeddable":true,"href":"https:\/\/losperiodistas.com.mx\/portal\/wp-json\/wp\/v2\/media\/2290"}],"wp:attachment":[{"href":"https:\/\/losperiodistas.com.mx\/portal\/wp-json\/wp\/v2\/media?parent=2289"}],"wp:term":[{"taxonomy":"category","embeddable":true,"href":"https:\/\/losperiodistas.com.mx\/portal\/wp-json\/wp\/v2\/categories?post=2289"},{"taxonomy":"post_tag","embeddable":true,"href":"https:\/\/losperiodistas.com.mx\/portal\/wp-json\/wp\/v2\/tags?post=2289"}],"curies":[{"name":"wp","href":"https:\/\/api.w.org\/{rel}","templated":true}]}}