{"id":22870,"date":"2022-03-04T06:48:12","date_gmt":"2022-03-04T12:48:12","guid":{"rendered":"http:\/\/losperiodistas.com.mx\/portal\/?p=22870"},"modified":"2022-03-04T06:54:43","modified_gmt":"2022-03-04T12:54:43","slug":"eduardo-rivera-proyecta-inversiones-por-mas-de-dos-mil-456-mdp-intolerancia-diario","status":"publish","type":"post","link":"https:\/\/losperiodistas.com.mx\/portal\/eduardo-rivera-proyecta-inversiones-por-mas-de-dos-mil-456-mdp-intolerancia-diario\/","title":{"rendered":"Eduardo Rivera proyecta inversiones por m\u00e1s de dos mil 456 mdp | Intolerancia Diario"},"content":{"rendered":"\n<p><em>El alcalde aclar\u00f3 que los gobiernos no generan empleo, pero s\u00ed los empresarios y los trabajadores qui\u00e9nes generan riqueza y es con el sector empresarial con quien se deber\u00e1 refrendar la a<\/em>lianza.<\/p>\n\n\n\n<figure class=\"wp-block-image size-full\"><img fetchpriority=\"high\" decoding=\"async\" width=\"900\" height=\"600\" src=\"https:\/\/losperiodistas.com.mx\/portal\/wp-content\/uploads\/2022\/03\/eduardo-rivera-502599-1646370408872.jpg\" alt=\"\" class=\"wp-image-22874\" srcset=\"https:\/\/losperiodistas.com.mx\/portal\/wp-content\/uploads\/2022\/03\/eduardo-rivera-502599-1646370408872.jpg 900w, https:\/\/losperiodistas.com.mx\/portal\/wp-content\/uploads\/2022\/03\/eduardo-rivera-502599-1646370408872-300x200.jpg 300w, https:\/\/losperiodistas.com.mx\/portal\/wp-content\/uploads\/2022\/03\/eduardo-rivera-502599-1646370408872-768x512.jpg 768w\" sizes=\"(max-width: 900px) 100vw, 900px\" \/><figcaption>Agencia Enfoque<\/figcaption><\/figure>\n\n\n\n<p class=\"has-vivid-cyan-blue-color has-text-color\" style=\"font-size:26px\">JOS\u00c9 ANTONIO MACHADO \/ INTOLERANCIA DIARIO<\/p>\n\n\n\n<p>Al&nbsp;<strong>recordar la cr\u00edtica situaci\u00f3n<\/strong>&nbsp;que vive el&nbsp;<strong>pa\u00eds&nbsp;<\/strong>en&nbsp;<strong>inseguridad p\u00fablica&nbsp;<\/strong>que&nbsp;<strong>no excluye a Puebla, el alcalde Eduardo Rivera P\u00e9rez<\/strong>&nbsp;advirti\u00f3 que el&nbsp;<strong>panorama&nbsp;<\/strong>se matiza por una&nbsp;<strong>necesidad<\/strong>&nbsp;imperante de la&nbsp;<strong>reactivaci\u00f3n econ\u00f3mica<\/strong>, que se superar\u00e1 con&nbsp;<strong>trabajo&nbsp;<\/strong>conjunto entre las&nbsp;<strong>tres instancias gubernamentales<\/strong>&nbsp;y el apoyo del&nbsp;<strong>sector empresarial<\/strong>.<\/p>\n\n\n\n<p>Durante la&nbsp;toma de protesta del&nbsp;<strong>Consejo Directivo 2022-2024<\/strong>&nbsp;de la&nbsp;<strong>Canadevi<\/strong>, el&nbsp;<strong>alcalde&nbsp;<\/strong>subray\u00f3 que no hay nada mejor que&nbsp;<strong>trabajar&nbsp;<\/strong>en&nbsp;<strong>equipo&nbsp;<\/strong>y ser<strong>&nbsp;uno solo peleando sobre la obtenci\u00f3n&nbsp;<\/strong>de un&nbsp;<strong>objetivo<\/strong>, adem\u00e1s de buscar&nbsp;<strong>metas comunes&nbsp;<\/strong>y por eso desde que inici\u00f3 la&nbsp;<strong>administraci\u00f3n municipal&nbsp;<\/strong>su&nbsp;<strong>empe\u00f1o&nbsp;<\/strong>es lograr la&nbsp;<strong>coordinaci\u00f3n&nbsp;<\/strong>fehaciente de las<strong>&nbsp;tres instancias gubernamentales<\/strong>&nbsp;y en todos los sectores de la&nbsp;<strong>comunidad<\/strong>.<\/p>\n\n\n\n<p><strong>Valor\u00f3&nbsp;<\/strong>que su&nbsp;<strong>gobierno<\/strong>&nbsp;est\u00e1&nbsp; generando esa confianza como confirma la proyecci\u00f3n municipal para pr\u00f3ximos meses de atraer inversiones por m\u00e1s de&nbsp;<strong>dos mil 456 millones de pesos<\/strong>&nbsp;con cadenas de empresas importantes como&nbsp;<strong>Walmart<\/strong>,&nbsp;<strong>Seven Eleven<\/strong>&nbsp;y se proyecta generar m\u00e1s de&nbsp;<strong>nueve mil empleos&nbsp;<\/strong>en el municipio.<\/p>\n\n\n\n<p>\u00abEn este caso la&nbsp;<strong>delegaci\u00f3n&nbsp;<\/strong>del&nbsp;<strong>Infonavit<\/strong>, por supuesto la del gobernador del estado (<strong>Luis Miguel Barbosa Huerta<\/strong>) de&nbsp;<strong>Ana Luc\u00eda Hill, quien es una gran aliada<\/strong>; nuestra<strong>&nbsp;secretaria&nbsp;de Medio Ambiente, Beatriz Manrique Guevara<\/strong>&nbsp;con quien hemos&nbsp;<strong>firmado convenios&nbsp;<\/strong>importantes para lograr lo necesario en&nbsp;<strong>reactivaci\u00f3n econ\u00f3mica&nbsp;<\/strong>en&nbsp;<strong>Puebla capital<\/strong>\u00ab.<\/p>\n\n\n\n<p>Adem\u00e1s valor\u00f3 la&nbsp;<strong>construcci\u00f3n de viviendas con el programa<\/strong>&nbsp;de&nbsp;<strong>redensificaci\u00f3n&nbsp;<\/strong>de<strong>&nbsp;tres anillos de la Angel\u00f3polis<\/strong>.<\/p>\n\n\n\n<p>\u00abLa&nbsp;<strong>edificaci\u00f3n&nbsp;<\/strong>tambi\u00e9n como se ha dicho es un c\u00edrculo virtuoso, hay una gran<strong>&nbsp;derrama econ\u00f3mica&nbsp;<\/strong>que estoy convencido desde siempre que he participado de la pol\u00edtica que el&nbsp;<strong>gobierno&nbsp;<\/strong>m\u00e1s eficiente es el que menos tiempo le quita sus&nbsp;<strong>empresarios<\/strong>, el que menos tiempo le quita sus&nbsp;<strong>ciudadanos<\/strong>, nosotros como gobierno estamos para facilitarles la vida y el trabajo a los&nbsp;<strong>empresarios<\/strong>; eso es importante, debemos ser&nbsp;<strong>facilitadores&nbsp;<\/strong>y debemos estar&nbsp;<strong>empe\u00f1ados&nbsp;<\/strong>para que la&nbsp;<strong>reactivaci\u00f3n econ\u00f3mica<\/strong>&nbsp;comprenda puntualmente que es con la compa\u00f1\u00eda del&nbsp;<strong>sector empresarial<\/strong>\u00ab.<\/p>\n\n\n\n<p>Bajo esa perspectiva aclar\u00f3 que los<strong>&nbsp;gobiernos no generan empleo<\/strong>, pero s\u00ed los&nbsp;<strong>empresarios&nbsp;<\/strong>y los&nbsp;<strong>trabajadores&nbsp;<\/strong>qui\u00e9nes generan&nbsp;<strong>riqueza&nbsp;<\/strong>y es con el sector&nbsp;<strong>empresarial&nbsp;<\/strong>con quien se deber\u00e1&nbsp;<strong>refrendar&nbsp;<\/strong>la alianza en el proyecto de<strong>&nbsp;repoblar el coraz\u00f3n de Puebla<\/strong>.<\/p>\n\n\n\n<p>Reiter\u00f3 que las bondades de este convenio de generar m\u00e1s de<strong>&nbsp;cuatro mil viviendas, crear\u00e1n m\u00e1s de 30 mil empleos<\/strong>&nbsp;con una&nbsp;<strong>inversi\u00f3n&nbsp;<\/strong>de&nbsp;<strong>4 mil millones de pesos<\/strong>.<\/p>\n\n\n\n<p>Acentu\u00f3 estar tan convencido en la&nbsp;<strong>necesidad de la reactivaci\u00f3n econ\u00f3mica y facilitarle las cosas<\/strong>&nbsp;al&nbsp;<strong>empresario&nbsp;<\/strong>que en&nbsp;<strong>Puebla&nbsp;<\/strong>abrir un&nbsp;<strong>negocio en un local de 100 metros cuadrados<\/strong>&nbsp;que est\u00e9 dentro de la&nbsp;<strong>carta urbana<\/strong>, que&nbsp;<strong>no venda alcohol, se puede abrir y<\/strong>&nbsp;cuenta con&nbsp;<strong>90 d\u00edas para realizar<\/strong>&nbsp;sus&nbsp;<strong>tr\u00e1mites<\/strong>.<\/p>\n\n\n\n<p>\u00abEs una&nbsp;<strong>apertura la palabra, entra uno a la p\u00e1gina de internet<\/strong>&nbsp;del&nbsp;<strong>gobierno&nbsp;<\/strong>de la&nbsp;<strong>ciudad<\/strong>, se le notifica,&nbsp;<strong>se le entrega un c\u00f3digo QR y hasta el d\u00eda de hoy en menos de ocho semanas&nbsp;<\/strong>se tiene la apertura de m\u00e1s de<strong>&nbsp;90 negocios que han generado m\u00e1s de 250 empleos<\/strong>\u00ab.<\/p>\n\n\n\n<p><strong>Rivera P\u00e9rez aplaudi\u00f3<\/strong>&nbsp;que de<strong>&nbsp;octubre del 2021 enero del 2022 llegaron a Puebla 657 mil turistas<\/strong>, el&nbsp;<strong>sector cerr\u00f3 con un 50 por ciento de ocupaci\u00f3n hotelera,<\/strong>&nbsp;pero esperan llegar al&nbsp;<strong>80 por ciento este fin de semana<\/strong>.<\/p>\n\n\n\n<p>Fuente: https:\/\/intoleranciadiario.com\/articles\/ciudad\/2022\/03\/03\/992653-eduardo-rivera-proyecta-inversiones-por-mas-de-dos-mil-456-mdp.html<\/p>\n","protected":false},"excerpt":{"rendered":"<p>El alcalde aclar\u00f3 que los gobiernos no generan empleo, pero s\u00ed los empresarios y los trabajadores qui\u00e9nes generan riqueza y [&hellip;]<\/p>\n","protected":false},"author":1,"featured_media":22871,"comment_status":"open","ping_status":"open","sticky":false,"template":"","format":"standard","meta":{"site-sidebar-layout":"default","site-content-layout":"","ast-site-content-layout":"default","site-content-style":"default","site-sidebar-style":"default","ast-global-header-display":"","ast-banner-title-visibility":"","ast-main-header-display":"","ast-hfb-above-header-display":"","ast-hfb-below-header-display":"","ast-hfb-mobile-header-display":"","site-post-title":"","ast-breadcrumbs-content":"","ast-featured-img":"","footer-sml-layout":"","theme-transparent-header-meta":"","adv-header-id-meta":"","stick-header-meta":"","header-above-stick-meta":"","header-main-stick-meta":"","header-below-stick-meta":"","astra-migrate-meta-layouts":"default","ast-page-background-enabled":"default","ast-page-background-meta":{"desktop":{"background-color":"var(--ast-global-color-4)","background-image":"","background-repeat":"repeat","background-position":"center center","background-size":"auto","background-attachment":"scroll","background-type":"","background-media":"","overlay-type":"","overlay-color":"","overlay-opacity":"","overlay-gradient":""},"tablet":{"background-color":"","background-image":"","background-repeat":"repeat","background-position":"center center","background-size":"auto","background-attachment":"scroll","background-type":"","background-media":"","overlay-type":"","overlay-color":"","overlay-opacity":"","overlay-gradient":""},"mobile":{"background-color":"","background-image":"","background-repeat":"repeat","background-position":"center center","background-size":"auto","background-attachment":"scroll","background-type":"","background-media":"","overlay-type":"","overlay-color":"","overlay-opacity":"","overlay-gradient":""}},"ast-content-background-meta":{"desktop":{"background-color":"var(--ast-global-color-5)","background-image":"","background-repeat":"repeat","background-position":"center center","background-size":"auto","background-attachment":"scroll","background-type":"","background-media":"","overlay-type":"","overlay-color":"","overlay-opacity":"","overlay-gradient":""},"tablet":{"background-color":"var(--ast-global-color-5)","background-image":"","background-repeat":"repeat","background-position":"center center","background-size":"auto","background-attachment":"scroll","background-type":"","background-media":"","overlay-type":"","overlay-color":"","overlay-opacity":"","overlay-gradient":""},"mobile":{"background-color":"var(--ast-global-color-5)","background-image":"","background-repeat":"repeat","background-position":"center center","background-size":"auto","background-attachment":"scroll","background-type":"","background-media":"","overlay-type":"","overlay-color":"","overlay-opacity":"","overlay-gradient":""}},"footnotes":""},"categories":[8],"tags":[7279,8381,2036,8382],"class_list":["post-22870","post","type-post","status-publish","format-standard","has-post-thumbnail","hentry","category-noticias","tag-contigoyconrumbo","tag-canadevi-puebla","tag-eduardo-rivera-p","tag-ractividad-economica-puebla"],"_links":{"self":[{"href":"https:\/\/losperiodistas.com.mx\/portal\/wp-json\/wp\/v2\/posts\/22870","targetHints":{"allow":["GET"]}}],"collection":[{"href":"https:\/\/losperiodistas.com.mx\/portal\/wp-json\/wp\/v2\/posts"}],"about":[{"href":"https:\/\/losperiodistas.com.mx\/portal\/wp-json\/wp\/v2\/types\/post"}],"author":[{"embeddable":true,"href":"https:\/\/losperiodistas.com.mx\/portal\/wp-json\/wp\/v2\/users\/1"}],"replies":[{"embeddable":true,"href":"https:\/\/losperiodistas.com.mx\/portal\/wp-json\/wp\/v2\/comments?post=22870"}],"version-history":[{"count":2,"href":"https:\/\/losperiodistas.com.mx\/portal\/wp-json\/wp\/v2\/posts\/22870\/revisions"}],"predecessor-version":[{"id":22875,"href":"https:\/\/losperiodistas.com.mx\/portal\/wp-json\/wp\/v2\/posts\/22870\/revisions\/22875"}],"wp:featuredmedia":[{"embeddable":true,"href":"https:\/\/losperiodistas.com.mx\/portal\/wp-json\/wp\/v2\/media\/22871"}],"wp:attachment":[{"href":"https:\/\/losperiodistas.com.mx\/portal\/wp-json\/wp\/v2\/media?parent=22870"}],"wp:term":[{"taxonomy":"category","embeddable":true,"href":"https:\/\/losperiodistas.com.mx\/portal\/wp-json\/wp\/v2\/categories?post=22870"},{"taxonomy":"post_tag","embeddable":true,"href":"https:\/\/losperiodistas.com.mx\/portal\/wp-json\/wp\/v2\/tags?post=22870"}],"curies":[{"name":"wp","href":"https:\/\/api.w.org\/{rel}","templated":true}]}}