{"id":22867,"date":"2022-03-04T06:42:45","date_gmt":"2022-03-04T12:42:45","guid":{"rendered":"http:\/\/losperiodistas.com.mx\/portal\/?p=22867"},"modified":"2022-03-04T06:42:46","modified_gmt":"2022-03-04T12:42:46","slug":"ordena-scjn-a-puebla-reconocer-el-derecho-al-cambio-de-genero-de-menores-trans-ljo","status":"publish","type":"post","link":"https:\/\/losperiodistas.com.mx\/portal\/ordena-scjn-a-puebla-reconocer-el-derecho-al-cambio-de-genero-de-menores-trans-ljo\/","title":{"rendered":"Ordena SCJN a Puebla reconocer el derecho al cambio de g\u00e9nero de menores trans | LJO"},"content":{"rendered":"\n<figure class=\"wp-block-embed is-type-video is-provider-youtube wp-block-embed-youtube wp-embed-aspect-16-9 wp-has-aspect-ratio\"><div class=\"wp-block-embed__wrapper\">\n<iframe title=\"SCJN declara inconstitucional reforma de Congreso de Puebla que desconoce derecho de infancias trans\" width=\"500\" height=\"281\" src=\"https:\/\/www.youtube.com\/embed\/Rl8im0IJ7mE?feature=oembed\" frameborder=\"0\" allow=\"accelerometer; autoplay; clipboard-write; encrypted-media; gyroscope; picture-in-picture; web-share\" referrerpolicy=\"strict-origin-when-cross-origin\" allowfullscreen><\/iframe>\n<\/div><\/figure>\n\n\n\n<p><\/p>\n\n\n\n<p class=\"has-vivid-cyan-blue-color has-text-color\" style=\"font-size:26px\">M\u00d3NICA CAMACHO \/ LA JORNADA DE ORIENTE<\/p>\n\n\n\n<p>La Suprema Corte de Justicia de la Naci\u00f3n (SCJN) declar\u00f3 inconstitucional una reforma del&nbsp;<a href=\"https:\/\/twitter.com\/CongresoPue\" target=\"_blank\" rel=\"noreferrer noopener\">Congreso de Puebla<\/a>&nbsp;que vet\u00f3 a los menores trans del derecho a que se reconozca su identidad de g\u00e9nero autopercibida, por lo que deber\u00e1 corregir el C\u00f3digo Civil del estado a fin de que se les garantice la expedici\u00f3n de una nueva acta de nacimiento.&nbsp;<\/p>\n\n\n\n<p>La decisi\u00f3n se tom\u00f3\u00a0<a href=\"https:\/\/www.lajornadadeoriente.com.mx\/puebla\/scjn-definira-menores-de-edad-elegir-identidad-genero\/\" target=\"_blank\" rel=\"noreferrer noopener\">por unanimidad de votos<\/a>\u00a0de los ministros, quienes acordaron suspender la sesi\u00f3n y retomarla el pr\u00f3ximo lunes, a fin de establecer los alcances que tendr\u00e1 la sentencia.<\/p>\n\n\n\n<p>El presidente de&nbsp;<a href=\"https:\/\/twitter.com\/SCJN\" target=\"_blank\" rel=\"noreferrer noopener\">la SCJN<\/a>, Arturo Zald\u00edvar Lelo de Larrea, adelant\u00f3 que los efectos de la resoluci\u00f3n ser\u00e1n \u201ctan relevantes\u201d como el fallo mismo y con \u00e9ste se busca contrarrestar \u201cla violencia, invalidaci\u00f3n y segregaci\u00f3n sist\u00e9mica que enfrentan (las personas trans) en todos los \u00e1mbitos de su vida por ser ellas y ellos mismos\u201d.<\/p>\n\n\n\n<h2 class=\"wp-block-heading\">Negar derechos a personas trans es negar la realidad: Aguilar<\/h2>\n\n\n\n<p>El m\u00e1ximo tribunal de justicia de M\u00e9xico invalid\u00f3 la fracci\u00f3n II del art\u00edculo 875 Ter del C\u00f3digo Civil de Puebla, por establecer como requisito para solicitar la expedici\u00f3n de una nueva acta de nacimiento acorde con la identidad de g\u00e9nero autopercibida, el tener 18 a\u00f1os de edad cumplidos.<\/p>\n\n\n\n<p><strong>Los 11 ministros coincidieron en que el Congreso local vulner\u00f3 con esa medida el derecho de ni\u00f1as, ni\u00f1os y adolescentes al libre desarrollo de la personalidad<\/strong>, por lo que de mantenerse perpetuar\u00eda la discriminaci\u00f3n de la que son v\u00edctimas.<\/p>\n\n\n\n<p>Uno de los pronunciamientos m\u00e1s contundentes lo emiti\u00f3 el ministro Luis Mar\u00eda Aguilar Morales, quien se\u00f1al\u00f3 que la restricci\u00f3n con motivo de la edad impuesta por el legislador poblano termina por desconocer a los menores como titulares de derecho.<\/p>\n\n\n\n<blockquote class=\"wp-block-quote is-layout-flow wp-block-quote-is-layout-flow\"><p>\u201cAsumir de manera inflexible que a partir de los 18 a\u00f1os una persona puede tener la posibilidad de armonizar la informaci\u00f3n que da cuenta de su identidad con los documentos personales, como el acta de nacimiento, con el g\u00e9nero autopercibido, ser\u00eda negar la realidad que viven ni\u00f1as, ni\u00f1os y adolescentes trans e ignorar su autonom\u00eda progresiva\u201d, critic\u00f3.<\/p><\/blockquote>\n\n\n\n<p>Agreg\u00f3 que se trata de un \u201cderecho fundamental\u201d que al ser negado genera \u201cconsecuencias deplorables\u201d.<\/p>\n\n\n\n<h2 class=\"wp-block-heading\">El cambio se debe permitir a los mayores de 12 a\u00f1os<\/h2>\n\n\n\n<p>La ministra Yasm\u00edn Esquivel Mossa, cuya ponencia tuvo a cargo la elaboraci\u00f3n de la sentencia aprobada, dio al Congreso de Puebla cinco ejemplos de ordenamientos locales a los que se puede ce\u00f1ir para corregir la inconstitucionalidad de la reforma que aprob\u00f3 en febrero de 2021.<\/p>\n\n\n\n<p>Precis\u00f3 que se trata de los c\u00f3digos civiles de Jalisco, Oaxaca, Cuidad de M\u00e9xico, Morelos y Sinaloa, los cuales incluyen un proceso administrativo que permite a los mayores de 12 a\u00f1os modificar la identidad de g\u00e9nero en su acta de nacimiento, previa autorizaci\u00f3n escrita del padre, madre o tutor.<\/p>\n\n\n\n<p>En tanto, la ministra Loretta Ortiz Ahlf ilustr\u00f3 que en pa\u00edses como Argentina, Islandia y Suecia el cambio de g\u00e9nero es posible para los menores incluso cuando sus representantes legales nieguen el consentimiento, ya que la ley les da la opci\u00f3n de solicitarlo por la v\u00eda judicial bajo la asesor\u00eda de expertos.<\/p>\n\n\n\n<p>La invalidez de la restricci\u00f3n de edad fue posible por una acci\u00f3n de inconstitucionalidad que promovi\u00f3 la Comisi\u00f3n Nacional de Derechos Humanos (CNDH), identificada con la clave 73\/2021, la cual ha ganado m\u00faltiples litigios contra el Congreso poblano ante la SCJN.<\/p>\n\n\n\n<p>Fuente: https:\/\/www.lajornadadeoriente.com.mx\/puebla\/scjn-derecho-al-cambio-de-genero-infancias-trans\/<\/p>\n","protected":false},"excerpt":{"rendered":"<p>M\u00d3NICA CAMACHO \/ LA JORNADA DE ORIENTE La Suprema Corte de Justicia de la Naci\u00f3n (SCJN) declar\u00f3 inconstitucional una reforma [&hellip;]<\/p>\n","protected":false},"author":1,"featured_media":22868,"comment_status":"open","ping_status":"open","sticky":false,"template":"","format":"standard","meta":{"site-sidebar-layout":"default","site-content-layout":"","ast-site-content-layout":"default","site-content-style":"default","site-sidebar-style":"default","ast-global-header-display":"","ast-banner-title-visibility":"","ast-main-header-display":"","ast-hfb-above-header-display":"","ast-hfb-below-header-display":"","ast-hfb-mobile-header-display":"","site-post-title":"","ast-breadcrumbs-content":"","ast-featured-img":"","footer-sml-layout":"","theme-transparent-header-meta":"","adv-header-id-meta":"","stick-header-meta":"","header-above-stick-meta":"","header-main-stick-meta":"","header-below-stick-meta":"","astra-migrate-meta-layouts":"default","ast-page-background-enabled":"default","ast-page-background-meta":{"desktop":{"background-color":"var(--ast-global-color-4)","background-image":"","background-repeat":"repeat","background-position":"center center","background-size":"auto","background-attachment":"scroll","background-type":"","background-media":"","overlay-type":"","overlay-color":"","overlay-opacity":"","overlay-gradient":""},"tablet":{"background-color":"","background-image":"","background-repeat":"repeat","background-position":"center center","background-size":"auto","background-attachment":"scroll","background-type":"","background-media":"","overlay-type":"","overlay-color":"","overlay-opacity":"","overlay-gradient":""},"mobile":{"background-color":"","background-image":"","background-repeat":"repeat","background-position":"center center","background-size":"auto","background-attachment":"scroll","background-type":"","background-media":"","overlay-type":"","overlay-color":"","overlay-opacity":"","overlay-gradient":""}},"ast-content-background-meta":{"desktop":{"background-color":"var(--ast-global-color-5)","background-image":"","background-repeat":"repeat","background-position":"center center","background-size":"auto","background-attachment":"scroll","background-type":"","background-media":"","overlay-type":"","overlay-color":"","overlay-opacity":"","overlay-gradient":""},"tablet":{"background-color":"var(--ast-global-color-5)","background-image":"","background-repeat":"repeat","background-position":"center center","background-size":"auto","background-attachment":"scroll","background-type":"","background-media":"","overlay-type":"","overlay-color":"","overlay-opacity":"","overlay-gradient":""},"mobile":{"background-color":"var(--ast-global-color-5)","background-image":"","background-repeat":"repeat","background-position":"center center","background-size":"auto","background-attachment":"scroll","background-type":"","background-media":"","overlay-type":"","overlay-color":"","overlay-opacity":"","overlay-gradient":""}},"footnotes":""},"categories":[8],"tags":[8378,8380,8379,1136],"class_list":["post-22867","post","type-post","status-publish","format-standard","has-post-thumbnail","hentry","category-noticias","tag-codigo-civil-puebla","tag-modificar-identidad-de-genero","tag-personas-trans","tag-scjn"],"_links":{"self":[{"href":"https:\/\/losperiodistas.com.mx\/portal\/wp-json\/wp\/v2\/posts\/22867","targetHints":{"allow":["GET"]}}],"collection":[{"href":"https:\/\/losperiodistas.com.mx\/portal\/wp-json\/wp\/v2\/posts"}],"about":[{"href":"https:\/\/losperiodistas.com.mx\/portal\/wp-json\/wp\/v2\/types\/post"}],"author":[{"embeddable":true,"href":"https:\/\/losperiodistas.com.mx\/portal\/wp-json\/wp\/v2\/users\/1"}],"replies":[{"embeddable":true,"href":"https:\/\/losperiodistas.com.mx\/portal\/wp-json\/wp\/v2\/comments?post=22867"}],"version-history":[{"count":1,"href":"https:\/\/losperiodistas.com.mx\/portal\/wp-json\/wp\/v2\/posts\/22867\/revisions"}],"predecessor-version":[{"id":22869,"href":"https:\/\/losperiodistas.com.mx\/portal\/wp-json\/wp\/v2\/posts\/22867\/revisions\/22869"}],"wp:featuredmedia":[{"embeddable":true,"href":"https:\/\/losperiodistas.com.mx\/portal\/wp-json\/wp\/v2\/media\/22868"}],"wp:attachment":[{"href":"https:\/\/losperiodistas.com.mx\/portal\/wp-json\/wp\/v2\/media?parent=22867"}],"wp:term":[{"taxonomy":"category","embeddable":true,"href":"https:\/\/losperiodistas.com.mx\/portal\/wp-json\/wp\/v2\/categories?post=22867"},{"taxonomy":"post_tag","embeddable":true,"href":"https:\/\/losperiodistas.com.mx\/portal\/wp-json\/wp\/v2\/tags?post=22867"}],"curies":[{"name":"wp","href":"https:\/\/api.w.org\/{rel}","templated":true}]}}