{"id":22864,"date":"2022-03-04T06:28:38","date_gmt":"2022-03-04T12:28:38","guid":{"rendered":"http:\/\/losperiodistas.com.mx\/portal\/?p=22864"},"modified":"2022-03-04T06:28:40","modified_gmt":"2022-03-04T12:28:40","slug":"en-privado-comision-de-control-inicia-proceso-para-remover-a-auditor-angulo-7","status":"publish","type":"post","link":"https:\/\/losperiodistas.com.mx\/portal\/en-privado-comision-de-control-inicia-proceso-para-remover-a-auditor-angulo-7\/","title":{"rendered":"En privado, Comisi\u00f3n de Control inicia proceso para remover a auditor\u00a0| \u00c1ngulo 7"},"content":{"rendered":"\n<div class=\"wp-block-image\"><figure class=\"aligncenter size-full\"><img fetchpriority=\"high\" decoding=\"async\" width=\"620\" height=\"330\" src=\"https:\/\/losperiodistas.com.mx\/portal\/wp-content\/uploads\/2022\/03\/congreso-puebla-sesionar-vi\u0301a-electro\u0301nica.jpeg\" alt=\"\" class=\"wp-image-22865\" srcset=\"https:\/\/losperiodistas.com.mx\/portal\/wp-content\/uploads\/2022\/03\/congreso-puebla-sesionar-vi\u0301a-electro\u0301nica.jpeg 620w, https:\/\/losperiodistas.com.mx\/portal\/wp-content\/uploads\/2022\/03\/congreso-puebla-sesionar-vi\u0301a-electro\u0301nica-300x160.jpeg 300w\" sizes=\"(max-width: 620px) 100vw, 620px\" \/><figcaption>Especial<\/figcaption><\/figure><\/div>\n\n\n\n<p><\/p>\n\n\n\n<p class=\"has-vivid-cyan-blue-color has-text-color\" style=\"font-size:26px\">EDGAR GUZM\u00c1N URIBE \/ \u00c1NGULO 7<\/p>\n\n\n\n<p>En privado, la Comisi\u00f3n de Control, Vigilancia y Evaluaci\u00f3n de la&nbsp;<strong>Auditor\u00eda Superior del Estado<\/strong>&nbsp;inici\u00f3 el procedimiento para la remoci\u00f3n de Francisco N como auditor del estado, tras ser detenido por enriquecimiento il\u00edcito.<\/p>\n\n\n\n<p>Luego de que el pleno del&nbsp;<strong>Congreso<\/strong>&nbsp;aval\u00f3 el acuerdo de inicio, etapas y desahogo del procedimiento, dicha \u00f3rgano legislativo se dio cita despu\u00e9s de las 17:30 horas, lo cual fue transmitido v\u00eda remota.<\/p>\n\n\n\n<p>Sin embargo, s\u00f3lo se ley\u00f3 el orden del d\u00eda y se dio aviso de que la&nbsp;<strong>reuni\u00f3n ser\u00eda privada.<\/strong><\/p>\n\n\n\n<p>De acuerdo con&nbsp;<a href=\"https:\/\/www.angulo7.com.mx\/2022\/03\/01\/congreso-analiza-peticion-de-destituir-a-auditor-cespedes\/\" target=\"_blank\" rel=\"noreferrer noopener\"><strong>Laura Ivonne Zapata Mart\u00ednez<\/strong>,<\/a>&nbsp;integrante de la Mesa Directiva, en primera instancia, el Congreso deber\u00e1 Francisco \u201cN\u201d del proceso que se iniciar\u00e1 para que \u00e9ste, en un plazo de tres d\u00edas h\u00e1biles improrrogables, para que presente por escrito los alegatos que considere pertinentes en su defensa.<\/p>\n\n\n\n<p>En caso de que no lo haga, se entender\u00e1 por\u00a0<strong>precluido<\/strong>\u00a0su derecho y una vencido el plazo, cuyo proceso estar\u00e1 a cargo de la Comisi\u00f3n de Control, Vigilancia y Evaluaci\u00f3n de la ASE y \u00e9sta es la que determinar\u00e1 los elementos necesarios para la remoci\u00f3n, si es que as\u00ed se considera.<\/p>\n\n\n\n<p>Fue el 25 de febrero cuando el auditor fue detenido en su domicilio del\u00a0<a href=\"https:\/\/www.angulo7.com.mx\/2022\/02\/25\/detienen-al-titular-de-la-ase-suspendido\/\" target=\"_blank\" rel=\"noreferrer noopener\">fraccionamiento La Vista<\/a>\u00a0por presunto enriquecimiento il\u00edcito.<\/p>\n\n\n\n<p>Fuente: https:\/\/www.angulo7.com.mx\/2022\/03\/03\/en-privado-comision-inicia-proceso-para-remover-a-auditor\/<\/p>\n","protected":false},"excerpt":{"rendered":"<p>EDGAR GUZM\u00c1N URIBE \/ \u00c1NGULO 7 En privado, la Comisi\u00f3n de Control, Vigilancia y Evaluaci\u00f3n de la&nbsp;Auditor\u00eda Superior del Estado&nbsp;inici\u00f3 [&hellip;]<\/p>\n","protected":false},"author":1,"featured_media":22865,"comment_status":"open","ping_status":"open","sticky":false,"template":"","format":"standard","meta":{"site-sidebar-layout":"default","site-content-layout":"","ast-site-content-layout":"default","site-content-style":"default","site-sidebar-style":"default","ast-global-header-display":"","ast-banner-title-visibility":"","ast-main-header-display":"","ast-hfb-above-header-display":"","ast-hfb-below-header-display":"","ast-hfb-mobile-header-display":"","site-post-title":"","ast-breadcrumbs-content":"","ast-featured-img":"","footer-sml-layout":"","theme-transparent-header-meta":"","adv-header-id-meta":"","stick-header-meta":"","header-above-stick-meta":"","header-main-stick-meta":"","header-below-stick-meta":"","astra-migrate-meta-layouts":"default","ast-page-background-enabled":"default","ast-page-background-meta":{"desktop":{"background-color":"var(--ast-global-color-4)","background-image":"","background-repeat":"repeat","background-position":"center center","background-size":"auto","background-attachment":"scroll","background-type":"","background-media":"","overlay-type":"","overlay-color":"","overlay-opacity":"","overlay-gradient":""},"tablet":{"background-color":"","background-image":"","background-repeat":"repeat","background-position":"center center","background-size":"auto","background-attachment":"scroll","background-type":"","background-media":"","overlay-type":"","overlay-color":"","overlay-opacity":"","overlay-gradient":""},"mobile":{"background-color":"","background-image":"","background-repeat":"repeat","background-position":"center center","background-size":"auto","background-attachment":"scroll","background-type":"","background-media":"","overlay-type":"","overlay-color":"","overlay-opacity":"","overlay-gradient":""}},"ast-content-background-meta":{"desktop":{"background-color":"var(--ast-global-color-5)","background-image":"","background-repeat":"repeat","background-position":"center center","background-size":"auto","background-attachment":"scroll","background-type":"","background-media":"","overlay-type":"","overlay-color":"","overlay-opacity":"","overlay-gradient":""},"tablet":{"background-color":"var(--ast-global-color-5)","background-image":"","background-repeat":"repeat","background-position":"center center","background-size":"auto","background-attachment":"scroll","background-type":"","background-media":"","overlay-type":"","overlay-color":"","overlay-opacity":"","overlay-gradient":""},"mobile":{"background-color":"var(--ast-global-color-5)","background-image":"","background-repeat":"repeat","background-position":"center center","background-size":"auto","background-attachment":"scroll","background-type":"","background-media":"","overlay-type":"","overlay-color":"","overlay-opacity":"","overlay-gradient":""}},"footnotes":""},"categories":[8],"tags":[8377,3078],"class_list":["post-22864","post","type-post","status-publish","format-standard","has-post-thumbnail","hentry","category-noticias","tag-auditoria-superior-del-estado-de-uebla","tag-francisco-romero-serrano"],"_links":{"self":[{"href":"https:\/\/losperiodistas.com.mx\/portal\/wp-json\/wp\/v2\/posts\/22864","targetHints":{"allow":["GET"]}}],"collection":[{"href":"https:\/\/losperiodistas.com.mx\/portal\/wp-json\/wp\/v2\/posts"}],"about":[{"href":"https:\/\/losperiodistas.com.mx\/portal\/wp-json\/wp\/v2\/types\/post"}],"author":[{"embeddable":true,"href":"https:\/\/losperiodistas.com.mx\/portal\/wp-json\/wp\/v2\/users\/1"}],"replies":[{"embeddable":true,"href":"https:\/\/losperiodistas.com.mx\/portal\/wp-json\/wp\/v2\/comments?post=22864"}],"version-history":[{"count":1,"href":"https:\/\/losperiodistas.com.mx\/portal\/wp-json\/wp\/v2\/posts\/22864\/revisions"}],"predecessor-version":[{"id":22866,"href":"https:\/\/losperiodistas.com.mx\/portal\/wp-json\/wp\/v2\/posts\/22864\/revisions\/22866"}],"wp:featuredmedia":[{"embeddable":true,"href":"https:\/\/losperiodistas.com.mx\/portal\/wp-json\/wp\/v2\/media\/22865"}],"wp:attachment":[{"href":"https:\/\/losperiodistas.com.mx\/portal\/wp-json\/wp\/v2\/media?parent=22864"}],"wp:term":[{"taxonomy":"category","embeddable":true,"href":"https:\/\/losperiodistas.com.mx\/portal\/wp-json\/wp\/v2\/categories?post=22864"},{"taxonomy":"post_tag","embeddable":true,"href":"https:\/\/losperiodistas.com.mx\/portal\/wp-json\/wp\/v2\/tags?post=22864"}],"curies":[{"name":"wp","href":"https:\/\/api.w.org\/{rel}","templated":true}]}}